{"id":11107,"date":"2025-05-07T10:00:09","date_gmt":"2025-05-07T13:00:09","guid":{"rendered":"https:\/\/www.lojadocentro.com.br\/moveis\/?p=11107"},"modified":"2026-08-04T17:09:12","modified_gmt":"2026-08-04T20:09:12","slug":"mesa-para-escritorio-reta-bea","status":"publish","type":"post","link":"https:\/\/lojadocentro.com.br\/moveis\/mesas-para-escritorio\/mesas-basicas\/mesa-para-escritorio-reta-bea\/","title":{"rendered":"Mesa para Escrit\u00f3rio Reta BEA"},"content":{"rendered":"<h2>Mesa para Escrit\u00f3rio Retangular em estilo industrial, contempor\u00e2neo<\/h2>\n<p>A Mesa para Escrit\u00f3rio Reta, retangular, em estilo industrial, <span style=\"font-size: 16px;\">\u00e9 indicada para posi\u00e7\u00f5es de trabalho em geral e salas de treinamento. A espessura dos tampos pode ser de 18mm ou de 25mm e est\u00e1 dispon\u00edvel em v\u00e1rias cores!<\/span><\/p>\n<p><!--more--><\/p>\n<p>A linha de mesas de escrit\u00f3rio com estrutura tubular de a\u00e7o, com pintura eletrost\u00e1tica \u00e9 extremamente vers\u00e1til para v\u00e1rios estilos de ambientes de trabalho.<\/p>\n<h3>Qual a diferen\u00e7a desta Mesa de Escrit\u00f3rio Reta BEA para a chamada mesa plataforma?<\/h3>\n<p>As duas s\u00e3o mesas para escrit\u00f3rio de estilo contempor\u00e2neo industrial, cleans, muito vers\u00e1teis e que podem ser utilizada em v\u00e1rios departamentos de sua empresa e tamb\u00e9m em salas de treinamento.<\/p>\n<p><strong>A maior diferen\u00e7a \u00e9 que esta \u00e9 uma mesa de trabalho individual<\/strong>. A mesa plataforma tem m\u00f3dulos individuais, duplos, simples com v\u00e1rios lugares. Forma como que uma &#8220;espinha de mesas&#8221;.<\/p>\n<p>A estrutura tubular de ambas as mesas tem medidas ligeiramente diferentes. Mas a mesa plataforma individual \u00e9 bastante semelhante a esta.<\/p>\n<p>Temos as medidas padronizadas mas fazemos tamb\u00e9m em medidas especiais. Inclusive mesas altas (com 1,10 de altura, para banquetas altas, por exemplo).<\/p>\n<h3>Principais caracter\u00edsticas:<\/h3>\n<ul>\n<li>Mesas individuais retangulares &#8211; v\u00e1rias medidas, inclusive especiais<\/li>\n<li>Tampos de 18mm ou 25mm em v\u00e1rias cores lisas e amadeiradas<\/li>\n<li>Estrutura de a\u00e7o com pintura eletrost\u00e1tica nas cores: alum\u00ednio, grafite, preto, branco, cristal, argila<\/li>\n<li>Tem mesas altas de 1,10 de altura para banquetas altas<\/li>\n<li>Tem mesa de reuni\u00e3o especial nesta linha tamb\u00e9m<\/li>\n<li>Pode ter caixas de conectividade &#8211; s\u00e3o opcionais \u00e0 parte<\/li>\n<\/ul>\n<h3>Acabamentos:<\/h3>\n<ul>\n<li>Cores lisas para o tampo: branco, preto, argila, cristal (cinza platina)<\/li>\n<li>Cores amadeiradas para o tampo: carvalho prata, carvalho hanover, carvalho munique, gianduia, carvalho avel\u00e3, freij\u00f3, entre outras.<\/li>\n<li>Cores especiais para o tampo (no mesmo valor das cores amadeiradas): grafite e preto<\/li>\n<li>Cores para a estrutura: alum\u00ednio, grafite, preto, branco, argila e cinza cristal<\/li>\n<\/ul>\n<p>Conhe\u00e7a algumas das <a href=\"https:\/\/lojadocentro.com.br\/moveis\/cadeiras-e-poltronas-para-escritorio\/cadeira-para-computador\/\">cadeiras de escrit\u00f3rio ergon\u00f4micas<\/a> que podem combinar com a <strong>mesa para escrit\u00f3rio reta retangular<\/strong> Bea: a<br \/>\ncadeira para computador, a\u00a0cadeira presidente, ou a\u00a0cadeira diretor. Ou <a href=\"https:\/\/www.lojadocentro.com.br\/moveis\/cadeira-empilhavel\/\">cadeiras empilh\u00e1veis<\/a> para ambientes de treinamento.<\/p>\n<p>Ligue j\u00e1 para o PABX 11 3242-3536 para encomendar a sua nas medidas e cores desejadas!!!<br \/>\n<a href=\"https:\/\/lojadocentro.com.br\/moveis\/contato\/\">Email de contato<\/a>: site@lojadocentro.com.br<\/p>\n<div><strong>PABX Televendas 11 3242-3536<\/strong><\/div>\n<div><strong>WhatsApp Televendas 11 98426-0592<\/strong><\/div>\n<div><strong>WhatsApp Televendas 11 97673-1274<\/strong><\/div>\n<div><strong>WhatsApp Projetos: 11 95841-2166<\/strong><\/div>\n<p>&nbsp;<\/p>\n<p>Abaixo, voc\u00ea v\u00ea o mesmo modelo, utilizado em lay-outs para salas de treinamento e reuni\u00f5es:<\/p>\n<p><a href=\"https:\/\/www.lojadocentro.com.br\/moveis\/wp-content\/uploads\/\/mesa-para-treinamento-71.jpg\"><img fetchpriority=\"high\" decoding=\"async\" class=\"alignnone wp-image-11109 size-medium\" src=\"https:\/\/www.lojadocentro.com.br\/moveis\/wp-content\/uploads\/\/mesa-para-treinamento-71-300x225.jpg\" alt=\"Mesa Escrit\u00f3rio Retangular\" width=\"300\" height=\"225\" \/><\/a>\u00a0 \u00a0 \u00a0 \u00a0<a href=\"https:\/\/www.lojadocentro.com.br\/moveis\/wp-content\/uploads\/\/mesa-para-treinamento-81.jpg\"><img decoding=\"async\" class=\"alignnone wp-image-11110 size-medium\" src=\"https:\/\/www.lojadocentro.com.br\/moveis\/wp-content\/uploads\/\/mesa-para-treinamento-81-300x225.jpg\" alt=\"Mesa de Escrit\u00f3rio Retangular\" width=\"300\" height=\"225\" \/><\/a><\/p>\n<p><a href=\"https:\/\/www.lojadocentro.com.br\/moveis\/wp-content\/uploads\/\/mesa-para-treinamento-91.jpg\"><img decoding=\"async\" class=\"alignnone wp-image-11111 size-medium\" src=\"https:\/\/www.lojadocentro.com.br\/moveis\/wp-content\/uploads\/\/mesa-para-treinamento-91-300x225.jpg\" alt=\"Mesa para Escrit\u00f3rio Retangular\" width=\"300\" height=\"225\" \/><\/a><\/p>\n<p>&nbsp;<\/p>\n","protected":false},"excerpt":{"rendered":"<p>Mesa para Escrit\u00f3rio Retangular em estilo industrial, contempor\u00e2neo A Mesa para Escrit\u00f3rio Reta, retangular, em estilo industrial, \u00e9 indicada para posi\u00e7\u00f5es de trabalho em geral e salas de treinamento. A espessura dos tampos pode ser de 18mm ou de 25mm e est\u00e1 dispon\u00edvel em v\u00e1rias cores!<\/p>\n","protected":false},"author":2,"featured_media":12745,"comment_status":"open","ping_status":"open","sticky":false,"template":"","format":"standard","meta":{"_exactmetrics_skip_tracking":false,"site-sidebar-layout":"default","site-content-layout":"","ast-site-content-layout":"default","site-content-style":"default","site-sidebar-style":"default","ast-global-header-display":"","ast-banner-title-visibility":"","ast-main-header-display":"","ast-hfb-above-header-display":"","ast-hfb-below-header-display":"","ast-hfb-mobile-header-display":"","site-post-title":"","ast-breadcrumbs-content":"","ast-featured-img":"","footer-sml-layout":"","theme-transparent-header-meta":"default","adv-header-id-meta":"","stick-header-meta":"default","header-above-stick-meta":"","header-main-stick-meta":"","header-below-stick-meta":"","astra-migrate-meta-layouts":"set","ast-page-background-enabled":"default","ast-page-background-meta":{"desktop":{"background-color":"var(--ast-global-color-4)","background-image":"","background-repeat":"repeat","background-position":"center center","background-size":"auto","background-attachment":"scroll","background-type":"","background-media":"","overlay-type":"","overlay-color":"","overlay-opacity":"","overlay-gradient":""},"tablet":{"background-color":"","background-image":"","background-repeat":"repeat","background-position":"center center","background-size":"auto","background-attachment":"scroll","background-type":"","background-media":"","overlay-type":"","overlay-color":"","overlay-opacity":"","overlay-gradient":""},"mobile":{"background-color":"","background-image":"","background-repeat":"repeat","background-position":"center center","background-size":"auto","background-attachment":"scroll","background-type":"","background-media":"","overlay-type":"","overlay-color":"","overlay-opacity":"","overlay-gradient":""}},"ast-content-background-meta":{"desktop":{"background-color":"var(--ast-global-color-5)","background-image":"","background-repeat":"repeat","background-position":"center center","background-size":"auto","background-attachment":"scroll","background-type":"","background-media":"","overlay-type":"","overlay-color":"","overlay-opacity":"","overlay-gradient":""},"tablet":{"background-color":"var(--ast-global-color-5)","background-image":"","background-repeat":"repeat","background-position":"center center","background-size":"auto","background-attachment":"scroll","background-type":"","background-media":"","overlay-type":"","overlay-color":"","overlay-opacity":"","overlay-gradient":""},"mobile":{"background-color":"var(--ast-global-color-5)","background-image":"","background-repeat":"repeat","background-position":"center center","background-size":"auto","background-attachment":"scroll","background-type":"","background-media":"","overlay-type":"","overlay-color":"","overlay-opacity":"","overlay-gradient":""}},"footnotes":""},"categories":[130,132,133,86],"tags":[310,308,362,348,360,370,307],"segmentos":[266,267,269],"class_list":["post-11107","post","type-post","status-publish","format-standard","has-post-thumbnail","hentry","category-home-office","category-mesa-para-computador-em-mdf","category-mesas-basicas","category-moveis-para-informatica-e-home-office","tag-basica","tag-clean","tag-cores-amadeiradas","tag-design-contemporaneo","tag-otimo-custo-beneficio","tag-varias-medidas","tag-versatil","segmentos-moveis-para-consultorios","segmentos-moveis-para-coworking","segmentos-moveis-para-treinamento"],"yoast_head":"<!-- This site is optimized with the Yoast SEO plugin v28.2 - https:\/\/yoast.com\/product\/yoast-seo-wordpress\/ -->\n<title>Mesa Para Escrit\u00f3rio Reta | Mesas de Escrit\u00f3rio | Loja do Centro |<\/title>\n<meta name=\"description\" content=\"Mesa para Escrit\u00f3rio Reta, retangular, estilo industrial, clean. Aceita tamb\u00e9m medidas especiais. V\u00e1rias cores, acabamentos e medidas!\" \/>\n<meta name=\"robots\" content=\"index, follow, max-snippet:-1, max-image-preview:large, max-video-preview:-1\" \/>\n<link rel=\"canonical\" href=\"https:\/\/lojadocentro.com.br\/moveis\/mesas-para-escritorio\/mesas-basicas\/mesa-para-escritorio-reta-bea\/\" \/>\n<meta property=\"og:locale\" content=\"pt_BR\" \/>\n<meta property=\"og:type\" content=\"article\" \/>\n<meta property=\"og:title\" content=\"Mesa Para Escrit\u00f3rio Reta | Mesas de Escrit\u00f3rio | Loja do Centro |\" \/>\n<meta property=\"og:description\" content=\"Mesa para Escrit\u00f3rio Reta, retangular, estilo industrial, clean. Aceita tamb\u00e9m medidas especiais. V\u00e1rias cores, acabamentos e medidas!\" \/>\n<meta property=\"og:url\" content=\"https:\/\/lojadocentro.com.br\/moveis\/mesas-para-escritorio\/mesas-basicas\/mesa-para-escritorio-reta-bea\/\" \/>\n<meta property=\"og:site_name\" content=\"M\u00f3veis para Escrit\u00f3rio - Loja do Centro\" \/>\n<meta property=\"article:published_time\" content=\"2025-05-07T13:00:09+00:00\" \/>\n<meta property=\"article:modified_time\" content=\"2026-08-04T20:09:12+00:00\" \/>\n<meta property=\"og:image\" content=\"https:\/\/lojadocentro.com.br\/moveis\/wp-content\/uploads\/2015\/10\/mesa-para-escritorio-reta-bea.jpg\" \/>\n\t<meta property=\"og:image:width\" content=\"346\" \/>\n\t<meta property=\"og:image:height\" content=\"300\" \/>\n\t<meta property=\"og:image:type\" content=\"image\/jpeg\" \/>\n<meta name=\"author\" content=\"Ana\" \/>\n<meta name=\"twitter:card\" content=\"summary_large_image\" \/>\n<meta name=\"twitter:label1\" content=\"Escrito por\" \/>\n\t<meta name=\"twitter:data1\" content=\"Ana\" \/>\n\t<meta name=\"twitter:label2\" content=\"Est. tempo de leitura\" \/>\n\t<meta name=\"twitter:data2\" content=\"3 minutos\" \/>\n<script type=\"application\/ld+json\" class=\"yoast-schema-graph\">{\"@context\":\"https:\\\/\\\/schema.org\",\"@graph\":[{\"@type\":\"Article\",\"@id\":\"https:\\\/\\\/lojadocentro.com.br\\\/moveis\\\/mesas-para-escritorio\\\/mesas-basicas\\\/mesa-para-escritorio-reta-bea\\\/#article\",\"isPartOf\":{\"@id\":\"https:\\\/\\\/lojadocentro.com.br\\\/moveis\\\/mesas-para-escritorio\\\/mesas-basicas\\\/mesa-para-escritorio-reta-bea\\\/\"},\"author\":{\"name\":\"Ana\",\"@id\":\"https:\\\/\\\/lojadocentro.com.br\\\/moveis\\\/#\\\/schema\\\/person\\\/d1d93a97964ef2dcfb9cb8d5db75d0f9\"},\"headline\":\"Mesa para Escrit\u00f3rio Reta BEA\",\"datePublished\":\"2025-05-07T13:00:09+00:00\",\"dateModified\":\"2026-08-04T20:09:12+00:00\",\"mainEntityOfPage\":{\"@id\":\"https:\\\/\\\/lojadocentro.com.br\\\/moveis\\\/mesas-para-escritorio\\\/mesas-basicas\\\/mesa-para-escritorio-reta-bea\\\/\"},\"wordCount\":429,\"commentCount\":0,\"publisher\":{\"@id\":\"https:\\\/\\\/lojadocentro.com.br\\\/moveis\\\/#organization\"},\"image\":{\"@id\":\"https:\\\/\\\/lojadocentro.com.br\\\/moveis\\\/mesas-para-escritorio\\\/mesas-basicas\\\/mesa-para-escritorio-reta-bea\\\/#primaryimage\"},\"thumbnailUrl\":\"https:\\\/\\\/lojadocentro.com.br\\\/moveis\\\/wp-content\\\/uploads\\\/2015\\\/10\\\/mesa-para-escritorio-reta-bea.jpg\",\"keywords\":[\"b\u00e1sica\",\"clean\",\"cores amadeiradas\",\"design contempor\u00e2neo\",\"\u00f3timo custo-benef\u00edcio\",\"v\u00e1rias medidas\",\"vers\u00e1til\"],\"articleSection\":[\"Home Office\",\"Mesa para computador\",\"Mesas B\u00e1sicas\",\"M\u00f3veis para Inform\u00e1tica e Home Office\"],\"inLanguage\":\"pt-BR\",\"potentialAction\":[{\"@type\":\"CommentAction\",\"name\":\"Comment\",\"target\":[\"https:\\\/\\\/lojadocentro.com.br\\\/moveis\\\/mesas-para-escritorio\\\/mesas-basicas\\\/mesa-para-escritorio-reta-bea\\\/#respond\"]}]},{\"@type\":\"WebPage\",\"@id\":\"https:\\\/\\\/lojadocentro.com.br\\\/moveis\\\/mesas-para-escritorio\\\/mesas-basicas\\\/mesa-para-escritorio-reta-bea\\\/\",\"url\":\"https:\\\/\\\/lojadocentro.com.br\\\/moveis\\\/mesas-para-escritorio\\\/mesas-basicas\\\/mesa-para-escritorio-reta-bea\\\/\",\"name\":\"Mesa Para Escrit\u00f3rio Reta | Mesas de Escrit\u00f3rio | Loja do Centro |\",\"isPartOf\":{\"@id\":\"https:\\\/\\\/lojadocentro.com.br\\\/moveis\\\/#website\"},\"primaryImageOfPage\":{\"@id\":\"https:\\\/\\\/lojadocentro.com.br\\\/moveis\\\/mesas-para-escritorio\\\/mesas-basicas\\\/mesa-para-escritorio-reta-bea\\\/#primaryimage\"},\"image\":{\"@id\":\"https:\\\/\\\/lojadocentro.com.br\\\/moveis\\\/mesas-para-escritorio\\\/mesas-basicas\\\/mesa-para-escritorio-reta-bea\\\/#primaryimage\"},\"thumbnailUrl\":\"https:\\\/\\\/lojadocentro.com.br\\\/moveis\\\/wp-content\\\/uploads\\\/2015\\\/10\\\/mesa-para-escritorio-reta-bea.jpg\",\"datePublished\":\"2025-05-07T13:00:09+00:00\",\"dateModified\":\"2026-08-04T20:09:12+00:00\",\"description\":\"Mesa para Escrit\u00f3rio Reta, retangular, estilo industrial, clean. Aceita tamb\u00e9m medidas especiais. V\u00e1rias cores, acabamentos e medidas!\",\"breadcrumb\":{\"@id\":\"https:\\\/\\\/lojadocentro.com.br\\\/moveis\\\/mesas-para-escritorio\\\/mesas-basicas\\\/mesa-para-escritorio-reta-bea\\\/#breadcrumb\"},\"inLanguage\":\"pt-BR\",\"potentialAction\":[{\"@type\":\"ReadAction\",\"target\":[\"https:\\\/\\\/lojadocentro.com.br\\\/moveis\\\/mesas-para-escritorio\\\/mesas-basicas\\\/mesa-para-escritorio-reta-bea\\\/\"]}]},{\"@type\":\"ImageObject\",\"inLanguage\":\"pt-BR\",\"@id\":\"https:\\\/\\\/lojadocentro.com.br\\\/moveis\\\/mesas-para-escritorio\\\/mesas-basicas\\\/mesa-para-escritorio-reta-bea\\\/#primaryimage\",\"url\":\"https:\\\/\\\/lojadocentro.com.br\\\/moveis\\\/wp-content\\\/uploads\\\/2015\\\/10\\\/mesa-para-escritorio-reta-bea.jpg\",\"contentUrl\":\"https:\\\/\\\/lojadocentro.com.br\\\/moveis\\\/wp-content\\\/uploads\\\/2015\\\/10\\\/mesa-para-escritorio-reta-bea.jpg\",\"width\":346,\"height\":300,\"caption\":\"Mesa de Escrit\u00f3rio Retangular\"},{\"@type\":\"BreadcrumbList\",\"@id\":\"https:\\\/\\\/lojadocentro.com.br\\\/moveis\\\/mesas-para-escritorio\\\/mesas-basicas\\\/mesa-para-escritorio-reta-bea\\\/#breadcrumb\",\"itemListElement\":[{\"@type\":\"ListItem\",\"position\":1,\"name\":\"In\u00edcio\",\"item\":\"https:\\\/\\\/lojadocentro.com.br\\\/moveis\\\/\"},{\"@type\":\"ListItem\",\"position\":2,\"name\":\"Mesa para Escrit\u00f3rio Reta BEA\"}]},{\"@type\":\"WebSite\",\"@id\":\"https:\\\/\\\/lojadocentro.com.br\\\/moveis\\\/#website\",\"url\":\"https:\\\/\\\/lojadocentro.com.br\\\/moveis\\\/\",\"name\":\"M\u00f3veis para Escrit\u00f3rio - Loja do Centro\",\"description\":\"Loja de M\u00f3veis para Escrit\u00f3rio\",\"publisher\":{\"@id\":\"https:\\\/\\\/lojadocentro.com.br\\\/moveis\\\/#organization\"},\"potentialAction\":[{\"@type\":\"SearchAction\",\"target\":{\"@type\":\"EntryPoint\",\"urlTemplate\":\"https:\\\/\\\/lojadocentro.com.br\\\/moveis\\\/?s={search_term_string}\"},\"query-input\":{\"@type\":\"PropertyValueSpecification\",\"valueRequired\":true,\"valueName\":\"search_term_string\"}}],\"inLanguage\":\"pt-BR\"},{\"@type\":\"Organization\",\"@id\":\"https:\\\/\\\/lojadocentro.com.br\\\/moveis\\\/#organization\",\"name\":\"M\u00f3veis para Escrit\u00f3rio Loja do Centro\",\"url\":\"https:\\\/\\\/lojadocentro.com.br\\\/moveis\\\/\",\"logo\":{\"@type\":\"ImageObject\",\"inLanguage\":\"pt-BR\",\"@id\":\"https:\\\/\\\/lojadocentro.com.br\\\/moveis\\\/#\\\/schema\\\/logo\\\/image\\\/\",\"url\":\"https:\\\/\\\/www.lojadocentro.com.br\\\/moveis\\\/wp-content\\\/uploads\\\/2015\\\/12\\\/moveis-para-escritorio-loja-do-centro-logo.jpg\",\"contentUrl\":\"https:\\\/\\\/www.lojadocentro.com.br\\\/moveis\\\/wp-content\\\/uploads\\\/2015\\\/12\\\/moveis-para-escritorio-loja-do-centro-logo.jpg\",\"width\":275,\"height\":120,\"caption\":\"M\u00f3veis para Escrit\u00f3rio Loja do Centro\"},\"image\":{\"@id\":\"https:\\\/\\\/lojadocentro.com.br\\\/moveis\\\/#\\\/schema\\\/logo\\\/image\\\/\"}},{\"@type\":\"Person\",\"@id\":\"https:\\\/\\\/lojadocentro.com.br\\\/moveis\\\/#\\\/schema\\\/person\\\/d1d93a97964ef2dcfb9cb8d5db75d0f9\",\"name\":\"Ana\",\"sameAs\":[\"http:\\\/\\\/www.lojadocentro.com.br\"]}]}<\/script>\n<!-- \/ Yoast SEO plugin. -->","yoast_head_json":{"title":"Mesa Para Escrit\u00f3rio Reta | Mesas de Escrit\u00f3rio | Loja do Centro |","description":"Mesa para Escrit\u00f3rio Reta, retangular, estilo industrial, clean. Aceita tamb\u00e9m medidas especiais. V\u00e1rias cores, acabamentos e medidas!","robots":{"index":"index","follow":"follow","max-snippet":"max-snippet:-1","max-image-preview":"max-image-preview:large","max-video-preview":"max-video-preview:-1"},"canonical":"https:\/\/lojadocentro.com.br\/moveis\/mesas-para-escritorio\/mesas-basicas\/mesa-para-escritorio-reta-bea\/","og_locale":"pt_BR","og_type":"article","og_title":"Mesa Para Escrit\u00f3rio Reta | Mesas de Escrit\u00f3rio | Loja do Centro |","og_description":"Mesa para Escrit\u00f3rio Reta, retangular, estilo industrial, clean. Aceita tamb\u00e9m medidas especiais. V\u00e1rias cores, acabamentos e medidas!","og_url":"https:\/\/lojadocentro.com.br\/moveis\/mesas-para-escritorio\/mesas-basicas\/mesa-para-escritorio-reta-bea\/","og_site_name":"M\u00f3veis para Escrit\u00f3rio - Loja do Centro","article_published_time":"2025-05-07T13:00:09+00:00","article_modified_time":"2026-08-04T20:09:12+00:00","og_image":[{"width":346,"height":300,"url":"https:\/\/lojadocentro.com.br\/moveis\/wp-content\/uploads\/2015\/10\/mesa-para-escritorio-reta-bea.jpg","type":"image\/jpeg"}],"author":"Ana","twitter_card":"summary_large_image","twitter_misc":{"Escrito por":"Ana","Est. tempo de leitura":"3 minutos"},"schema":{"@context":"https:\/\/schema.org","@graph":[{"@type":"Article","@id":"https:\/\/lojadocentro.com.br\/moveis\/mesas-para-escritorio\/mesas-basicas\/mesa-para-escritorio-reta-bea\/#article","isPartOf":{"@id":"https:\/\/lojadocentro.com.br\/moveis\/mesas-para-escritorio\/mesas-basicas\/mesa-para-escritorio-reta-bea\/"},"author":{"name":"Ana","@id":"https:\/\/lojadocentro.com.br\/moveis\/#\/schema\/person\/d1d93a97964ef2dcfb9cb8d5db75d0f9"},"headline":"Mesa para Escrit\u00f3rio Reta BEA","datePublished":"2025-05-07T13:00:09+00:00","dateModified":"2026-08-04T20:09:12+00:00","mainEntityOfPage":{"@id":"https:\/\/lojadocentro.com.br\/moveis\/mesas-para-escritorio\/mesas-basicas\/mesa-para-escritorio-reta-bea\/"},"wordCount":429,"commentCount":0,"publisher":{"@id":"https:\/\/lojadocentro.com.br\/moveis\/#organization"},"image":{"@id":"https:\/\/lojadocentro.com.br\/moveis\/mesas-para-escritorio\/mesas-basicas\/mesa-para-escritorio-reta-bea\/#primaryimage"},"thumbnailUrl":"https:\/\/lojadocentro.com.br\/moveis\/wp-content\/uploads\/2015\/10\/mesa-para-escritorio-reta-bea.jpg","keywords":["b\u00e1sica","clean","cores amadeiradas","design contempor\u00e2neo","\u00f3timo custo-benef\u00edcio","v\u00e1rias medidas","vers\u00e1til"],"articleSection":["Home Office","Mesa para computador","Mesas B\u00e1sicas","M\u00f3veis para Inform\u00e1tica e Home Office"],"inLanguage":"pt-BR","potentialAction":[{"@type":"CommentAction","name":"Comment","target":["https:\/\/lojadocentro.com.br\/moveis\/mesas-para-escritorio\/mesas-basicas\/mesa-para-escritorio-reta-bea\/#respond"]}]},{"@type":"WebPage","@id":"https:\/\/lojadocentro.com.br\/moveis\/mesas-para-escritorio\/mesas-basicas\/mesa-para-escritorio-reta-bea\/","url":"https:\/\/lojadocentro.com.br\/moveis\/mesas-para-escritorio\/mesas-basicas\/mesa-para-escritorio-reta-bea\/","name":"Mesa Para Escrit\u00f3rio Reta | Mesas de Escrit\u00f3rio | Loja do Centro |","isPartOf":{"@id":"https:\/\/lojadocentro.com.br\/moveis\/#website"},"primaryImageOfPage":{"@id":"https:\/\/lojadocentro.com.br\/moveis\/mesas-para-escritorio\/mesas-basicas\/mesa-para-escritorio-reta-bea\/#primaryimage"},"image":{"@id":"https:\/\/lojadocentro.com.br\/moveis\/mesas-para-escritorio\/mesas-basicas\/mesa-para-escritorio-reta-bea\/#primaryimage"},"thumbnailUrl":"https:\/\/lojadocentro.com.br\/moveis\/wp-content\/uploads\/2015\/10\/mesa-para-escritorio-reta-bea.jpg","datePublished":"2025-05-07T13:00:09+00:00","dateModified":"2026-08-04T20:09:12+00:00","description":"Mesa para Escrit\u00f3rio Reta, retangular, estilo industrial, clean. Aceita tamb\u00e9m medidas especiais. V\u00e1rias cores, acabamentos e medidas!","breadcrumb":{"@id":"https:\/\/lojadocentro.com.br\/moveis\/mesas-para-escritorio\/mesas-basicas\/mesa-para-escritorio-reta-bea\/#breadcrumb"},"inLanguage":"pt-BR","potentialAction":[{"@type":"ReadAction","target":["https:\/\/lojadocentro.com.br\/moveis\/mesas-para-escritorio\/mesas-basicas\/mesa-para-escritorio-reta-bea\/"]}]},{"@type":"ImageObject","inLanguage":"pt-BR","@id":"https:\/\/lojadocentro.com.br\/moveis\/mesas-para-escritorio\/mesas-basicas\/mesa-para-escritorio-reta-bea\/#primaryimage","url":"https:\/\/lojadocentro.com.br\/moveis\/wp-content\/uploads\/2015\/10\/mesa-para-escritorio-reta-bea.jpg","contentUrl":"https:\/\/lojadocentro.com.br\/moveis\/wp-content\/uploads\/2015\/10\/mesa-para-escritorio-reta-bea.jpg","width":346,"height":300,"caption":"Mesa de Escrit\u00f3rio Retangular"},{"@type":"BreadcrumbList","@id":"https:\/\/lojadocentro.com.br\/moveis\/mesas-para-escritorio\/mesas-basicas\/mesa-para-escritorio-reta-bea\/#breadcrumb","itemListElement":[{"@type":"ListItem","position":1,"name":"In\u00edcio","item":"https:\/\/lojadocentro.com.br\/moveis\/"},{"@type":"ListItem","position":2,"name":"Mesa para Escrit\u00f3rio Reta BEA"}]},{"@type":"WebSite","@id":"https:\/\/lojadocentro.com.br\/moveis\/#website","url":"https:\/\/lojadocentro.com.br\/moveis\/","name":"M\u00f3veis para Escrit\u00f3rio - Loja do Centro","description":"Loja de M\u00f3veis para Escrit\u00f3rio","publisher":{"@id":"https:\/\/lojadocentro.com.br\/moveis\/#organization"},"potentialAction":[{"@type":"SearchAction","target":{"@type":"EntryPoint","urlTemplate":"https:\/\/lojadocentro.com.br\/moveis\/?s={search_term_string}"},"query-input":{"@type":"PropertyValueSpecification","valueRequired":true,"valueName":"search_term_string"}}],"inLanguage":"pt-BR"},{"@type":"Organization","@id":"https:\/\/lojadocentro.com.br\/moveis\/#organization","name":"M\u00f3veis para Escrit\u00f3rio Loja do Centro","url":"https:\/\/lojadocentro.com.br\/moveis\/","logo":{"@type":"ImageObject","inLanguage":"pt-BR","@id":"https:\/\/lojadocentro.com.br\/moveis\/#\/schema\/logo\/image\/","url":"https:\/\/www.lojadocentro.com.br\/moveis\/wp-content\/uploads\/2015\/12\/moveis-para-escritorio-loja-do-centro-logo.jpg","contentUrl":"https:\/\/www.lojadocentro.com.br\/moveis\/wp-content\/uploads\/2015\/12\/moveis-para-escritorio-loja-do-centro-logo.jpg","width":275,"height":120,"caption":"M\u00f3veis para Escrit\u00f3rio Loja do Centro"},"image":{"@id":"https:\/\/lojadocentro.com.br\/moveis\/#\/schema\/logo\/image\/"}},{"@type":"Person","@id":"https:\/\/lojadocentro.com.br\/moveis\/#\/schema\/person\/d1d93a97964ef2dcfb9cb8d5db75d0f9","name":"Ana","sameAs":["http:\/\/www.lojadocentro.com.br"]}]}},"_links":{"self":[{"href":"https:\/\/lojadocentro.com.br\/moveis\/wp-json\/wp\/v2\/posts\/11107","targetHints":{"allow":["GET"]}}],"collection":[{"href":"https:\/\/lojadocentro.com.br\/moveis\/wp-json\/wp\/v2\/posts"}],"about":[{"href":"https:\/\/lojadocentro.com.br\/moveis\/wp-json\/wp\/v2\/types\/post"}],"author":[{"embeddable":true,"href":"https:\/\/lojadocentro.com.br\/moveis\/wp-json\/wp\/v2\/users\/2"}],"replies":[{"embeddable":true,"href":"https:\/\/lojadocentro.com.br\/moveis\/wp-json\/wp\/v2\/comments?post=11107"}],"version-history":[{"count":7,"href":"https:\/\/lojadocentro.com.br\/moveis\/wp-json\/wp\/v2\/posts\/11107\/revisions"}],"predecessor-version":[{"id":62192,"href":"https:\/\/lojadocentro.com.br\/moveis\/wp-json\/wp\/v2\/posts\/11107\/revisions\/62192"}],"wp:featuredmedia":[{"embeddable":true,"href":"https:\/\/lojadocentro.com.br\/moveis\/wp-json\/wp\/v2\/media\/12745"}],"wp:attachment":[{"href":"https:\/\/lojadocentro.com.br\/moveis\/wp-json\/wp\/v2\/media?parent=11107"}],"wp:term":[{"taxonomy":"category","embeddable":true,"href":"https:\/\/lojadocentro.com.br\/moveis\/wp-json\/wp\/v2\/categories?post=11107"},{"taxonomy":"post_tag","embeddable":true,"href":"https:\/\/lojadocentro.com.br\/moveis\/wp-json\/wp\/v2\/tags?post=11107"},{"taxonomy":"segmentos","embeddable":true,"href":"https:\/\/lojadocentro.com.br\/moveis\/wp-json\/wp\/v2\/segmentos?post=11107"}],"curies":[{"name":"wp","href":"https:\/\/api.w.org\/{rel}","templated":true}]}}