{"id":11559,"date":"2023-03-19T12:00:37","date_gmt":"2023-03-19T15:00:37","guid":{"rendered":"https:\/\/www.lojadocentro.com.br\/moveis\/?p=2820"},"modified":"2026-08-12T18:02:57","modified_gmt":"2026-08-12T21:02:57","slug":"cadeira-presidente-com-gomos","status":"publish","type":"post","link":"https:\/\/lojadocentro.com.br\/moveis\/cadeira-presidente\/cadeira-presidente-com-gomos\/","title":{"rendered":"Cadeira Presidente Com Gomos"},"content":{"rendered":"<h2>Cadeira Presidente com Gomos &#8211; Conforto, tradi\u00e7\u00e3o e durabilidade!<\/h2>\n<p>Cadeira Presidente com Gomos: Se voc\u00ea procura uma cadeira para escrit\u00f3rio do tipo presidente, alta, tradicional, para sala de reuni\u00e3o ou mesmo para uma posi\u00e7\u00e3o de ger\u00eancia, diretoria, com excelente conforto e custo benef\u00edcio, essa \u00e9 uma das cadeiras que se encaixa perfeitamente nesse perfil!<\/p>\n<p><!--more--><\/p>\n<h3>Esta cadeira presidente de encosto alto recebe acabamento costurado em gomos horizontais e \u00e9 configur\u00e1vel. Voc\u00ea escolhe:<\/h3>\n<ul>\n<li>Bra\u00e7os fixos ou regul\u00e1veis<\/li>\n<li>Mecanismo reax com trava ou mecanismo ergon\u00f4mico<\/li>\n<li>Estrela diretor preta, cinza ou cromada<\/li>\n<li>Revestimento couro ecol\u00f3gico, facto dunas, crepe e outros<\/li>\n<li>Cores variadas para combinar com a decora\u00e7\u00e3o do seu ambiente de trabalho<\/li>\n<\/ul>\n<h3>Uma cadeira de escrit\u00f3rio com design tradicional, confort\u00e1vel, com espuma extra!<\/h3>\n<p>Pode ser encomendada tamb\u00e9m com <strong>encosto extra alto com apoio para a cabe\u00e7a<\/strong> e tamb\u00e9m est\u00e1 dispon\u00edvel nas vers\u00f5es <strong>diretor girat\u00f3ria e diretor fixa.<\/strong><\/p>\n<p>Todas elas podem ser usadas em posi\u00e7\u00f5es de trabalho e ao redor das<a href=\"https:\/\/lojadocentro.com.br\/moveis\/mesas-para-escritorio\/mesas-para-reuniao\/\"> mesas de reuni\u00e3o<\/a> como na imagem abaixo.<\/p>\n<p><strong>Medidas:<\/strong><br \/>\nAssento: Largura 0,49 x Profundidade 0,49<br \/>\nEncosto: Largura 0,46 x Altura 0,63<br \/>\nLargura total: 0,63.<br \/>\nAltura do assento: M\u00e1x. 0,58\/ M\u00edn. 0,48<\/p>\n<p>Confira abaixo uma mesa de reuni\u00e3o com a cadeira presidente com gomos, al\u00e9m de algumas outras cadeiras da mesma linha. Presidente extra alta com apoio de cabe\u00e7a, presidente cromada presidente com base preta, diretor girat\u00f3ria cromada, diretor fixa cromada, secret\u00e1ria executiva cromada girat\u00f3ria e fixa. Por a\u00ed voc\u00ea pode ter uma id\u00e9ia de como pode usar bra\u00e7os diferentes (pode ser sem bra\u00e7os tamb\u00e9m), bases, cores, tamanhos, tudo dentro da mesma linha, para os diferentes departamentos e salas da sua empresa.<\/p>\n<h3>Agende uma consultoria gratuita em nossa loja pelo PABX 11 3242-3536. Projetamos seu espa\u00e7o de trabalho!<\/h3>\n<p>&nbsp;<\/p>\n<p><img fetchpriority=\"high\" decoding=\"async\" class=\"alignnone size-large wp-image-62257\" src=\"https:\/\/lojadocentro.com.br\/moveis\/wp-content\/uploads\/2023\/03\/mesa-de-reuniao-com-cadeira-presidente-com-gomos-780x1024.jpeg\" alt=\"Cadeira Presidente com Gomos para Escrit\u00f3rio\" width=\"780\" height=\"1024\" srcset=\"https:\/\/lojadocentro.com.br\/moveis\/wp-content\/uploads\/2023\/03\/mesa-de-reuniao-com-cadeira-presidente-com-gomos-780x1024.jpeg 780w, https:\/\/lojadocentro.com.br\/moveis\/wp-content\/uploads\/2023\/03\/mesa-de-reuniao-com-cadeira-presidente-com-gomos-228x300.jpeg 228w, https:\/\/lojadocentro.com.br\/moveis\/wp-content\/uploads\/2023\/03\/mesa-de-reuniao-com-cadeira-presidente-com-gomos-152x200.jpeg 152w, https:\/\/lojadocentro.com.br\/moveis\/wp-content\/uploads\/2023\/03\/mesa-de-reuniao-com-cadeira-presidente-com-gomos-768x1009.jpeg 768w, https:\/\/lojadocentro.com.br\/moveis\/wp-content\/uploads\/2023\/03\/mesa-de-reuniao-com-cadeira-presidente-com-gomos.jpeg 896w\" sizes=\"(max-width: 780px) 100vw, 780px\" \/><\/p>\n<p><a href=\"https:\/\/www.lojadocentro.com.br\/moveis\/wp-content\/uploads\/cadeira-presidente-extra-alta-crom.jpg\"><img decoding=\"async\" class=\"alignnone\" src=\"https:\/\/www.lojadocentro.com.br\/moveis\/wp-content\/uploads\/cadeira-presidente-extra-alta-crom-150x148.jpg\" alt=\"Cadeira Presidente Com Gomos - Cor Branca\" width=\"170\" height=\"168\" \/><\/a><a href=\"https:\/\/www.lojadocentro.com.br\/moveis\/wp-content\/uploads\/cadeira-presidente-com-base-cromada.jpg\"><img decoding=\"async\" class=\"alignnone\" src=\"https:\/\/www.lojadocentro.com.br\/moveis\/wp-content\/uploads\/cadeira-presidente-com-base-cromada-87x150.jpg\" alt=\"Cadeira Presidente Com Gomos - Cor Branca - Encosto M\u00e9dio\" width=\"91\" height=\"157\" \/><\/a><a href=\"https:\/\/www.lojadocentro.com.br\/moveis\/wp-content\/uploads\/files\/STBEL-1105.jpg\"><img loading=\"lazy\" decoding=\"async\" class=\"alignnone\" src=\"https:\/\/www.lojadocentro.com.br\/moveis\/wp-content\/uploads\/files\/STBEL-1105-112x150.jpg\" alt=\"Cadeira Presidente Com Gomos - Cor Laranja\" width=\"123\" height=\"165\" \/><\/a><a href=\"https:\/\/www.lojadocentro.com.br\/moveis\/wp-content\/uploads\/cadeira-diretor-gomada-cromada.jpg\"><img loading=\"lazy\" decoding=\"async\" class=\"alignnone\" src=\"https:\/\/www.lojadocentro.com.br\/moveis\/wp-content\/uploads\/cadeira-diretor-gomada-cromada-150x147.jpg\" alt=\"Cadeira Presidente Com Gomos - Sem Bra\u00e7os\" width=\"150\" height=\"147\" \/><\/a><a href=\"https:\/\/www.lojadocentro.com.br\/moveis\/wp-content\/uploads\/cadeira-fixa-gomada-cromada.jpg\"><img loading=\"lazy\" decoding=\"async\" class=\"alignnone\" src=\"https:\/\/www.lojadocentro.com.br\/moveis\/wp-content\/uploads\/cadeira-fixa-gomada-cromada-150x148.jpg\" alt=\"Cadeira Presidente Com Gomos - Fixa\" width=\"150\" height=\"148\" \/><\/a><\/p>\n<p><a href=\"https:\/\/www.lojadocentro.com.br\/moveis\/wp-content\/uploads\/cadeira-secretaria-com-gomos-crom.jpg\"><img loading=\"lazy\" decoding=\"async\" class=\"alignnone\" src=\"https:\/\/www.lojadocentro.com.br\/moveis\/wp-content\/uploads\/cadeira-secretaria-com-gomos-crom-150x148.jpg\" alt=\"Cadeira Presidente Com Gomos - Sem Bra\u00e7os - Altura regul\u00e1vel\" width=\"150\" height=\"148\" \/><\/a><a href=\"https:\/\/www.lojadocentro.com.br\/moveis\/wp-content\/uploads\/cadeira-fixa-com-gomos.jpg\"><img loading=\"lazy\" decoding=\"async\" class=\"alignnone\" src=\"https:\/\/www.lojadocentro.com.br\/moveis\/wp-content\/uploads\/cadeira-fixa-com-gomos-150x148.jpg\" alt=\"Cadeira Com Gomos - Preta - Fixa\" width=\"150\" height=\"148\" \/><\/a><\/p>\n<div><\/div>\n<div><\/div>\n<div><\/div>\n<div><\/div>\n<div><\/div>\n<div><\/div>\n<p>&nbsp;<\/p>\n<div><\/div>\n<div><\/div>\n<div><\/div>\n<div><\/div>\n<div><\/div>\n<div><\/div>\n<div><\/div>\n<div><\/div>\n<div><\/div>\n<div><\/div>\n<p>&nbsp;<\/p>\n","protected":false},"excerpt":{"rendered":"<p>Cadeira Presidente com Gomos &#8211; Conforto, tradi\u00e7\u00e3o e durabilidade! Cadeira Presidente com Gomos: Se voc\u00ea procura uma cadeira para escrit\u00f3rio do tipo presidente, alta, tradicional, para sala de reuni\u00e3o ou mesmo para uma posi\u00e7\u00e3o de ger\u00eancia, diretoria, com excelente conforto e custo benef\u00edcio, essa \u00e9 uma das cadeiras que se encaixa perfeitamente nesse perfil!<\/p>\n","protected":false},"author":2,"featured_media":62252,"comment_status":"open","ping_status":"open","sticky":false,"template":"","format":"standard","meta":{"_exactmetrics_skip_tracking":false,"site-sidebar-layout":"default","site-content-layout":"default","ast-site-content-layout":"default","site-content-style":"default","site-sidebar-style":"default","ast-global-header-display":"","ast-banner-title-visibility":"","ast-main-header-display":"","ast-hfb-above-header-display":"","ast-hfb-below-header-display":"","ast-hfb-mobile-header-display":"","site-post-title":"","ast-breadcrumbs-content":"","ast-featured-img":"","footer-sml-layout":"","theme-transparent-header-meta":"default","adv-header-id-meta":"","stick-header-meta":"default","header-above-stick-meta":"","header-main-stick-meta":"","header-below-stick-meta":"","astra-migrate-meta-layouts":"set","ast-page-background-enabled":"default","ast-page-background-meta":{"desktop":{"background-color":"var(--ast-global-color-4)","background-image":"","background-repeat":"repeat","background-position":"center center","background-size":"auto","background-attachment":"scroll","background-type":"","background-media":"","overlay-type":"","overlay-color":"","overlay-opacity":"","overlay-gradient":""},"tablet":{"background-color":"","background-image":"","background-repeat":"repeat","background-position":"center center","background-size":"auto","background-attachment":"scroll","background-type":"","background-media":"","overlay-type":"","overlay-color":"","overlay-opacity":"","overlay-gradient":""},"mobile":{"background-color":"","background-image":"","background-repeat":"repeat","background-position":"center center","background-size":"auto","background-attachment":"scroll","background-type":"","background-media":"","overlay-type":"","overlay-color":"","overlay-opacity":"","overlay-gradient":""}},"ast-content-background-meta":{"desktop":{"background-color":"var(--ast-global-color-5)","background-image":"","background-repeat":"repeat","background-position":"center center","background-size":"auto","background-attachment":"scroll","background-type":"","background-media":"","overlay-type":"","overlay-color":"","overlay-opacity":"","overlay-gradient":""},"tablet":{"background-color":"var(--ast-global-color-5)","background-image":"","background-repeat":"repeat","background-position":"center center","background-size":"auto","background-attachment":"scroll","background-type":"","background-media":"","overlay-type":"","overlay-color":"","overlay-opacity":"","overlay-gradient":""},"mobile":{"background-color":"var(--ast-global-color-5)","background-image":"","background-repeat":"repeat","background-position":"center center","background-size":"auto","background-attachment":"scroll","background-type":"","background-media":"","overlay-type":"","overlay-color":"","overlay-opacity":"","overlay-gradient":""}},"footnotes":""},"categories":[124,98],"tags":[290,291,389,293,426,307],"segmentos":[3197,3201,265],"class_list":["post-11559","post","type-post","status-publish","format-standard","has-post-thumbnail","hentry","category-cadeira-presidente","category-_destaque-cadeiras","tag-confortavel","tag-espuma-extra","tag-solida","tag-varias-cores","tag-varios-acabamentos","tag-versatil","segmentos-cadeiras-reuniao","segmentos-cadeiras-de-reuniao","segmentos-moveis-para-advogados"],"yoast_head":"<!-- This site is optimized with the Yoast SEO plugin v28.2 - https:\/\/yoast.com\/product\/yoast-seo-wordpress\/ -->\n<title>Cadeira Presidente Com Gomos | Cadeira Presidente | Loja do Centro<\/title>\n<meta name=\"description\" content=\"Cadeira presidente com gomos, acabamento costurado de alto padr\u00e3o. Tradicional e confort\u00e1vel, com espuma extra. V\u00e1rias cores e acabamentos!\" \/>\n<meta name=\"robots\" content=\"index, follow, max-snippet:-1, max-image-preview:large, max-video-preview:-1\" \/>\n<link rel=\"canonical\" href=\"https:\/\/lojadocentro.com.br\/moveis\/cadeira-presidente\/cadeira-presidente-com-gomos\/\" \/>\n<meta property=\"og:locale\" content=\"pt_BR\" \/>\n<meta property=\"og:type\" content=\"article\" \/>\n<meta property=\"og:title\" content=\"Cadeira Presidente Com Gomos | Cadeira Presidente | Loja do Centro\" \/>\n<meta property=\"og:description\" content=\"Cadeira presidente com gomos, acabamento costurado de alto padr\u00e3o. Tradicional e confort\u00e1vel, com espuma extra. V\u00e1rias cores e acabamentos!\" \/>\n<meta property=\"og:url\" content=\"https:\/\/lojadocentro.com.br\/moveis\/cadeira-presidente\/cadeira-presidente-com-gomos\/\" \/>\n<meta property=\"og:site_name\" content=\"M\u00f3veis para Escrit\u00f3rio - Loja do Centro\" \/>\n<meta property=\"article:published_time\" content=\"2023-03-19T15:00:37+00:00\" \/>\n<meta property=\"article:modified_time\" content=\"2026-08-12T21:02:57+00:00\" \/>\n<meta property=\"og:image\" content=\"https:\/\/lojadocentro.com.br\/moveis\/wp-content\/uploads\/2023\/03\/cadeira-presidente-com-gomos-3.jpg\" \/>\n\t<meta property=\"og:image:width\" content=\"820\" \/>\n\t<meta property=\"og:image:height\" content=\"820\" \/>\n\t<meta property=\"og:image:type\" content=\"image\/jpeg\" \/>\n<meta name=\"author\" content=\"Ana\" \/>\n<meta name=\"twitter:card\" content=\"summary_large_image\" \/>\n<meta name=\"twitter:label1\" content=\"Escrito por\" \/>\n\t<meta name=\"twitter:data1\" content=\"Ana\" \/>\n\t<meta name=\"twitter:label2\" content=\"Est. tempo de leitura\" \/>\n\t<meta name=\"twitter:data2\" content=\"4 minutos\" \/>\n<script type=\"application\/ld+json\" class=\"yoast-schema-graph\">{\"@context\":\"https:\\\/\\\/schema.org\",\"@graph\":[{\"@type\":\"Article\",\"@id\":\"https:\\\/\\\/lojadocentro.com.br\\\/moveis\\\/cadeira-presidente\\\/cadeira-presidente-com-gomos\\\/#article\",\"isPartOf\":{\"@id\":\"https:\\\/\\\/lojadocentro.com.br\\\/moveis\\\/cadeira-presidente\\\/cadeira-presidente-com-gomos\\\/\"},\"author\":{\"name\":\"Ana\",\"@id\":\"https:\\\/\\\/lojadocentro.com.br\\\/moveis\\\/#\\\/schema\\\/person\\\/d1d93a97964ef2dcfb9cb8d5db75d0f9\"},\"headline\":\"Cadeira Presidente Com Gomos\",\"datePublished\":\"2023-03-19T15:00:37+00:00\",\"dateModified\":\"2026-08-12T21:02:57+00:00\",\"mainEntityOfPage\":{\"@id\":\"https:\\\/\\\/lojadocentro.com.br\\\/moveis\\\/cadeira-presidente\\\/cadeira-presidente-com-gomos\\\/\"},\"wordCount\":314,\"commentCount\":0,\"publisher\":{\"@id\":\"https:\\\/\\\/lojadocentro.com.br\\\/moveis\\\/#organization\"},\"image\":{\"@id\":\"https:\\\/\\\/lojadocentro.com.br\\\/moveis\\\/cadeira-presidente\\\/cadeira-presidente-com-gomos\\\/#primaryimage\"},\"thumbnailUrl\":\"https:\\\/\\\/lojadocentro.com.br\\\/moveis\\\/wp-content\\\/uploads\\\/2023\\\/03\\\/cadeira-presidente-com-gomos-3.jpg\",\"keywords\":[\"confort\u00e1vel\",\"espuma extra\",\"s\u00f3lida\",\"v\u00e1rias cores\",\"v\u00e1rios acabamentos\",\"vers\u00e1til\"],\"articleSection\":[\"Cadeira Presidente\",\"Destaque Cadeiras\"],\"inLanguage\":\"pt-BR\",\"potentialAction\":[{\"@type\":\"CommentAction\",\"name\":\"Comment\",\"target\":[\"https:\\\/\\\/lojadocentro.com.br\\\/moveis\\\/cadeira-presidente\\\/cadeira-presidente-com-gomos\\\/#respond\"]}]},{\"@type\":\"WebPage\",\"@id\":\"https:\\\/\\\/lojadocentro.com.br\\\/moveis\\\/cadeira-presidente\\\/cadeira-presidente-com-gomos\\\/\",\"url\":\"https:\\\/\\\/lojadocentro.com.br\\\/moveis\\\/cadeira-presidente\\\/cadeira-presidente-com-gomos\\\/\",\"name\":\"Cadeira Presidente Com Gomos | Cadeira Presidente | Loja do Centro\",\"isPartOf\":{\"@id\":\"https:\\\/\\\/lojadocentro.com.br\\\/moveis\\\/#website\"},\"primaryImageOfPage\":{\"@id\":\"https:\\\/\\\/lojadocentro.com.br\\\/moveis\\\/cadeira-presidente\\\/cadeira-presidente-com-gomos\\\/#primaryimage\"},\"image\":{\"@id\":\"https:\\\/\\\/lojadocentro.com.br\\\/moveis\\\/cadeira-presidente\\\/cadeira-presidente-com-gomos\\\/#primaryimage\"},\"thumbnailUrl\":\"https:\\\/\\\/lojadocentro.com.br\\\/moveis\\\/wp-content\\\/uploads\\\/2023\\\/03\\\/cadeira-presidente-com-gomos-3.jpg\",\"datePublished\":\"2023-03-19T15:00:37+00:00\",\"dateModified\":\"2026-08-12T21:02:57+00:00\",\"description\":\"Cadeira presidente com gomos, acabamento costurado de alto padr\u00e3o. Tradicional e confort\u00e1vel, com espuma extra. V\u00e1rias cores e acabamentos!\",\"breadcrumb\":{\"@id\":\"https:\\\/\\\/lojadocentro.com.br\\\/moveis\\\/cadeira-presidente\\\/cadeira-presidente-com-gomos\\\/#breadcrumb\"},\"inLanguage\":\"pt-BR\",\"potentialAction\":[{\"@type\":\"ReadAction\",\"target\":[\"https:\\\/\\\/lojadocentro.com.br\\\/moveis\\\/cadeira-presidente\\\/cadeira-presidente-com-gomos\\\/\"]}]},{\"@type\":\"ImageObject\",\"inLanguage\":\"pt-BR\",\"@id\":\"https:\\\/\\\/lojadocentro.com.br\\\/moveis\\\/cadeira-presidente\\\/cadeira-presidente-com-gomos\\\/#primaryimage\",\"url\":\"https:\\\/\\\/lojadocentro.com.br\\\/moveis\\\/wp-content\\\/uploads\\\/2023\\\/03\\\/cadeira-presidente-com-gomos-3.jpg\",\"contentUrl\":\"https:\\\/\\\/lojadocentro.com.br\\\/moveis\\\/wp-content\\\/uploads\\\/2023\\\/03\\\/cadeira-presidente-com-gomos-3.jpg\",\"width\":820,\"height\":820,\"caption\":\"Cadeira Presidente para Escrit\u00f3rio\"},{\"@type\":\"BreadcrumbList\",\"@id\":\"https:\\\/\\\/lojadocentro.com.br\\\/moveis\\\/cadeira-presidente\\\/cadeira-presidente-com-gomos\\\/#breadcrumb\",\"itemListElement\":[{\"@type\":\"ListItem\",\"position\":1,\"name\":\"In\u00edcio\",\"item\":\"https:\\\/\\\/lojadocentro.com.br\\\/moveis\\\/\"},{\"@type\":\"ListItem\",\"position\":2,\"name\":\"Cadeira Presidente Com Gomos\"}]},{\"@type\":\"WebSite\",\"@id\":\"https:\\\/\\\/lojadocentro.com.br\\\/moveis\\\/#website\",\"url\":\"https:\\\/\\\/lojadocentro.com.br\\\/moveis\\\/\",\"name\":\"M\u00f3veis para Escrit\u00f3rio - Loja do Centro\",\"description\":\"Loja de M\u00f3veis para Escrit\u00f3rio\",\"publisher\":{\"@id\":\"https:\\\/\\\/lojadocentro.com.br\\\/moveis\\\/#organization\"},\"potentialAction\":[{\"@type\":\"SearchAction\",\"target\":{\"@type\":\"EntryPoint\",\"urlTemplate\":\"https:\\\/\\\/lojadocentro.com.br\\\/moveis\\\/?s={search_term_string}\"},\"query-input\":{\"@type\":\"PropertyValueSpecification\",\"valueRequired\":true,\"valueName\":\"search_term_string\"}}],\"inLanguage\":\"pt-BR\"},{\"@type\":\"Organization\",\"@id\":\"https:\\\/\\\/lojadocentro.com.br\\\/moveis\\\/#organization\",\"name\":\"M\u00f3veis para Escrit\u00f3rio Loja do Centro\",\"url\":\"https:\\\/\\\/lojadocentro.com.br\\\/moveis\\\/\",\"logo\":{\"@type\":\"ImageObject\",\"inLanguage\":\"pt-BR\",\"@id\":\"https:\\\/\\\/lojadocentro.com.br\\\/moveis\\\/#\\\/schema\\\/logo\\\/image\\\/\",\"url\":\"https:\\\/\\\/www.lojadocentro.com.br\\\/moveis\\\/wp-content\\\/uploads\\\/2015\\\/12\\\/moveis-para-escritorio-loja-do-centro-logo.jpg\",\"contentUrl\":\"https:\\\/\\\/www.lojadocentro.com.br\\\/moveis\\\/wp-content\\\/uploads\\\/2015\\\/12\\\/moveis-para-escritorio-loja-do-centro-logo.jpg\",\"width\":275,\"height\":120,\"caption\":\"M\u00f3veis para Escrit\u00f3rio Loja do Centro\"},\"image\":{\"@id\":\"https:\\\/\\\/lojadocentro.com.br\\\/moveis\\\/#\\\/schema\\\/logo\\\/image\\\/\"}},{\"@type\":\"Person\",\"@id\":\"https:\\\/\\\/lojadocentro.com.br\\\/moveis\\\/#\\\/schema\\\/person\\\/d1d93a97964ef2dcfb9cb8d5db75d0f9\",\"name\":\"Ana\",\"sameAs\":[\"http:\\\/\\\/www.lojadocentro.com.br\"]}]}<\/script>\n<!-- \/ Yoast SEO plugin. -->","yoast_head_json":{"title":"Cadeira Presidente Com Gomos | Cadeira Presidente | Loja do Centro","description":"Cadeira presidente com gomos, acabamento costurado de alto padr\u00e3o. Tradicional e confort\u00e1vel, com espuma extra. V\u00e1rias cores e acabamentos!","robots":{"index":"index","follow":"follow","max-snippet":"max-snippet:-1","max-image-preview":"max-image-preview:large","max-video-preview":"max-video-preview:-1"},"canonical":"https:\/\/lojadocentro.com.br\/moveis\/cadeira-presidente\/cadeira-presidente-com-gomos\/","og_locale":"pt_BR","og_type":"article","og_title":"Cadeira Presidente Com Gomos | Cadeira Presidente | Loja do Centro","og_description":"Cadeira presidente com gomos, acabamento costurado de alto padr\u00e3o. Tradicional e confort\u00e1vel, com espuma extra. V\u00e1rias cores e acabamentos!","og_url":"https:\/\/lojadocentro.com.br\/moveis\/cadeira-presidente\/cadeira-presidente-com-gomos\/","og_site_name":"M\u00f3veis para Escrit\u00f3rio - Loja do Centro","article_published_time":"2023-03-19T15:00:37+00:00","article_modified_time":"2026-08-12T21:02:57+00:00","og_image":[{"width":820,"height":820,"url":"https:\/\/lojadocentro.com.br\/moveis\/wp-content\/uploads\/2023\/03\/cadeira-presidente-com-gomos-3.jpg","type":"image\/jpeg"}],"author":"Ana","twitter_card":"summary_large_image","twitter_misc":{"Escrito por":"Ana","Est. tempo de leitura":"4 minutos"},"schema":{"@context":"https:\/\/schema.org","@graph":[{"@type":"Article","@id":"https:\/\/lojadocentro.com.br\/moveis\/cadeira-presidente\/cadeira-presidente-com-gomos\/#article","isPartOf":{"@id":"https:\/\/lojadocentro.com.br\/moveis\/cadeira-presidente\/cadeira-presidente-com-gomos\/"},"author":{"name":"Ana","@id":"https:\/\/lojadocentro.com.br\/moveis\/#\/schema\/person\/d1d93a97964ef2dcfb9cb8d5db75d0f9"},"headline":"Cadeira Presidente Com Gomos","datePublished":"2023-03-19T15:00:37+00:00","dateModified":"2026-08-12T21:02:57+00:00","mainEntityOfPage":{"@id":"https:\/\/lojadocentro.com.br\/moveis\/cadeira-presidente\/cadeira-presidente-com-gomos\/"},"wordCount":314,"commentCount":0,"publisher":{"@id":"https:\/\/lojadocentro.com.br\/moveis\/#organization"},"image":{"@id":"https:\/\/lojadocentro.com.br\/moveis\/cadeira-presidente\/cadeira-presidente-com-gomos\/#primaryimage"},"thumbnailUrl":"https:\/\/lojadocentro.com.br\/moveis\/wp-content\/uploads\/2023\/03\/cadeira-presidente-com-gomos-3.jpg","keywords":["confort\u00e1vel","espuma extra","s\u00f3lida","v\u00e1rias cores","v\u00e1rios acabamentos","vers\u00e1til"],"articleSection":["Cadeira Presidente","Destaque Cadeiras"],"inLanguage":"pt-BR","potentialAction":[{"@type":"CommentAction","name":"Comment","target":["https:\/\/lojadocentro.com.br\/moveis\/cadeira-presidente\/cadeira-presidente-com-gomos\/#respond"]}]},{"@type":"WebPage","@id":"https:\/\/lojadocentro.com.br\/moveis\/cadeira-presidente\/cadeira-presidente-com-gomos\/","url":"https:\/\/lojadocentro.com.br\/moveis\/cadeira-presidente\/cadeira-presidente-com-gomos\/","name":"Cadeira Presidente Com Gomos | Cadeira Presidente | Loja do Centro","isPartOf":{"@id":"https:\/\/lojadocentro.com.br\/moveis\/#website"},"primaryImageOfPage":{"@id":"https:\/\/lojadocentro.com.br\/moveis\/cadeira-presidente\/cadeira-presidente-com-gomos\/#primaryimage"},"image":{"@id":"https:\/\/lojadocentro.com.br\/moveis\/cadeira-presidente\/cadeira-presidente-com-gomos\/#primaryimage"},"thumbnailUrl":"https:\/\/lojadocentro.com.br\/moveis\/wp-content\/uploads\/2023\/03\/cadeira-presidente-com-gomos-3.jpg","datePublished":"2023-03-19T15:00:37+00:00","dateModified":"2026-08-12T21:02:57+00:00","description":"Cadeira presidente com gomos, acabamento costurado de alto padr\u00e3o. Tradicional e confort\u00e1vel, com espuma extra. V\u00e1rias cores e acabamentos!","breadcrumb":{"@id":"https:\/\/lojadocentro.com.br\/moveis\/cadeira-presidente\/cadeira-presidente-com-gomos\/#breadcrumb"},"inLanguage":"pt-BR","potentialAction":[{"@type":"ReadAction","target":["https:\/\/lojadocentro.com.br\/moveis\/cadeira-presidente\/cadeira-presidente-com-gomos\/"]}]},{"@type":"ImageObject","inLanguage":"pt-BR","@id":"https:\/\/lojadocentro.com.br\/moveis\/cadeira-presidente\/cadeira-presidente-com-gomos\/#primaryimage","url":"https:\/\/lojadocentro.com.br\/moveis\/wp-content\/uploads\/2023\/03\/cadeira-presidente-com-gomos-3.jpg","contentUrl":"https:\/\/lojadocentro.com.br\/moveis\/wp-content\/uploads\/2023\/03\/cadeira-presidente-com-gomos-3.jpg","width":820,"height":820,"caption":"Cadeira Presidente para Escrit\u00f3rio"},{"@type":"BreadcrumbList","@id":"https:\/\/lojadocentro.com.br\/moveis\/cadeira-presidente\/cadeira-presidente-com-gomos\/#breadcrumb","itemListElement":[{"@type":"ListItem","position":1,"name":"In\u00edcio","item":"https:\/\/lojadocentro.com.br\/moveis\/"},{"@type":"ListItem","position":2,"name":"Cadeira Presidente Com Gomos"}]},{"@type":"WebSite","@id":"https:\/\/lojadocentro.com.br\/moveis\/#website","url":"https:\/\/lojadocentro.com.br\/moveis\/","name":"M\u00f3veis para Escrit\u00f3rio - Loja do Centro","description":"Loja de M\u00f3veis para Escrit\u00f3rio","publisher":{"@id":"https:\/\/lojadocentro.com.br\/moveis\/#organization"},"potentialAction":[{"@type":"SearchAction","target":{"@type":"EntryPoint","urlTemplate":"https:\/\/lojadocentro.com.br\/moveis\/?s={search_term_string}"},"query-input":{"@type":"PropertyValueSpecification","valueRequired":true,"valueName":"search_term_string"}}],"inLanguage":"pt-BR"},{"@type":"Organization","@id":"https:\/\/lojadocentro.com.br\/moveis\/#organization","name":"M\u00f3veis para Escrit\u00f3rio Loja do Centro","url":"https:\/\/lojadocentro.com.br\/moveis\/","logo":{"@type":"ImageObject","inLanguage":"pt-BR","@id":"https:\/\/lojadocentro.com.br\/moveis\/#\/schema\/logo\/image\/","url":"https:\/\/www.lojadocentro.com.br\/moveis\/wp-content\/uploads\/2015\/12\/moveis-para-escritorio-loja-do-centro-logo.jpg","contentUrl":"https:\/\/www.lojadocentro.com.br\/moveis\/wp-content\/uploads\/2015\/12\/moveis-para-escritorio-loja-do-centro-logo.jpg","width":275,"height":120,"caption":"M\u00f3veis para Escrit\u00f3rio Loja do Centro"},"image":{"@id":"https:\/\/lojadocentro.com.br\/moveis\/#\/schema\/logo\/image\/"}},{"@type":"Person","@id":"https:\/\/lojadocentro.com.br\/moveis\/#\/schema\/person\/d1d93a97964ef2dcfb9cb8d5db75d0f9","name":"Ana","sameAs":["http:\/\/www.lojadocentro.com.br"]}]}},"_links":{"self":[{"href":"https:\/\/lojadocentro.com.br\/moveis\/wp-json\/wp\/v2\/posts\/11559","targetHints":{"allow":["GET"]}}],"collection":[{"href":"https:\/\/lojadocentro.com.br\/moveis\/wp-json\/wp\/v2\/posts"}],"about":[{"href":"https:\/\/lojadocentro.com.br\/moveis\/wp-json\/wp\/v2\/types\/post"}],"author":[{"embeddable":true,"href":"https:\/\/lojadocentro.com.br\/moveis\/wp-json\/wp\/v2\/users\/2"}],"replies":[{"embeddable":true,"href":"https:\/\/lojadocentro.com.br\/moveis\/wp-json\/wp\/v2\/comments?post=11559"}],"version-history":[{"count":4,"href":"https:\/\/lojadocentro.com.br\/moveis\/wp-json\/wp\/v2\/posts\/11559\/revisions"}],"predecessor-version":[{"id":62259,"href":"https:\/\/lojadocentro.com.br\/moveis\/wp-json\/wp\/v2\/posts\/11559\/revisions\/62259"}],"wp:featuredmedia":[{"embeddable":true,"href":"https:\/\/lojadocentro.com.br\/moveis\/wp-json\/wp\/v2\/media\/62252"}],"wp:attachment":[{"href":"https:\/\/lojadocentro.com.br\/moveis\/wp-json\/wp\/v2\/media?parent=11559"}],"wp:term":[{"taxonomy":"category","embeddable":true,"href":"https:\/\/lojadocentro.com.br\/moveis\/wp-json\/wp\/v2\/categories?post=11559"},{"taxonomy":"post_tag","embeddable":true,"href":"https:\/\/lojadocentro.com.br\/moveis\/wp-json\/wp\/v2\/tags?post=11559"},{"taxonomy":"segmentos","embeddable":true,"href":"https:\/\/lojadocentro.com.br\/moveis\/wp-json\/wp\/v2\/segmentos?post=11559"}],"curies":[{"name":"wp","href":"https:\/\/api.w.org\/{rel}","templated":true}]}}