{"id":12808,"date":"2017-04-26T17:45:47","date_gmt":"2017-04-26T20:45:47","guid":{"rendered":"https:\/\/www.lojadocentro.com.br\/moveis\/?p=12808"},"modified":"2017-08-30T17:56:16","modified_gmt":"2017-08-30T20:56:16","slug":"moveis-para-escritorio-em-mdf-25mm","status":"publish","type":"post","link":"https:\/\/lojadocentro.com.br\/moveis\/moveis-para-escritorio\/moveis-para-escritorio-em-mdf\/moveis-para-escritorio-em-mdf-25mm\/","title":{"rendered":"M\u00f3veis para escrit\u00f3rio em MDF 25mm"},"content":{"rendered":"<h2>M\u00f3veis para escrit\u00f3rio em MDF 25mm<\/h2>\n<p>Mesa retangular, mesa em L,<br \/>\nEsta\u00e7\u00e3o de trabalho,<br \/>\nArm\u00e1rios e gaveteiros<br \/>\nLinha completa em MDF 25mm<\/p>\n<p><!--more--><\/p>\n<h2>M\u00f3veis para escrit\u00f3rio em MDF 25mm<\/h2>\n<p>Linha de mobili\u00e1rio completa confeccionada em MDF de 25mm de espessura. Mesa retangular, em L, mesa delta, esta\u00e7\u00e3o de trabalho, mesa de reuni\u00e3o, arm\u00e1rio alto, m\u00e9dio, baixo, arquivo para pastas suspensas, gaveteiros. Tudo em MDF 25mm.<\/p>\n<p><img fetchpriority=\"high\" decoding=\"async\" class=\"alignnone size-full wp-image-12809\" src=\"https:\/\/www.lojadocentro.com.br\/moveis\/wp-content\/uploads\/2017\/04\/moveis-para-escritorio-em-mdf-25mm.jpg\" alt=\"mesa para escrit\u00f3rio em MDF, m\u00f3veis para escrit\u00f3rio em SP\" width=\"1000\" height=\"332\" srcset=\"https:\/\/lojadocentro.com.br\/moveis\/wp-content\/uploads\/2017\/04\/moveis-para-escritorio-em-mdf-25mm.jpg 1000w, https:\/\/lojadocentro.com.br\/moveis\/wp-content\/uploads\/2017\/04\/moveis-para-escritorio-em-mdf-25mm-200x66.jpg 200w, https:\/\/lojadocentro.com.br\/moveis\/wp-content\/uploads\/2017\/04\/moveis-para-escritorio-em-mdf-25mm-300x100.jpg 300w, https:\/\/lojadocentro.com.br\/moveis\/wp-content\/uploads\/2017\/04\/moveis-para-escritorio-em-mdf-25mm-768x255.jpg 768w\" sizes=\"(max-width: 1000px) 100vw, 1000px\" \/><\/p>\n<p><img decoding=\"async\" class=\"alignnone size-large wp-image-12813\" src=\"https:\/\/www.lojadocentro.com.br\/moveis\/wp-content\/uploads\/2017\/04\/moveis-para-escritorio-em-mdf-25mm-2-1024x510.jpg\" alt=\"mesa para escrit\u00f3rio em MDF, m\u00f3veis para escrit\u00f3rio em SP\" width=\"900\" height=\"448\" srcset=\"https:\/\/lojadocentro.com.br\/moveis\/wp-content\/uploads\/2017\/04\/moveis-para-escritorio-em-mdf-25mm-2-1024x510.jpg 1024w, https:\/\/lojadocentro.com.br\/moveis\/wp-content\/uploads\/2017\/04\/moveis-para-escritorio-em-mdf-25mm-2-200x100.jpg 200w, https:\/\/lojadocentro.com.br\/moveis\/wp-content\/uploads\/2017\/04\/moveis-para-escritorio-em-mdf-25mm-2-300x149.jpg 300w, https:\/\/lojadocentro.com.br\/moveis\/wp-content\/uploads\/2017\/04\/moveis-para-escritorio-em-mdf-25mm-2-768x383.jpg 768w, https:\/\/lojadocentro.com.br\/moveis\/wp-content\/uploads\/2017\/04\/moveis-para-escritorio-em-mdf-25mm-2.jpg 1036w\" sizes=\"(max-width: 900px) 100vw, 900px\" \/><\/p>\n<p>Cores para m\u00f3veis em MDF:<\/p>\n<p><img decoding=\"async\" class=\"alignnone size-full wp-image-12791\" src=\"https:\/\/www.lojadocentro.com.br\/moveis\/wp-content\/uploads\/2017\/04\/cores-mdf-moveis-para-escritorio-em-sp.jpg\" alt=\"Cores para m\u00f3veis para escrit\u00f3rio em MDF\" width=\"600\" height=\"300\" srcset=\"https:\/\/lojadocentro.com.br\/moveis\/wp-content\/uploads\/2017\/04\/cores-mdf-moveis-para-escritorio-em-sp.jpg 600w, https:\/\/lojadocentro.com.br\/moveis\/wp-content\/uploads\/2017\/04\/cores-mdf-moveis-para-escritorio-em-sp-200x100.jpg 200w, https:\/\/lojadocentro.com.br\/moveis\/wp-content\/uploads\/2017\/04\/cores-mdf-moveis-para-escritorio-em-sp-300x150.jpg 300w\" sizes=\"(max-width: 600px) 100vw, 600px\" \/><\/p>\n","protected":false},"excerpt":{"rendered":"<p>M\u00f3veis para escrit\u00f3rio em MDF 25mm Mesa retangular, mesa em L, Esta\u00e7\u00e3o de trabalho, Arm\u00e1rios e gaveteiros Linha completa em MDF 25mm<\/p>\n","protected":false},"author":2,"featured_media":12810,"comment_status":"open","ping_status":"open","sticky":false,"template":"","format":"standard","meta":{"_exactmetrics_skip_tracking":false,"_exactmetrics_sitenote_active":false,"_exactmetrics_sitenote_note":"","_exactmetrics_sitenote_category":0,"site-sidebar-layout":"default","site-content-layout":"","ast-site-content-layout":"","site-content-style":"default","site-sidebar-style":"default","ast-global-header-display":"","ast-banner-title-visibility":"","ast-main-header-display":"","ast-hfb-above-header-display":"","ast-hfb-below-header-display":"","ast-hfb-mobile-header-display":"","site-post-title":"","ast-breadcrumbs-content":"","ast-featured-img":"","footer-sml-layout":"","theme-transparent-header-meta":"","adv-header-id-meta":"","stick-header-meta":"","header-above-stick-meta":"","header-main-stick-meta":"","header-below-stick-meta":"","astra-migrate-meta-layouts":"default","ast-page-background-enabled":"default","ast-page-background-meta":{"desktop":{"background-color":"var(--ast-global-color-4)","background-image":"","background-repeat":"repeat","background-position":"center center","background-size":"auto","background-attachment":"scroll","background-type":"","background-media":"","overlay-type":"","overlay-color":"","overlay-opacity":"","overlay-gradient":""},"tablet":{"background-color":"","background-image":"","background-repeat":"repeat","background-position":"center center","background-size":"auto","background-attachment":"scroll","background-type":"","background-media":"","overlay-type":"","overlay-color":"","overlay-opacity":"","overlay-gradient":""},"mobile":{"background-color":"","background-image":"","background-repeat":"repeat","background-position":"center center","background-size":"auto","background-attachment":"scroll","background-type":"","background-media":"","overlay-type":"","overlay-color":"","overlay-opacity":"","overlay-gradient":""}},"ast-content-background-meta":{"desktop":{"background-color":"var(--ast-global-color-5)","background-image":"","background-repeat":"repeat","background-position":"center center","background-size":"auto","background-attachment":"scroll","background-type":"","background-media":"","overlay-type":"","overlay-color":"","overlay-opacity":"","overlay-gradient":""},"tablet":{"background-color":"var(--ast-global-color-5)","background-image":"","background-repeat":"repeat","background-position":"center center","background-size":"auto","background-attachment":"scroll","background-type":"","background-media":"","overlay-type":"","overlay-color":"","overlay-opacity":"","overlay-gradient":""},"mobile":{"background-color":"var(--ast-global-color-5)","background-image":"","background-repeat":"repeat","background-position":"center center","background-size":"auto","background-attachment":"scroll","background-type":"","background-media":"","overlay-type":"","overlay-color":"","overlay-opacity":"","overlay-gradient":""}},"footnotes":""},"categories":[220],"tags":[],"segmentos":[],"class_list":["post-12808","post","type-post","status-publish","format-standard","has-post-thumbnail","hentry","category-moveis-para-escritorio-em-mdf"],"yoast_head":"<!-- This site is optimized with the Yoast SEO plugin v27.2 - https:\/\/yoast.com\/product\/yoast-seo-wordpress\/ -->\n<title>M\u00f3veis para escrit\u00f3rio em MDF 25mm - M\u00f3veis para Escrit\u00f3rio - Loja do Centro<\/title>\n<meta name=\"description\" content=\"M\u00f3veis para escrit\u00f3rio em MDF 25mm. Mesa retangular, mesa em L, esta\u00e7\u00e3o de trabalho, gaveteiros, arm\u00e1rios, uma linha completa para escrit\u00f3rio em MDF 25mm.\" \/>\n<meta name=\"robots\" content=\"index, follow, max-snippet:-1, max-image-preview:large, max-video-preview:-1\" \/>\n<link rel=\"canonical\" href=\"https:\/\/lojadocentro.com.br\/moveis\/moveis-para-escritorio\/moveis-para-escritorio-em-mdf\/moveis-para-escritorio-em-mdf-25mm\/\" \/>\n<meta property=\"og:locale\" content=\"pt_BR\" \/>\n<meta property=\"og:type\" content=\"article\" \/>\n<meta property=\"og:title\" content=\"M\u00f3veis para escrit\u00f3rio em MDF 25mm - M\u00f3veis para Escrit\u00f3rio - Loja do Centro\" \/>\n<meta property=\"og:description\" content=\"M\u00f3veis para escrit\u00f3rio em MDF 25mm. Mesa retangular, mesa em L, esta\u00e7\u00e3o de trabalho, gaveteiros, arm\u00e1rios, uma linha completa para escrit\u00f3rio em MDF 25mm.\" \/>\n<meta property=\"og:url\" content=\"https:\/\/lojadocentro.com.br\/moveis\/moveis-para-escritorio\/moveis-para-escritorio-em-mdf\/moveis-para-escritorio-em-mdf-25mm\/\" \/>\n<meta property=\"og:site_name\" content=\"M\u00f3veis para Escrit\u00f3rio - Loja do Centro\" \/>\n<meta property=\"article:published_time\" content=\"2017-04-26T20:45:47+00:00\" \/>\n<meta property=\"article:modified_time\" content=\"2017-08-30T20:56:16+00:00\" \/>\n<meta property=\"og:image\" content=\"https:\/\/lojadocentro.com.br\/moveis\/wp-content\/uploads\/2017\/04\/moveis-para-escritorio-em-mdf-25mm-1.jpg\" \/>\n\t<meta property=\"og:image:width\" content=\"550\" \/>\n\t<meta property=\"og:image:height\" content=\"358\" \/>\n\t<meta property=\"og:image:type\" content=\"image\/jpeg\" \/>\n<meta name=\"author\" content=\"Loja do Centro\" \/>\n<meta name=\"twitter:card\" content=\"summary_large_image\" \/>\n<meta name=\"twitter:label1\" content=\"Escrito por\" \/>\n\t<meta name=\"twitter:data1\" content=\"Loja do Centro\" \/>\n<script type=\"application\/ld+json\" class=\"yoast-schema-graph\">{\"@context\":\"https:\/\/schema.org\",\"@graph\":[{\"@type\":\"Article\",\"@id\":\"https:\/\/lojadocentro.com.br\/moveis\/moveis-para-escritorio\/moveis-para-escritorio-em-mdf\/moveis-para-escritorio-em-mdf-25mm\/#article\",\"isPartOf\":{\"@id\":\"https:\/\/lojadocentro.com.br\/moveis\/moveis-para-escritorio\/moveis-para-escritorio-em-mdf\/moveis-para-escritorio-em-mdf-25mm\/\"},\"author\":{\"name\":\"Loja do Centro\",\"@id\":\"https:\/\/lojadocentro.com.br\/moveis\/#\/schema\/person\/d1d93a97964ef2dcfb9cb8d5db75d0f9\"},\"headline\":\"M\u00f3veis para escrit\u00f3rio em MDF 25mm\",\"datePublished\":\"2017-04-26T20:45:47+00:00\",\"dateModified\":\"2017-08-30T20:56:16+00:00\",\"mainEntityOfPage\":{\"@id\":\"https:\/\/lojadocentro.com.br\/moveis\/moveis-para-escritorio\/moveis-para-escritorio-em-mdf\/moveis-para-escritorio-em-mdf-25mm\/\"},\"wordCount\":89,\"commentCount\":0,\"publisher\":{\"@id\":\"https:\/\/lojadocentro.com.br\/moveis\/#organization\"},\"image\":{\"@id\":\"https:\/\/lojadocentro.com.br\/moveis\/moveis-para-escritorio\/moveis-para-escritorio-em-mdf\/moveis-para-escritorio-em-mdf-25mm\/#primaryimage\"},\"thumbnailUrl\":\"https:\/\/lojadocentro.com.br\/moveis\/wp-content\/uploads\/2017\/04\/moveis-para-escritorio-em-mdf-25mm-1.jpg\",\"articleSection\":[\"M\u00f3veis para escrit\u00f3rio em MDF\"],\"inLanguage\":\"pt-BR\",\"potentialAction\":[{\"@type\":\"CommentAction\",\"name\":\"Comment\",\"target\":[\"https:\/\/lojadocentro.com.br\/moveis\/moveis-para-escritorio\/moveis-para-escritorio-em-mdf\/moveis-para-escritorio-em-mdf-25mm\/#respond\"]}]},{\"@type\":\"WebPage\",\"@id\":\"https:\/\/lojadocentro.com.br\/moveis\/moveis-para-escritorio\/moveis-para-escritorio-em-mdf\/moveis-para-escritorio-em-mdf-25mm\/\",\"url\":\"https:\/\/lojadocentro.com.br\/moveis\/moveis-para-escritorio\/moveis-para-escritorio-em-mdf\/moveis-para-escritorio-em-mdf-25mm\/\",\"name\":\"M\u00f3veis para escrit\u00f3rio em MDF 25mm - M\u00f3veis para Escrit\u00f3rio - Loja do Centro\",\"isPartOf\":{\"@id\":\"https:\/\/lojadocentro.com.br\/moveis\/#website\"},\"primaryImageOfPage\":{\"@id\":\"https:\/\/lojadocentro.com.br\/moveis\/moveis-para-escritorio\/moveis-para-escritorio-em-mdf\/moveis-para-escritorio-em-mdf-25mm\/#primaryimage\"},\"image\":{\"@id\":\"https:\/\/lojadocentro.com.br\/moveis\/moveis-para-escritorio\/moveis-para-escritorio-em-mdf\/moveis-para-escritorio-em-mdf-25mm\/#primaryimage\"},\"thumbnailUrl\":\"https:\/\/lojadocentro.com.br\/moveis\/wp-content\/uploads\/2017\/04\/moveis-para-escritorio-em-mdf-25mm-1.jpg\",\"datePublished\":\"2017-04-26T20:45:47+00:00\",\"dateModified\":\"2017-08-30T20:56:16+00:00\",\"description\":\"M\u00f3veis para escrit\u00f3rio em MDF 25mm. Mesa retangular, mesa em L, esta\u00e7\u00e3o de trabalho, gaveteiros, arm\u00e1rios, uma linha completa para escrit\u00f3rio em MDF 25mm.\",\"breadcrumb\":{\"@id\":\"https:\/\/lojadocentro.com.br\/moveis\/moveis-para-escritorio\/moveis-para-escritorio-em-mdf\/moveis-para-escritorio-em-mdf-25mm\/#breadcrumb\"},\"inLanguage\":\"pt-BR\",\"potentialAction\":[{\"@type\":\"ReadAction\",\"target\":[\"https:\/\/lojadocentro.com.br\/moveis\/moveis-para-escritorio\/moveis-para-escritorio-em-mdf\/moveis-para-escritorio-em-mdf-25mm\/\"]}]},{\"@type\":\"ImageObject\",\"inLanguage\":\"pt-BR\",\"@id\":\"https:\/\/lojadocentro.com.br\/moveis\/moveis-para-escritorio\/moveis-para-escritorio-em-mdf\/moveis-para-escritorio-em-mdf-25mm\/#primaryimage\",\"url\":\"https:\/\/lojadocentro.com.br\/moveis\/wp-content\/uploads\/2017\/04\/moveis-para-escritorio-em-mdf-25mm-1.jpg\",\"contentUrl\":\"https:\/\/lojadocentro.com.br\/moveis\/wp-content\/uploads\/2017\/04\/moveis-para-escritorio-em-mdf-25mm-1.jpg\",\"width\":550,\"height\":358,\"caption\":\"mesa para escrit\u00f3rio em MDF, m\u00f3veis para escrit\u00f3rio em SP\"},{\"@type\":\"BreadcrumbList\",\"@id\":\"https:\/\/lojadocentro.com.br\/moveis\/moveis-para-escritorio\/moveis-para-escritorio-em-mdf\/moveis-para-escritorio-em-mdf-25mm\/#breadcrumb\",\"itemListElement\":[{\"@type\":\"ListItem\",\"position\":1,\"name\":\"In\u00edcio\",\"item\":\"https:\/\/lojadocentro.com.br\/moveis\/\"},{\"@type\":\"ListItem\",\"position\":2,\"name\":\"M\u00f3veis para escrit\u00f3rio em MDF 25mm\"}]},{\"@type\":\"WebSite\",\"@id\":\"https:\/\/lojadocentro.com.br\/moveis\/#website\",\"url\":\"https:\/\/lojadocentro.com.br\/moveis\/\",\"name\":\"M\u00f3veis para Escrit\u00f3rio - Loja do Centro\",\"description\":\"Loja de M\u00f3veis para Escrit\u00f3rio\",\"publisher\":{\"@id\":\"https:\/\/lojadocentro.com.br\/moveis\/#organization\"},\"potentialAction\":[{\"@type\":\"SearchAction\",\"target\":{\"@type\":\"EntryPoint\",\"urlTemplate\":\"https:\/\/lojadocentro.com.br\/moveis\/?s={search_term_string}\"},\"query-input\":{\"@type\":\"PropertyValueSpecification\",\"valueRequired\":true,\"valueName\":\"search_term_string\"}}],\"inLanguage\":\"pt-BR\"},{\"@type\":\"Organization\",\"@id\":\"https:\/\/lojadocentro.com.br\/moveis\/#organization\",\"name\":\"M\u00f3veis para Escrit\u00f3rio Loja do Centro\",\"url\":\"https:\/\/lojadocentro.com.br\/moveis\/\",\"logo\":{\"@type\":\"ImageObject\",\"inLanguage\":\"pt-BR\",\"@id\":\"https:\/\/lojadocentro.com.br\/moveis\/#\/schema\/logo\/image\/\",\"url\":\"https:\/\/www.lojadocentro.com.br\/moveis\/wp-content\/uploads\/2015\/12\/moveis-para-escritorio-loja-do-centro-logo.jpg\",\"contentUrl\":\"https:\/\/www.lojadocentro.com.br\/moveis\/wp-content\/uploads\/2015\/12\/moveis-para-escritorio-loja-do-centro-logo.jpg\",\"width\":275,\"height\":120,\"caption\":\"M\u00f3veis para Escrit\u00f3rio Loja do Centro\"},\"image\":{\"@id\":\"https:\/\/lojadocentro.com.br\/moveis\/#\/schema\/logo\/image\/\"}},{\"@type\":\"Person\",\"@id\":\"https:\/\/lojadocentro.com.br\/moveis\/#\/schema\/person\/d1d93a97964ef2dcfb9cb8d5db75d0f9\",\"name\":\"Loja do Centro\"}]}<\/script>\n<!-- \/ Yoast SEO plugin. -->","yoast_head_json":{"title":"M\u00f3veis para escrit\u00f3rio em MDF 25mm - M\u00f3veis para Escrit\u00f3rio - Loja do Centro","description":"M\u00f3veis para escrit\u00f3rio em MDF 25mm. Mesa retangular, mesa em L, esta\u00e7\u00e3o de trabalho, gaveteiros, arm\u00e1rios, uma linha completa para escrit\u00f3rio em MDF 25mm.","robots":{"index":"index","follow":"follow","max-snippet":"max-snippet:-1","max-image-preview":"max-image-preview:large","max-video-preview":"max-video-preview:-1"},"canonical":"https:\/\/lojadocentro.com.br\/moveis\/moveis-para-escritorio\/moveis-para-escritorio-em-mdf\/moveis-para-escritorio-em-mdf-25mm\/","og_locale":"pt_BR","og_type":"article","og_title":"M\u00f3veis para escrit\u00f3rio em MDF 25mm - M\u00f3veis para Escrit\u00f3rio - Loja do Centro","og_description":"M\u00f3veis para escrit\u00f3rio em MDF 25mm. Mesa retangular, mesa em L, esta\u00e7\u00e3o de trabalho, gaveteiros, arm\u00e1rios, uma linha completa para escrit\u00f3rio em MDF 25mm.","og_url":"https:\/\/lojadocentro.com.br\/moveis\/moveis-para-escritorio\/moveis-para-escritorio-em-mdf\/moveis-para-escritorio-em-mdf-25mm\/","og_site_name":"M\u00f3veis para Escrit\u00f3rio - Loja do Centro","article_published_time":"2017-04-26T20:45:47+00:00","article_modified_time":"2017-08-30T20:56:16+00:00","og_image":[{"width":550,"height":358,"url":"https:\/\/lojadocentro.com.br\/moveis\/wp-content\/uploads\/2017\/04\/moveis-para-escritorio-em-mdf-25mm-1.jpg","type":"image\/jpeg"}],"author":"Loja do Centro","twitter_card":"summary_large_image","twitter_misc":{"Escrito por":"Loja do Centro"},"schema":{"@context":"https:\/\/schema.org","@graph":[{"@type":"Article","@id":"https:\/\/lojadocentro.com.br\/moveis\/moveis-para-escritorio\/moveis-para-escritorio-em-mdf\/moveis-para-escritorio-em-mdf-25mm\/#article","isPartOf":{"@id":"https:\/\/lojadocentro.com.br\/moveis\/moveis-para-escritorio\/moveis-para-escritorio-em-mdf\/moveis-para-escritorio-em-mdf-25mm\/"},"author":{"name":"Loja do Centro","@id":"https:\/\/lojadocentro.com.br\/moveis\/#\/schema\/person\/d1d93a97964ef2dcfb9cb8d5db75d0f9"},"headline":"M\u00f3veis para escrit\u00f3rio em MDF 25mm","datePublished":"2017-04-26T20:45:47+00:00","dateModified":"2017-08-30T20:56:16+00:00","mainEntityOfPage":{"@id":"https:\/\/lojadocentro.com.br\/moveis\/moveis-para-escritorio\/moveis-para-escritorio-em-mdf\/moveis-para-escritorio-em-mdf-25mm\/"},"wordCount":89,"commentCount":0,"publisher":{"@id":"https:\/\/lojadocentro.com.br\/moveis\/#organization"},"image":{"@id":"https:\/\/lojadocentro.com.br\/moveis\/moveis-para-escritorio\/moveis-para-escritorio-em-mdf\/moveis-para-escritorio-em-mdf-25mm\/#primaryimage"},"thumbnailUrl":"https:\/\/lojadocentro.com.br\/moveis\/wp-content\/uploads\/2017\/04\/moveis-para-escritorio-em-mdf-25mm-1.jpg","articleSection":["M\u00f3veis para escrit\u00f3rio em MDF"],"inLanguage":"pt-BR","potentialAction":[{"@type":"CommentAction","name":"Comment","target":["https:\/\/lojadocentro.com.br\/moveis\/moveis-para-escritorio\/moveis-para-escritorio-em-mdf\/moveis-para-escritorio-em-mdf-25mm\/#respond"]}]},{"@type":"WebPage","@id":"https:\/\/lojadocentro.com.br\/moveis\/moveis-para-escritorio\/moveis-para-escritorio-em-mdf\/moveis-para-escritorio-em-mdf-25mm\/","url":"https:\/\/lojadocentro.com.br\/moveis\/moveis-para-escritorio\/moveis-para-escritorio-em-mdf\/moveis-para-escritorio-em-mdf-25mm\/","name":"M\u00f3veis para escrit\u00f3rio em MDF 25mm - M\u00f3veis para Escrit\u00f3rio - Loja do Centro","isPartOf":{"@id":"https:\/\/lojadocentro.com.br\/moveis\/#website"},"primaryImageOfPage":{"@id":"https:\/\/lojadocentro.com.br\/moveis\/moveis-para-escritorio\/moveis-para-escritorio-em-mdf\/moveis-para-escritorio-em-mdf-25mm\/#primaryimage"},"image":{"@id":"https:\/\/lojadocentro.com.br\/moveis\/moveis-para-escritorio\/moveis-para-escritorio-em-mdf\/moveis-para-escritorio-em-mdf-25mm\/#primaryimage"},"thumbnailUrl":"https:\/\/lojadocentro.com.br\/moveis\/wp-content\/uploads\/2017\/04\/moveis-para-escritorio-em-mdf-25mm-1.jpg","datePublished":"2017-04-26T20:45:47+00:00","dateModified":"2017-08-30T20:56:16+00:00","description":"M\u00f3veis para escrit\u00f3rio em MDF 25mm. Mesa retangular, mesa em L, esta\u00e7\u00e3o de trabalho, gaveteiros, arm\u00e1rios, uma linha completa para escrit\u00f3rio em MDF 25mm.","breadcrumb":{"@id":"https:\/\/lojadocentro.com.br\/moveis\/moveis-para-escritorio\/moveis-para-escritorio-em-mdf\/moveis-para-escritorio-em-mdf-25mm\/#breadcrumb"},"inLanguage":"pt-BR","potentialAction":[{"@type":"ReadAction","target":["https:\/\/lojadocentro.com.br\/moveis\/moveis-para-escritorio\/moveis-para-escritorio-em-mdf\/moveis-para-escritorio-em-mdf-25mm\/"]}]},{"@type":"ImageObject","inLanguage":"pt-BR","@id":"https:\/\/lojadocentro.com.br\/moveis\/moveis-para-escritorio\/moveis-para-escritorio-em-mdf\/moveis-para-escritorio-em-mdf-25mm\/#primaryimage","url":"https:\/\/lojadocentro.com.br\/moveis\/wp-content\/uploads\/2017\/04\/moveis-para-escritorio-em-mdf-25mm-1.jpg","contentUrl":"https:\/\/lojadocentro.com.br\/moveis\/wp-content\/uploads\/2017\/04\/moveis-para-escritorio-em-mdf-25mm-1.jpg","width":550,"height":358,"caption":"mesa para escrit\u00f3rio em MDF, m\u00f3veis para escrit\u00f3rio em SP"},{"@type":"BreadcrumbList","@id":"https:\/\/lojadocentro.com.br\/moveis\/moveis-para-escritorio\/moveis-para-escritorio-em-mdf\/moveis-para-escritorio-em-mdf-25mm\/#breadcrumb","itemListElement":[{"@type":"ListItem","position":1,"name":"In\u00edcio","item":"https:\/\/lojadocentro.com.br\/moveis\/"},{"@type":"ListItem","position":2,"name":"M\u00f3veis para escrit\u00f3rio em MDF 25mm"}]},{"@type":"WebSite","@id":"https:\/\/lojadocentro.com.br\/moveis\/#website","url":"https:\/\/lojadocentro.com.br\/moveis\/","name":"M\u00f3veis para Escrit\u00f3rio - Loja do Centro","description":"Loja de M\u00f3veis para Escrit\u00f3rio","publisher":{"@id":"https:\/\/lojadocentro.com.br\/moveis\/#organization"},"potentialAction":[{"@type":"SearchAction","target":{"@type":"EntryPoint","urlTemplate":"https:\/\/lojadocentro.com.br\/moveis\/?s={search_term_string}"},"query-input":{"@type":"PropertyValueSpecification","valueRequired":true,"valueName":"search_term_string"}}],"inLanguage":"pt-BR"},{"@type":"Organization","@id":"https:\/\/lojadocentro.com.br\/moveis\/#organization","name":"M\u00f3veis para Escrit\u00f3rio Loja do Centro","url":"https:\/\/lojadocentro.com.br\/moveis\/","logo":{"@type":"ImageObject","inLanguage":"pt-BR","@id":"https:\/\/lojadocentro.com.br\/moveis\/#\/schema\/logo\/image\/","url":"https:\/\/www.lojadocentro.com.br\/moveis\/wp-content\/uploads\/2015\/12\/moveis-para-escritorio-loja-do-centro-logo.jpg","contentUrl":"https:\/\/www.lojadocentro.com.br\/moveis\/wp-content\/uploads\/2015\/12\/moveis-para-escritorio-loja-do-centro-logo.jpg","width":275,"height":120,"caption":"M\u00f3veis para Escrit\u00f3rio Loja do Centro"},"image":{"@id":"https:\/\/lojadocentro.com.br\/moveis\/#\/schema\/logo\/image\/"}},{"@type":"Person","@id":"https:\/\/lojadocentro.com.br\/moveis\/#\/schema\/person\/d1d93a97964ef2dcfb9cb8d5db75d0f9","name":"Loja do Centro"}]}},"_links":{"self":[{"href":"https:\/\/lojadocentro.com.br\/moveis\/wp-json\/wp\/v2\/posts\/12808","targetHints":{"allow":["GET"]}}],"collection":[{"href":"https:\/\/lojadocentro.com.br\/moveis\/wp-json\/wp\/v2\/posts"}],"about":[{"href":"https:\/\/lojadocentro.com.br\/moveis\/wp-json\/wp\/v2\/types\/post"}],"author":[{"embeddable":true,"href":"https:\/\/lojadocentro.com.br\/moveis\/wp-json\/wp\/v2\/users\/2"}],"replies":[{"embeddable":true,"href":"https:\/\/lojadocentro.com.br\/moveis\/wp-json\/wp\/v2\/comments?post=12808"}],"version-history":[{"count":0,"href":"https:\/\/lojadocentro.com.br\/moveis\/wp-json\/wp\/v2\/posts\/12808\/revisions"}],"wp:featuredmedia":[{"embeddable":true,"href":"https:\/\/lojadocentro.com.br\/moveis\/wp-json\/wp\/v2\/media\/12810"}],"wp:attachment":[{"href":"https:\/\/lojadocentro.com.br\/moveis\/wp-json\/wp\/v2\/media?parent=12808"}],"wp:term":[{"taxonomy":"category","embeddable":true,"href":"https:\/\/lojadocentro.com.br\/moveis\/wp-json\/wp\/v2\/categories?post=12808"},{"taxonomy":"post_tag","embeddable":true,"href":"https:\/\/lojadocentro.com.br\/moveis\/wp-json\/wp\/v2\/tags?post=12808"},{"taxonomy":"segmentos","embeddable":true,"href":"https:\/\/lojadocentro.com.br\/moveis\/wp-json\/wp\/v2\/segmentos?post=12808"}],"curies":[{"name":"wp","href":"https:\/\/api.w.org\/{rel}","templated":true}]}}