{"id":14637,"date":"2026-01-06T12:00:07","date_gmt":"2026-01-06T15:00:07","guid":{"rendered":"https:\/\/www.lojadocentro.com.br\/moveis\/?p=14637"},"modified":"2026-08-12T19:03:55","modified_gmt":"2026-08-12T22:03:55","slug":"cadeira-presidente-op-plus","status":"publish","type":"post","link":"https:\/\/lojadocentro.com.br\/moveis\/cadeira-presidente\/cadeira-presidente-op-plus\/","title":{"rendered":"Cadeira Presidente Op Plus"},"content":{"rendered":"<h2>Cadeira Presidente Op Plus<\/h2>\n<p>Cadeira Presidente Op Plus: Alta, confort\u00e1vel, carenada, com acabamento moderno, excelente. Uma linha b\u00e1sica mas atual, com encosto carenado, bra\u00e7os regul\u00e1veis, mecanismo ergon\u00f4mico ou relax. Para quem procura uma <strong>cadeira para escrit\u00f3rio<\/strong> alta confort\u00e1vel, moderna, com revestimentos diferenciados.<\/p>\n<p><!--more--><\/p>\n<h3>Qual \u00e9 a indica\u00e7\u00e3o da Cadeira Presidente Op Plus?<\/h3>\n<p>Sabe quando a gente precisa de uma <strong>cadeira de escrit\u00f3rio<\/strong> confort\u00e1vel, b\u00e1sica mas bem acabada, diferenciada, que caia bem em qualquer ambiente da empresa?<\/p>\n<h3>Diferenciais:<\/h3>\n<ul>\n<li>Tem costuras laterais no estofado<\/li>\n<li>Possui acabamento carenado atr\u00e1s do encosto e embaixo do assento, conferindo modernidade, durabilidade e facilidade para limpeza.<\/li>\n<li>Mecanismo relax<\/li>\n<li>Mecanismo ergon\u00f4mico back system com 2 alavancas<\/li>\n<li>Estrela de a\u00e7o com capa<\/li>\n<li>Op\u00e7\u00e3o de rod\u00edzios macios anti-riscos<\/li>\n<li>Variedade de revestimentos diferenciados em cores contempor\u00e2neas.<\/li>\n<\/ul>\n<p>Indicamos para quem procura um estofado com maior conforto para pessoas de porte, altura e peso variados, que n\u00e3o se adaptam bem em cadeiras de menor porte, como as do tipo secret\u00e1ria. Um estofado maior, com encosto alto e acabamento moderno, ainda que b\u00e1sico.<\/p>\n<p>Pode ser montada com mecanismo relax de contato permanente com o corpo, com trava ou com mecanismo ergon\u00f4mico back system II de 2 alavancas.<\/p>\n<p>Muito boa para <a href=\"https:\/\/lojadocentro.com.br\/moveis\/mesas-plataforma\/\">posi\u00e7\u00f5es de trabalho<\/a> em geral, <a href=\"https:\/\/www.lojadocentro.com.br\/moveis\/mesas-para-escritorio\/mesas-para-gerencia\/\">mesas para ger\u00eancia<\/a> e tamb\u00e9m para <a href=\"https:\/\/www.lojadocentro.com.br\/moveis\/mesas-para-escritorio\/mesas-para-reuniao\/\">mesas de reuni\u00e3o<\/a>.<\/p>\n<p>\u00c9 uma cadeira com design tradicional, acabamento moderno, que entrega conforto, ergonomia e durabilidade.<\/p>\n<h6>Agende uma consultoria gratuita em nossa loja pelo PABX 11 3242-3536. Projetamos seu ambiente de trabalho.<\/h6>\n<p>&nbsp;<\/p>\n<p><img fetchpriority=\"high\" decoding=\"async\" class=\"alignnone  wp-image-62264\" src=\"https:\/\/lojadocentro.com.br\/moveis\/wp-content\/uploads\/2020\/11\/cadeira-presidente-op-plus-2.jpg\" alt=\"Cadeira Presidente de Escrit\u00f3rio\" width=\"266\" height=\"266\" srcset=\"https:\/\/lojadocentro.com.br\/moveis\/wp-content\/uploads\/2020\/11\/cadeira-presidente-op-plus-2.jpg 730w, https:\/\/lojadocentro.com.br\/moveis\/wp-content\/uploads\/2020\/11\/cadeira-presidente-op-plus-2-300x300.jpg 300w, https:\/\/lojadocentro.com.br\/moveis\/wp-content\/uploads\/2020\/11\/cadeira-presidente-op-plus-2-200x200.jpg 200w\" sizes=\"(max-width: 266px) 100vw, 266px\" \/><img decoding=\"async\" class=\"alignnone  wp-image-62265\" src=\"https:\/\/lojadocentro.com.br\/moveis\/wp-content\/uploads\/2020\/11\/cadeira-presidente-op-plus-2-lado.jpg\" alt=\"Cadeira Presidente para Escrit\u00f3rio\" width=\"260\" height=\"260\" srcset=\"https:\/\/lojadocentro.com.br\/moveis\/wp-content\/uploads\/2020\/11\/cadeira-presidente-op-plus-2-lado.jpg 730w, https:\/\/lojadocentro.com.br\/moveis\/wp-content\/uploads\/2020\/11\/cadeira-presidente-op-plus-2-lado-300x300.jpg 300w, https:\/\/lojadocentro.com.br\/moveis\/wp-content\/uploads\/2020\/11\/cadeira-presidente-op-plus-2-lado-200x200.jpg 200w\" sizes=\"(max-width: 260px) 100vw, 260px\" \/><img decoding=\"async\" class=\"alignnone  wp-image-62267\" src=\"https:\/\/lojadocentro.com.br\/moveis\/wp-content\/uploads\/2020\/11\/cadeira-presidente-op-plus-costas.jpg\" alt=\"Cadeira Presidente Escrit\u00f3rio; em SP\" width=\"263\" height=\"263\" srcset=\"https:\/\/lojadocentro.com.br\/moveis\/wp-content\/uploads\/2020\/11\/cadeira-presidente-op-plus-costas.jpg 730w, https:\/\/lojadocentro.com.br\/moveis\/wp-content\/uploads\/2020\/11\/cadeira-presidente-op-plus-costas-300x300.jpg 300w, https:\/\/lojadocentro.com.br\/moveis\/wp-content\/uploads\/2020\/11\/cadeira-presidente-op-plus-costas-200x200.jpg 200w\" sizes=\"(max-width: 263px) 100vw, 263px\" \/><\/p>\n<p><img loading=\"lazy\" decoding=\"async\" class=\"alignnone  wp-image-62269\" src=\"https:\/\/lojadocentro.com.br\/moveis\/wp-content\/uploads\/2020\/11\/cadeira-presidente-op-plus-ergo.jpg\" alt=\"Cadeira Presidente Ergon\u00f4mica\" width=\"277\" height=\"277\" srcset=\"https:\/\/lojadocentro.com.br\/moveis\/wp-content\/uploads\/2020\/11\/cadeira-presidente-op-plus-ergo.jpg 730w, https:\/\/lojadocentro.com.br\/moveis\/wp-content\/uploads\/2020\/11\/cadeira-presidente-op-plus-ergo-300x300.jpg 300w, https:\/\/lojadocentro.com.br\/moveis\/wp-content\/uploads\/2020\/11\/cadeira-presidente-op-plus-ergo-200x200.jpg 200w\" sizes=\"(max-width: 277px) 100vw, 277px\" \/><img loading=\"lazy\" decoding=\"async\" class=\"alignnone  wp-image-62270\" src=\"https:\/\/lojadocentro.com.br\/moveis\/wp-content\/uploads\/2020\/11\/cadeira-presidente-op-plus-ergo-2.jpg\" alt=\"Cadeira Presidente Ergon\u00f4mica Escrit\u00f3rio\" width=\"285\" height=\"285\" srcset=\"https:\/\/lojadocentro.com.br\/moveis\/wp-content\/uploads\/2020\/11\/cadeira-presidente-op-plus-ergo-2.jpg 730w, https:\/\/lojadocentro.com.br\/moveis\/wp-content\/uploads\/2020\/11\/cadeira-presidente-op-plus-ergo-2-300x300.jpg 300w, https:\/\/lojadocentro.com.br\/moveis\/wp-content\/uploads\/2020\/11\/cadeira-presidente-op-plus-ergo-2-200x200.jpg 200w\" sizes=\"(max-width: 285px) 100vw, 285px\" \/><img loading=\"lazy\" decoding=\"async\" class=\"alignnone  wp-image-62271\" src=\"https:\/\/lojadocentro.com.br\/moveis\/wp-content\/uploads\/2020\/11\/cadeira-presidente-op-plus-ergo-3.jpg\" alt=\"\" width=\"276\" height=\"276\" srcset=\"https:\/\/lojadocentro.com.br\/moveis\/wp-content\/uploads\/2020\/11\/cadeira-presidente-op-plus-ergo-3.jpg 730w, https:\/\/lojadocentro.com.br\/moveis\/wp-content\/uploads\/2020\/11\/cadeira-presidente-op-plus-ergo-3-300x300.jpg 300w, https:\/\/lojadocentro.com.br\/moveis\/wp-content\/uploads\/2020\/11\/cadeira-presidente-op-plus-ergo-3-200x200.jpg 200w\" sizes=\"(max-width: 276px) 100vw, 276px\" \/><\/p>\n<p>&nbsp;<\/p>\n<p>&nbsp;<\/p>\n<p>&nbsp;<\/p>\n","protected":false},"excerpt":{"rendered":"<p>Cadeira Presidente Op Plus Cadeira Presidente Op Plus: Alta, confort\u00e1vel, carenada, com acabamento moderno, excelente. Uma linha b\u00e1sica mas atual, com encosto carenado, bra\u00e7os regul\u00e1veis, mecanismo ergon\u00f4mico ou relax. Para quem procura uma cadeira para escrit\u00f3rio alta confort\u00e1vel, moderna, com revestimentos diferenciados.<\/p>\n","protected":false},"author":2,"featured_media":62264,"comment_status":"open","ping_status":"open","sticky":false,"template":"","format":"standard","meta":{"_exactmetrics_skip_tracking":false,"site-sidebar-layout":"default","site-content-layout":"default","ast-site-content-layout":"default","site-content-style":"default","site-sidebar-style":"default","ast-global-header-display":"","ast-banner-title-visibility":"","ast-main-header-display":"","ast-hfb-above-header-display":"","ast-hfb-below-header-display":"","ast-hfb-mobile-header-display":"","site-post-title":"","ast-breadcrumbs-content":"","ast-featured-img":"","footer-sml-layout":"","theme-transparent-header-meta":"default","adv-header-id-meta":"","stick-header-meta":"default","header-above-stick-meta":"","header-main-stick-meta":"","header-below-stick-meta":"","astra-migrate-meta-layouts":"set","ast-page-background-enabled":"default","ast-page-background-meta":{"desktop":{"background-color":"var(--ast-global-color-4)","background-image":"","background-repeat":"repeat","background-position":"center center","background-size":"auto","background-attachment":"scroll","background-type":"","background-media":"","overlay-type":"","overlay-color":"","overlay-opacity":"","overlay-gradient":""},"tablet":{"background-color":"","background-image":"","background-repeat":"repeat","background-position":"center center","background-size":"auto","background-attachment":"scroll","background-type":"","background-media":"","overlay-type":"","overlay-color":"","overlay-opacity":"","overlay-gradient":""},"mobile":{"background-color":"","background-image":"","background-repeat":"repeat","background-position":"center center","background-size":"auto","background-attachment":"scroll","background-type":"","background-media":"","overlay-type":"","overlay-color":"","overlay-opacity":"","overlay-gradient":""}},"ast-content-background-meta":{"desktop":{"background-color":"var(--ast-global-color-5)","background-image":"","background-repeat":"repeat","background-position":"center center","background-size":"auto","background-attachment":"scroll","background-type":"","background-media":"","overlay-type":"","overlay-color":"","overlay-opacity":"","overlay-gradient":""},"tablet":{"background-color":"var(--ast-global-color-5)","background-image":"","background-repeat":"repeat","background-position":"center center","background-size":"auto","background-attachment":"scroll","background-type":"","background-media":"","overlay-type":"","overlay-color":"","overlay-opacity":"","overlay-gradient":""},"mobile":{"background-color":"var(--ast-global-color-5)","background-image":"","background-repeat":"repeat","background-position":"center center","background-size":"auto","background-attachment":"scroll","background-type":"","background-media":"","overlay-type":"","overlay-color":"","overlay-opacity":"","overlay-gradient":""}},"footnotes":""},"categories":[124,98],"tags":[],"segmentos":[320,391],"class_list":["post-14637","post","type-post","status-publish","format-standard","has-post-thumbnail","hentry","category-cadeira-presidente","category-_destaque-cadeiras","segmentos-cadeiras-operacionais","segmentos-cadeiras-para-mesa-de-reuniao"],"yoast_head":"<!-- This site is optimized with the Yoast SEO plugin v28.2 - https:\/\/yoast.com\/product\/yoast-seo-wordpress\/ -->\n<title>Cadeira Presidente Op Plus | Cadeiras Presidente | Loja do Centro<\/title>\n<meta name=\"description\" content=\"Cadeira Presidente Op Plus para Escrit\u00f3rio: Alta, com bra\u00e7os regul\u00e1veis, mecanismo ergon\u00f4mico ou relax, carenada, v\u00e1rios revestimentos\/ cores.\" \/>\n<meta name=\"robots\" content=\"index, follow, max-snippet:-1, max-image-preview:large, max-video-preview:-1\" \/>\n<link rel=\"canonical\" href=\"https:\/\/lojadocentro.com.br\/moveis\/cadeira-presidente\/cadeira-presidente-op-plus\/\" \/>\n<meta property=\"og:locale\" content=\"pt_BR\" \/>\n<meta property=\"og:type\" content=\"article\" \/>\n<meta property=\"og:title\" content=\"Cadeira Presidente Op Plus | Cadeiras Presidente | Loja do Centro\" \/>\n<meta property=\"og:description\" content=\"Cadeira Presidente Op Plus para Escrit\u00f3rio: Alta, com bra\u00e7os regul\u00e1veis, mecanismo ergon\u00f4mico ou relax, carenada, v\u00e1rios revestimentos\/ cores.\" \/>\n<meta property=\"og:url\" content=\"https:\/\/lojadocentro.com.br\/moveis\/cadeira-presidente\/cadeira-presidente-op-plus\/\" \/>\n<meta property=\"og:site_name\" content=\"M\u00f3veis para Escrit\u00f3rio - Loja do Centro\" \/>\n<meta property=\"article:published_time\" content=\"2026-01-06T15:00:07+00:00\" \/>\n<meta property=\"article:modified_time\" content=\"2026-08-12T22:03:55+00:00\" \/>\n<meta property=\"og:image\" content=\"https:\/\/lojadocentro.com.br\/moveis\/wp-content\/uploads\/2020\/11\/cadeira-presidente-op-plus-2.jpg\" \/>\n\t<meta property=\"og:image:width\" content=\"730\" \/>\n\t<meta property=\"og:image:height\" content=\"730\" \/>\n\t<meta property=\"og:image:type\" content=\"image\/jpeg\" \/>\n<meta name=\"author\" content=\"Ana\" \/>\n<meta name=\"twitter:card\" content=\"summary_large_image\" \/>\n<meta name=\"twitter:label1\" content=\"Escrito por\" \/>\n\t<meta name=\"twitter:data1\" content=\"Ana\" \/>\n\t<meta name=\"twitter:label2\" content=\"Est. tempo de leitura\" \/>\n\t<meta name=\"twitter:data2\" content=\"3 minutos\" \/>\n<script type=\"application\/ld+json\" class=\"yoast-schema-graph\">{\"@context\":\"https:\\\/\\\/schema.org\",\"@graph\":[{\"@type\":\"Article\",\"@id\":\"https:\\\/\\\/lojadocentro.com.br\\\/moveis\\\/cadeira-presidente\\\/cadeira-presidente-op-plus\\\/#article\",\"isPartOf\":{\"@id\":\"https:\\\/\\\/lojadocentro.com.br\\\/moveis\\\/cadeira-presidente\\\/cadeira-presidente-op-plus\\\/\"},\"author\":{\"name\":\"Ana\",\"@id\":\"https:\\\/\\\/lojadocentro.com.br\\\/moveis\\\/#\\\/schema\\\/person\\\/d1d93a97964ef2dcfb9cb8d5db75d0f9\"},\"headline\":\"Cadeira Presidente Op Plus\",\"datePublished\":\"2026-01-06T15:00:07+00:00\",\"dateModified\":\"2026-08-12T22:03:55+00:00\",\"mainEntityOfPage\":{\"@id\":\"https:\\\/\\\/lojadocentro.com.br\\\/moveis\\\/cadeira-presidente\\\/cadeira-presidente-op-plus\\\/\"},\"wordCount\":267,\"commentCount\":0,\"publisher\":{\"@id\":\"https:\\\/\\\/lojadocentro.com.br\\\/moveis\\\/#organization\"},\"image\":{\"@id\":\"https:\\\/\\\/lojadocentro.com.br\\\/moveis\\\/cadeira-presidente\\\/cadeira-presidente-op-plus\\\/#primaryimage\"},\"thumbnailUrl\":\"https:\\\/\\\/lojadocentro.com.br\\\/moveis\\\/wp-content\\\/uploads\\\/2020\\\/11\\\/cadeira-presidente-op-plus-2.jpg\",\"articleSection\":[\"Cadeira Presidente\",\"Destaque Cadeiras\"],\"inLanguage\":\"pt-BR\",\"potentialAction\":[{\"@type\":\"CommentAction\",\"name\":\"Comment\",\"target\":[\"https:\\\/\\\/lojadocentro.com.br\\\/moveis\\\/cadeira-presidente\\\/cadeira-presidente-op-plus\\\/#respond\"]}]},{\"@type\":\"WebPage\",\"@id\":\"https:\\\/\\\/lojadocentro.com.br\\\/moveis\\\/cadeira-presidente\\\/cadeira-presidente-op-plus\\\/\",\"url\":\"https:\\\/\\\/lojadocentro.com.br\\\/moveis\\\/cadeira-presidente\\\/cadeira-presidente-op-plus\\\/\",\"name\":\"Cadeira Presidente Op Plus | Cadeiras Presidente | Loja do Centro\",\"isPartOf\":{\"@id\":\"https:\\\/\\\/lojadocentro.com.br\\\/moveis\\\/#website\"},\"primaryImageOfPage\":{\"@id\":\"https:\\\/\\\/lojadocentro.com.br\\\/moveis\\\/cadeira-presidente\\\/cadeira-presidente-op-plus\\\/#primaryimage\"},\"image\":{\"@id\":\"https:\\\/\\\/lojadocentro.com.br\\\/moveis\\\/cadeira-presidente\\\/cadeira-presidente-op-plus\\\/#primaryimage\"},\"thumbnailUrl\":\"https:\\\/\\\/lojadocentro.com.br\\\/moveis\\\/wp-content\\\/uploads\\\/2020\\\/11\\\/cadeira-presidente-op-plus-2.jpg\",\"datePublished\":\"2026-01-06T15:00:07+00:00\",\"dateModified\":\"2026-08-12T22:03:55+00:00\",\"description\":\"Cadeira Presidente Op Plus para Escrit\u00f3rio: Alta, com bra\u00e7os regul\u00e1veis, mecanismo ergon\u00f4mico ou relax, carenada, v\u00e1rios revestimentos\\\/ cores.\",\"breadcrumb\":{\"@id\":\"https:\\\/\\\/lojadocentro.com.br\\\/moveis\\\/cadeira-presidente\\\/cadeira-presidente-op-plus\\\/#breadcrumb\"},\"inLanguage\":\"pt-BR\",\"potentialAction\":[{\"@type\":\"ReadAction\",\"target\":[\"https:\\\/\\\/lojadocentro.com.br\\\/moveis\\\/cadeira-presidente\\\/cadeira-presidente-op-plus\\\/\"]}]},{\"@type\":\"ImageObject\",\"inLanguage\":\"pt-BR\",\"@id\":\"https:\\\/\\\/lojadocentro.com.br\\\/moveis\\\/cadeira-presidente\\\/cadeira-presidente-op-plus\\\/#primaryimage\",\"url\":\"https:\\\/\\\/lojadocentro.com.br\\\/moveis\\\/wp-content\\\/uploads\\\/2020\\\/11\\\/cadeira-presidente-op-plus-2.jpg\",\"contentUrl\":\"https:\\\/\\\/lojadocentro.com.br\\\/moveis\\\/wp-content\\\/uploads\\\/2020\\\/11\\\/cadeira-presidente-op-plus-2.jpg\",\"width\":730,\"height\":730,\"caption\":\"Cadeira Presidente de Escrit\u00f3rio\"},{\"@type\":\"BreadcrumbList\",\"@id\":\"https:\\\/\\\/lojadocentro.com.br\\\/moveis\\\/cadeira-presidente\\\/cadeira-presidente-op-plus\\\/#breadcrumb\",\"itemListElement\":[{\"@type\":\"ListItem\",\"position\":1,\"name\":\"In\u00edcio\",\"item\":\"https:\\\/\\\/lojadocentro.com.br\\\/moveis\\\/\"},{\"@type\":\"ListItem\",\"position\":2,\"name\":\"Cadeira Presidente Op Plus\"}]},{\"@type\":\"WebSite\",\"@id\":\"https:\\\/\\\/lojadocentro.com.br\\\/moveis\\\/#website\",\"url\":\"https:\\\/\\\/lojadocentro.com.br\\\/moveis\\\/\",\"name\":\"M\u00f3veis para Escrit\u00f3rio - Loja do Centro\",\"description\":\"Loja de M\u00f3veis para Escrit\u00f3rio\",\"publisher\":{\"@id\":\"https:\\\/\\\/lojadocentro.com.br\\\/moveis\\\/#organization\"},\"potentialAction\":[{\"@type\":\"SearchAction\",\"target\":{\"@type\":\"EntryPoint\",\"urlTemplate\":\"https:\\\/\\\/lojadocentro.com.br\\\/moveis\\\/?s={search_term_string}\"},\"query-input\":{\"@type\":\"PropertyValueSpecification\",\"valueRequired\":true,\"valueName\":\"search_term_string\"}}],\"inLanguage\":\"pt-BR\"},{\"@type\":\"Organization\",\"@id\":\"https:\\\/\\\/lojadocentro.com.br\\\/moveis\\\/#organization\",\"name\":\"M\u00f3veis para Escrit\u00f3rio Loja do Centro\",\"url\":\"https:\\\/\\\/lojadocentro.com.br\\\/moveis\\\/\",\"logo\":{\"@type\":\"ImageObject\",\"inLanguage\":\"pt-BR\",\"@id\":\"https:\\\/\\\/lojadocentro.com.br\\\/moveis\\\/#\\\/schema\\\/logo\\\/image\\\/\",\"url\":\"https:\\\/\\\/www.lojadocentro.com.br\\\/moveis\\\/wp-content\\\/uploads\\\/2015\\\/12\\\/moveis-para-escritorio-loja-do-centro-logo.jpg\",\"contentUrl\":\"https:\\\/\\\/www.lojadocentro.com.br\\\/moveis\\\/wp-content\\\/uploads\\\/2015\\\/12\\\/moveis-para-escritorio-loja-do-centro-logo.jpg\",\"width\":275,\"height\":120,\"caption\":\"M\u00f3veis para Escrit\u00f3rio Loja do Centro\"},\"image\":{\"@id\":\"https:\\\/\\\/lojadocentro.com.br\\\/moveis\\\/#\\\/schema\\\/logo\\\/image\\\/\"}},{\"@type\":\"Person\",\"@id\":\"https:\\\/\\\/lojadocentro.com.br\\\/moveis\\\/#\\\/schema\\\/person\\\/d1d93a97964ef2dcfb9cb8d5db75d0f9\",\"name\":\"Ana\",\"sameAs\":[\"http:\\\/\\\/www.lojadocentro.com.br\"]}]}<\/script>\n<!-- \/ Yoast SEO plugin. -->","yoast_head_json":{"title":"Cadeira Presidente Op Plus | Cadeiras Presidente | Loja do Centro","description":"Cadeira Presidente Op Plus para Escrit\u00f3rio: Alta, com bra\u00e7os regul\u00e1veis, mecanismo ergon\u00f4mico ou relax, carenada, v\u00e1rios revestimentos\/ cores.","robots":{"index":"index","follow":"follow","max-snippet":"max-snippet:-1","max-image-preview":"max-image-preview:large","max-video-preview":"max-video-preview:-1"},"canonical":"https:\/\/lojadocentro.com.br\/moveis\/cadeira-presidente\/cadeira-presidente-op-plus\/","og_locale":"pt_BR","og_type":"article","og_title":"Cadeira Presidente Op Plus | Cadeiras Presidente | Loja do Centro","og_description":"Cadeira Presidente Op Plus para Escrit\u00f3rio: Alta, com bra\u00e7os regul\u00e1veis, mecanismo ergon\u00f4mico ou relax, carenada, v\u00e1rios revestimentos\/ cores.","og_url":"https:\/\/lojadocentro.com.br\/moveis\/cadeira-presidente\/cadeira-presidente-op-plus\/","og_site_name":"M\u00f3veis para Escrit\u00f3rio - Loja do Centro","article_published_time":"2026-01-06T15:00:07+00:00","article_modified_time":"2026-08-12T22:03:55+00:00","og_image":[{"width":730,"height":730,"url":"https:\/\/lojadocentro.com.br\/moveis\/wp-content\/uploads\/2020\/11\/cadeira-presidente-op-plus-2.jpg","type":"image\/jpeg"}],"author":"Ana","twitter_card":"summary_large_image","twitter_misc":{"Escrito por":"Ana","Est. tempo de leitura":"3 minutos"},"schema":{"@context":"https:\/\/schema.org","@graph":[{"@type":"Article","@id":"https:\/\/lojadocentro.com.br\/moveis\/cadeira-presidente\/cadeira-presidente-op-plus\/#article","isPartOf":{"@id":"https:\/\/lojadocentro.com.br\/moveis\/cadeira-presidente\/cadeira-presidente-op-plus\/"},"author":{"name":"Ana","@id":"https:\/\/lojadocentro.com.br\/moveis\/#\/schema\/person\/d1d93a97964ef2dcfb9cb8d5db75d0f9"},"headline":"Cadeira Presidente Op Plus","datePublished":"2026-01-06T15:00:07+00:00","dateModified":"2026-08-12T22:03:55+00:00","mainEntityOfPage":{"@id":"https:\/\/lojadocentro.com.br\/moveis\/cadeira-presidente\/cadeira-presidente-op-plus\/"},"wordCount":267,"commentCount":0,"publisher":{"@id":"https:\/\/lojadocentro.com.br\/moveis\/#organization"},"image":{"@id":"https:\/\/lojadocentro.com.br\/moveis\/cadeira-presidente\/cadeira-presidente-op-plus\/#primaryimage"},"thumbnailUrl":"https:\/\/lojadocentro.com.br\/moveis\/wp-content\/uploads\/2020\/11\/cadeira-presidente-op-plus-2.jpg","articleSection":["Cadeira Presidente","Destaque Cadeiras"],"inLanguage":"pt-BR","potentialAction":[{"@type":"CommentAction","name":"Comment","target":["https:\/\/lojadocentro.com.br\/moveis\/cadeira-presidente\/cadeira-presidente-op-plus\/#respond"]}]},{"@type":"WebPage","@id":"https:\/\/lojadocentro.com.br\/moveis\/cadeira-presidente\/cadeira-presidente-op-plus\/","url":"https:\/\/lojadocentro.com.br\/moveis\/cadeira-presidente\/cadeira-presidente-op-plus\/","name":"Cadeira Presidente Op Plus | Cadeiras Presidente | Loja do Centro","isPartOf":{"@id":"https:\/\/lojadocentro.com.br\/moveis\/#website"},"primaryImageOfPage":{"@id":"https:\/\/lojadocentro.com.br\/moveis\/cadeira-presidente\/cadeira-presidente-op-plus\/#primaryimage"},"image":{"@id":"https:\/\/lojadocentro.com.br\/moveis\/cadeira-presidente\/cadeira-presidente-op-plus\/#primaryimage"},"thumbnailUrl":"https:\/\/lojadocentro.com.br\/moveis\/wp-content\/uploads\/2020\/11\/cadeira-presidente-op-plus-2.jpg","datePublished":"2026-01-06T15:00:07+00:00","dateModified":"2026-08-12T22:03:55+00:00","description":"Cadeira Presidente Op Plus para Escrit\u00f3rio: Alta, com bra\u00e7os regul\u00e1veis, mecanismo ergon\u00f4mico ou relax, carenada, v\u00e1rios revestimentos\/ cores.","breadcrumb":{"@id":"https:\/\/lojadocentro.com.br\/moveis\/cadeira-presidente\/cadeira-presidente-op-plus\/#breadcrumb"},"inLanguage":"pt-BR","potentialAction":[{"@type":"ReadAction","target":["https:\/\/lojadocentro.com.br\/moveis\/cadeira-presidente\/cadeira-presidente-op-plus\/"]}]},{"@type":"ImageObject","inLanguage":"pt-BR","@id":"https:\/\/lojadocentro.com.br\/moveis\/cadeira-presidente\/cadeira-presidente-op-plus\/#primaryimage","url":"https:\/\/lojadocentro.com.br\/moveis\/wp-content\/uploads\/2020\/11\/cadeira-presidente-op-plus-2.jpg","contentUrl":"https:\/\/lojadocentro.com.br\/moveis\/wp-content\/uploads\/2020\/11\/cadeira-presidente-op-plus-2.jpg","width":730,"height":730,"caption":"Cadeira Presidente de Escrit\u00f3rio"},{"@type":"BreadcrumbList","@id":"https:\/\/lojadocentro.com.br\/moveis\/cadeira-presidente\/cadeira-presidente-op-plus\/#breadcrumb","itemListElement":[{"@type":"ListItem","position":1,"name":"In\u00edcio","item":"https:\/\/lojadocentro.com.br\/moveis\/"},{"@type":"ListItem","position":2,"name":"Cadeira Presidente Op Plus"}]},{"@type":"WebSite","@id":"https:\/\/lojadocentro.com.br\/moveis\/#website","url":"https:\/\/lojadocentro.com.br\/moveis\/","name":"M\u00f3veis para Escrit\u00f3rio - Loja do Centro","description":"Loja de M\u00f3veis para Escrit\u00f3rio","publisher":{"@id":"https:\/\/lojadocentro.com.br\/moveis\/#organization"},"potentialAction":[{"@type":"SearchAction","target":{"@type":"EntryPoint","urlTemplate":"https:\/\/lojadocentro.com.br\/moveis\/?s={search_term_string}"},"query-input":{"@type":"PropertyValueSpecification","valueRequired":true,"valueName":"search_term_string"}}],"inLanguage":"pt-BR"},{"@type":"Organization","@id":"https:\/\/lojadocentro.com.br\/moveis\/#organization","name":"M\u00f3veis para Escrit\u00f3rio Loja do Centro","url":"https:\/\/lojadocentro.com.br\/moveis\/","logo":{"@type":"ImageObject","inLanguage":"pt-BR","@id":"https:\/\/lojadocentro.com.br\/moveis\/#\/schema\/logo\/image\/","url":"https:\/\/www.lojadocentro.com.br\/moveis\/wp-content\/uploads\/2015\/12\/moveis-para-escritorio-loja-do-centro-logo.jpg","contentUrl":"https:\/\/www.lojadocentro.com.br\/moveis\/wp-content\/uploads\/2015\/12\/moveis-para-escritorio-loja-do-centro-logo.jpg","width":275,"height":120,"caption":"M\u00f3veis para Escrit\u00f3rio Loja do Centro"},"image":{"@id":"https:\/\/lojadocentro.com.br\/moveis\/#\/schema\/logo\/image\/"}},{"@type":"Person","@id":"https:\/\/lojadocentro.com.br\/moveis\/#\/schema\/person\/d1d93a97964ef2dcfb9cb8d5db75d0f9","name":"Ana","sameAs":["http:\/\/www.lojadocentro.com.br"]}]}},"_links":{"self":[{"href":"https:\/\/lojadocentro.com.br\/moveis\/wp-json\/wp\/v2\/posts\/14637","targetHints":{"allow":["GET"]}}],"collection":[{"href":"https:\/\/lojadocentro.com.br\/moveis\/wp-json\/wp\/v2\/posts"}],"about":[{"href":"https:\/\/lojadocentro.com.br\/moveis\/wp-json\/wp\/v2\/types\/post"}],"author":[{"embeddable":true,"href":"https:\/\/lojadocentro.com.br\/moveis\/wp-json\/wp\/v2\/users\/2"}],"replies":[{"embeddable":true,"href":"https:\/\/lojadocentro.com.br\/moveis\/wp-json\/wp\/v2\/comments?post=14637"}],"version-history":[{"count":3,"href":"https:\/\/lojadocentro.com.br\/moveis\/wp-json\/wp\/v2\/posts\/14637\/revisions"}],"predecessor-version":[{"id":62272,"href":"https:\/\/lojadocentro.com.br\/moveis\/wp-json\/wp\/v2\/posts\/14637\/revisions\/62272"}],"wp:featuredmedia":[{"embeddable":true,"href":"https:\/\/lojadocentro.com.br\/moveis\/wp-json\/wp\/v2\/media\/62264"}],"wp:attachment":[{"href":"https:\/\/lojadocentro.com.br\/moveis\/wp-json\/wp\/v2\/media?parent=14637"}],"wp:term":[{"taxonomy":"category","embeddable":true,"href":"https:\/\/lojadocentro.com.br\/moveis\/wp-json\/wp\/v2\/categories?post=14637"},{"taxonomy":"post_tag","embeddable":true,"href":"https:\/\/lojadocentro.com.br\/moveis\/wp-json\/wp\/v2\/tags?post=14637"},{"taxonomy":"segmentos","embeddable":true,"href":"https:\/\/lojadocentro.com.br\/moveis\/wp-json\/wp\/v2\/segmentos?post=14637"}],"curies":[{"name":"wp","href":"https:\/\/api.w.org\/{rel}","templated":true}]}}