{"id":4024,"date":"2010-06-07T12:30:34","date_gmt":"2010-06-07T15:30:34","guid":{"rendered":"https:\/\/www.lojadocentro.com.br\/moveis\/?p=4024"},"modified":"2026-08-12T19:11:58","modified_gmt":"2026-08-12T22:11:58","slug":"cadeira-presidente-tela-2","status":"publish","type":"post","link":"https:\/\/lojadocentro.com.br\/moveis\/cadeira-presidente\/cadeira-presidente-tela-2\/","title":{"rendered":"Cadeira Presidente Tela"},"content":{"rendered":"<h2><strong>Cadeira Presidente Tela<\/strong><\/h2>\n<p>Cadeira Presidente Tela com refor\u00e7o costurado em couro ecol\u00f3gico na parte superior do encosto. Pode ser montada com mecanismo relax com trava ou com mecanismo back system II de 2 alavancas, reclin\u00e1vel. Acabamento preto ou cromado!<span style=\"color: #cc0000;\"><br \/>\n<\/span><!--more--><\/p>\n<h2><\/h2>\n<p><img fetchpriority=\"high\" decoding=\"async\" class=\"alignnone wp-image-12592\" src=\"https:\/\/www.lojadocentro.com.br\/moveis\/wp-content\/uploads\/2010\/06\/cadeiras-tela-up.jpg\" alt=\"Cadeira para escrit\u00f3rio, cadeira de escrit\u00f3rio, m\u00f3veis para escrit\u00f3rio em SP\" width=\"690\" height=\"318\" srcset=\"https:\/\/lojadocentro.com.br\/moveis\/wp-content\/uploads\/2010\/06\/cadeiras-tela-up.jpg 954w, https:\/\/lojadocentro.com.br\/moveis\/wp-content\/uploads\/2010\/06\/cadeiras-tela-up-200x92.jpg 200w, https:\/\/lojadocentro.com.br\/moveis\/wp-content\/uploads\/2010\/06\/cadeiras-tela-up-300x138.jpg 300w, https:\/\/lojadocentro.com.br\/moveis\/wp-content\/uploads\/2010\/06\/cadeiras-tela-up-768x354.jpg 768w, https:\/\/lojadocentro.com.br\/moveis\/wp-content\/uploads\/2010\/06\/cadeiras-tela-up-20x9.jpg 20w\" sizes=\"(max-width: 690px) 100vw, 690px\" \/><br \/>\nConhe\u00e7a nossa linha completa!<br \/>\nTodas com refor\u00e7o em cour\u00edssimo na parte superior do encosto.<\/p>\n<p><span style=\"color: #ff0000;\"><strong>Cadeira para escrit\u00f3rio presidente com tela (espaldar alto ou extra alto)<\/strong><\/span><br \/>\nCom base diretor girat\u00f3ria com <span style=\"color: #000000;\"><strong>estrela preta ou cromada.<\/strong><\/span><br \/>\nCom regulagem de altura para o assento \u00e0 g\u00e1s.<br \/>\nCom sistema de inclina\u00e7\u00e3o atrav\u00e9s do mecanismo oscilante de contato\u00a0permanente (RELAX).<br \/>\nCom bra\u00e7os regul\u00e1veis ou fixos, pretos ou cromados.<\/p>\n<p>Medidas:<br \/>\nAssento: 0,46 largura x 0,47 profundidade<br \/>\nEncosto: 0,50 largura x 0,61 altura<\/p>\n<p><strong><span style=\"color: #ff0000;\"><img decoding=\"async\" class=\"alignnone wp-image-12593\" src=\"https:\/\/www.lojadocentro.com.br\/moveis\/wp-content\/uploads\/2010\/06\/cadeira-diretor-tela-up.jpg\" alt=\"cadeira de escrit\u00f3rio, cadeira para escrit\u00f3rio, m\u00f3veis para escrit\u00f3rio em SP\" width=\"211\" height=\"256\" srcset=\"https:\/\/lojadocentro.com.br\/moveis\/wp-content\/uploads\/2010\/06\/cadeira-diretor-tela-up.jpg 406w, https:\/\/lojadocentro.com.br\/moveis\/wp-content\/uploads\/2010\/06\/cadeira-diretor-tela-up-165x200.jpg 165w, https:\/\/lojadocentro.com.br\/moveis\/wp-content\/uploads\/2010\/06\/cadeira-diretor-tela-up-248x300.jpg 248w, https:\/\/lojadocentro.com.br\/moveis\/wp-content\/uploads\/2010\/06\/cadeira-diretor-tela-up-17x20.jpg 17w\" sizes=\"(max-width: 211px) 100vw, 211px\" \/><img decoding=\"async\" class=\"alignnone wp-image-12594\" src=\"https:\/\/www.lojadocentro.com.br\/moveis\/wp-content\/uploads\/2010\/06\/cadeira-diretor-para-computador-tela-up.jpg\" alt=\"cadeira de escrit\u00f3rio, cadeira para escrit\u00f3rio, m\u00f3veis para escrit\u00f3rio em SP\" width=\"205\" height=\"263\" srcset=\"https:\/\/lojadocentro.com.br\/moveis\/wp-content\/uploads\/2010\/06\/cadeira-diretor-para-computador-tela-up.jpg 396w, https:\/\/lojadocentro.com.br\/moveis\/wp-content\/uploads\/2010\/06\/cadeira-diretor-para-computador-tela-up-156x200.jpg 156w, https:\/\/lojadocentro.com.br\/moveis\/wp-content\/uploads\/2010\/06\/cadeira-diretor-para-computador-tela-up-234x300.jpg 234w, https:\/\/lojadocentro.com.br\/moveis\/wp-content\/uploads\/2010\/06\/cadeira-diretor-para-computador-tela-up-16x20.jpg 16w\" sizes=\"(max-width: 205px) 100vw, 205px\" \/><\/span><\/strong><\/p>\n<p><strong><span style=\"color: #ff0000;\">Cadeira para escrit\u00f3rio Diretor com tela<\/span> (espaldar m\u00e9dio)<\/strong><br \/>\nCom base diretor girat\u00f3ria com <strong><span style=\"color: #ff0000;\">estrela preta ou cromada.<br \/>\n<\/span> <\/strong>Com regulagem de altura para o assento \u00e0 g\u00e1s.<br \/>\nCom sistema de inclina\u00e7\u00e3o atrav\u00e9s do mecanismo oscilante de contato permanente (RELAX) Com bra\u00e7os regul\u00e1veis ou fixos, pretos ou cromados.<\/p>\n<p><a href=\"https:\/\/www.lojadocentro.com.br\/moveis\/wp-content\/uploads\/cadeira-digitador-tela-sem-bra\u00e7os-lateral.jpg\"><img loading=\"lazy\" decoding=\"async\" class=\"alignnone wp-image-12599\" src=\"https:\/\/www.lojadocentro.com.br\/moveis\/wp-content\/uploads\/2010\/06\/cadeira-para-computador-tela-up-1.jpg\" alt=\"Cadeira de escrit\u00f3rio, cadeira para escrit\u00f3rio, m\u00f3veis para escrit\u00f3rio em SP\" width=\"162\" height=\"226\" srcset=\"https:\/\/lojadocentro.com.br\/moveis\/wp-content\/uploads\/2010\/06\/cadeira-para-computador-tela-up-1.jpg 394w, https:\/\/lojadocentro.com.br\/moveis\/wp-content\/uploads\/2010\/06\/cadeira-para-computador-tela-up-1-143x200.jpg 143w, https:\/\/lojadocentro.com.br\/moveis\/wp-content\/uploads\/2010\/06\/cadeira-para-computador-tela-up-1-215x300.jpg 215w, https:\/\/lojadocentro.com.br\/moveis\/wp-content\/uploads\/2010\/06\/cadeira-para-computador-tela-up-1-14x20.jpg 14w\" sizes=\"(max-width: 162px) 100vw, 162px\" \/><\/a><\/p>\n<p><span style=\"color: #ff0000;\"><strong>Cadeira para escrit\u00f3rio Para Computador Tela Up,\u00a0Reclin\u00e1vel Ergon\u00f4mica\u00a0<\/strong><br \/>\nCom base back system II com 2 alavancas: Com regulagem de inclina\u00e7\u00e3o para o encosto, precisa, grau a grau.<br \/>\n<\/span>Com regulagem de altura para o encosto<br \/>\nCom regulagem de altura para o assento &#8211; \u00e0 g\u00e1s<br \/>\nCom regulagem de altura para os bra\u00e7os Com <strong>estrela preta ou cromada.<\/strong><\/p>\n<p><a href=\"https:\/\/www.lojadocentro.com.br\/moveis\/wp-content\/uploads\/cadeira-tela-av1.jpg\"><img loading=\"lazy\" decoding=\"async\" src=\"https:\/\/www.lojadocentro.com.br\/moveis\/wp-content\/uploads\/cadeira-secretaria-tela-sem-bra\u00e7os1-150x148.jpg\" alt=\"\" width=\"150\" height=\"148\" \/><img loading=\"lazy\" decoding=\"async\" src=\"https:\/\/www.lojadocentro.com.br\/moveis\/wp-content\/uploads\/cadeira-tela-av1-137x150.jpg\" alt=\"\" width=\"137\" height=\"150\" \/><\/a><a href=\"https:\/\/www.lojadocentro.com.br\/moveis\/wp-content\/uploads\/cadeira-tela-av-com-bra\u00e7os-regulaveis1.jpg\"><img loading=\"lazy\" decoding=\"async\" src=\"https:\/\/www.lojadocentro.com.br\/moveis\/wp-content\/uploads\/cadeira-tela-av-com-bra\u00e7os-regulaveis1-150x148.jpg\" alt=\"\" width=\"150\" height=\"148\" \/><\/a><a href=\"https:\/\/www.lojadocentro.com.br\/moveis\/wp-content\/uploads\/cadeira-tela-av-sem-bra\u00e7os1.jpg\"><img loading=\"lazy\" decoding=\"async\" src=\"https:\/\/www.lojadocentro.com.br\/moveis\/wp-content\/uploads\/cadeira-tela-av-sem-bra\u00e7os1-150x148.jpg\" alt=\"\" width=\"150\" height=\"148\" \/><\/a><br \/>\n<strong><span style=\"color: #ff0000;\">Cadeira para escrit\u00f3rio secret\u00e1ria linha tela<\/span><\/strong><br \/>\nCom ou sem bra\u00e7os, sejam bra\u00e7os regul\u00e1veis ou bra\u00e7os \u00a0fixos.<br \/>\nEstrela e bra\u00e7os pretos ou cromados<br \/>\nCom regulagem de altura para o assento &#8211; \u00e0 g\u00e1s.<\/p>\n<p><a href=\"https:\/\/www.lojadocentro.com.br\/moveis\/wp-content\/uploads\/STDRAFT-30CB-Cromo-Draft-Interlocutor.jpg\"><img loading=\"lazy\" decoding=\"async\" class=\"alignnone wp-image-12597\" src=\"https:\/\/www.lojadocentro.com.br\/moveis\/wp-content\/uploads\/2010\/06\/cadeira-fixa-tela-up-diretor.jpg\" alt=\"Cadeira de escrit\u00f3rio, cadeira para escrit\u00f3rio, m\u00f3veis para escrit\u00f3rio em SP\" width=\"236\" height=\"313\" srcset=\"https:\/\/lojadocentro.com.br\/moveis\/wp-content\/uploads\/2010\/06\/cadeira-fixa-tela-up-diretor.jpg 378w, https:\/\/lojadocentro.com.br\/moveis\/wp-content\/uploads\/2010\/06\/cadeira-fixa-tela-up-diretor-151x200.jpg 151w, https:\/\/lojadocentro.com.br\/moveis\/wp-content\/uploads\/2010\/06\/cadeira-fixa-tela-up-diretor-226x300.jpg 226w, https:\/\/lojadocentro.com.br\/moveis\/wp-content\/uploads\/2010\/06\/cadeira-fixa-tela-up-diretor-15x20.jpg 15w\" sizes=\"(max-width: 236px) 100vw, 236px\" \/><img loading=\"lazy\" decoding=\"async\" class=\"alignnone wp-image-12596\" src=\"https:\/\/www.lojadocentro.com.br\/moveis\/wp-content\/uploads\/2010\/06\/cadeira-fixa-tela-up-gerente.jpg\" alt=\"Cadeira de escrit\u00f3rio, cadeira para escrit\u00f3rio, m\u00f3veis para escrit\u00f3rio em SP\" width=\"245\" height=\"306\" srcset=\"https:\/\/lojadocentro.com.br\/moveis\/wp-content\/uploads\/2010\/06\/cadeira-fixa-tela-up-gerente.jpg 390w, https:\/\/lojadocentro.com.br\/moveis\/wp-content\/uploads\/2010\/06\/cadeira-fixa-tela-up-gerente-160x200.jpg 160w, https:\/\/lojadocentro.com.br\/moveis\/wp-content\/uploads\/2010\/06\/cadeira-fixa-tela-up-gerente-240x300.jpg 240w, https:\/\/lojadocentro.com.br\/moveis\/wp-content\/uploads\/2010\/06\/cadeira-fixa-tela-up-gerente-16x20.jpg 16w\" sizes=\"(max-width: 245px) 100vw, 245px\" \/><\/a><br \/>\n<strong><span style=\"color: #ff0000;\">Cadeira para escrit\u00f3rio Fixa para clientes com tela (Interlocutor) <\/span><\/strong>Estrutura cont\u00ednua (EM &#8220;S&#8221;) <strong><span style=\"color: #ff0000;\">preta ou cromada<\/span><\/strong><\/p>\n<p><a href=\"https:\/\/www.lojadocentro.com.br\/moveis\/wp-content\/uploads\/cadeira-empilhavel-tela-av2.jpg\"><img loading=\"lazy\" decoding=\"async\" src=\"https:\/\/www.lojadocentro.com.br\/moveis\/wp-content\/uploads\/cadeira-empilhavel-tela-av2-150x148.jpg\" alt=\"\" width=\"150\" height=\"148\" \/><\/a><a href=\"https:\/\/www.lojadocentro.com.br\/moveis\/wp-content\/uploads\/cadeira-empilhavel-tela-av-sem-bra\u00e7os1.jpg\"><img loading=\"lazy\" decoding=\"async\" src=\"https:\/\/www.lojadocentro.com.br\/moveis\/wp-content\/uploads\/cadeira-empilhavel-tela-av-sem-bra\u00e7os1-150x148.jpg\" alt=\"\" width=\"150\" height=\"148\" \/><\/a><br \/>\n<strong><span style=\"color: #ff0000;\">Cadeira para escrit\u00f3rio empilh\u00e1vel &#8211; para audit\u00f3rios &#8211; Linha Tela<\/span><\/strong><br \/>\nCom ou sem bra\u00e7os Estrutura cor alum\u00ednio, preta, cinza<br \/>\nou cromada<\/p>\n<p><strong><span style=\"color: #ff0000;\">Cadeira caixa com encosto em tela<\/span>\u00a0<\/strong><br \/>\nCadeira para escrit\u00f3rio do tipo caixa, alta.<br \/>\nCom ou sem bra\u00e7os<br \/>\nCom regulagem de altura para o assento \u00e0 g\u00e1s<br \/>\nCom aro em a\u00e7o de altura regul\u00e1vel para o apoio para os p\u00e9s<br \/>\nOpcional: sistema reclin\u00e1vel ergon\u00f4mico com back system II de duas alavancas, possibilitando a inclina\u00e7\u00e3o e a regulagem de altura do encosto.<br \/>\n<a href=\"https:\/\/www.lojadocentro.com.br\/moveis\/wp-content\/uploads\/STDRAFT-192-B-Draft-Recp\u00e7\u00e3o.jpg\"><img loading=\"lazy\" decoding=\"async\" src=\"https:\/\/www.lojadocentro.com.br\/moveis\/wp-content\/uploads\/cadeira-caixa-tela1-127x150.jpg\" alt=\"\" width=\"127\" height=\"150\" \/><\/a><br \/>\n<strong><span style=\"color: #ff0000;\">Longarina para\u00a0<strong>recep\u00e7\u00e3o ou sala de espera em TELA<br \/>\n<\/strong><\/span><\/strong><span style=\"color: #ff0000;\"><span style=\"color: #000000;\">Estrutura\u00a0preta ou cromada<br \/>\n<\/span><\/span>Com ou sem bra\u00e7os<br \/>\nEstofado tamanho gerente ou diretor<\/p>\n<p><a href=\"https:\/\/www.lojadocentro.com.br\/moveis\/wp-content\/uploads\/STDRAFT-192-Cromo-Draft-Recp\u00e7\u00e3o.jpg\"><img loading=\"lazy\" decoding=\"async\" class=\"alignnone wp-image-4057 \" src=\"https:\/\/www.lojadocentro.com.br\/moveis\/wp-content\/uploads\/\/STDRAFT-192-Cromo-Draft-Recp\u00e7\u00e3o.jpg\" alt=\"\" width=\"158\" height=\"155\" \/><\/a><a href=\"https:\/\/www.lojadocentro.com.br\/moveis\/wp-content\/uploads\/longarina-tela.jpg\"><img loading=\"lazy\" decoding=\"async\" class=\"alignnone size-thumbnail wp-image-4056\" src=\"https:\/\/www.lojadocentro.com.br\/moveis\/wp-content\/uploads\/STDRAFT-192-B-Draft-Recp\u00e7\u00e3o-150x150.jpg\" alt=\"\" width=\"150\" height=\"150\" \/><img loading=\"lazy\" decoding=\"async\" class=\"\" src=\"https:\/\/www.lojadocentro.com.br\/moveis\/wp-content\/uploads\/longarina-tela-150x148.jpg\" alt=\"\" width=\"189\" height=\"187\" \/><\/a> <strong>\u00a0<\/strong><\/p>\n<p><strong><span style=\"color: #ff0000;\">Cadeira universit\u00e1ria Tela\u00a0<\/span><br \/>\nEstofado tamanho gerente ou diretor<br \/>\n<\/strong>Base tubular cont\u00ednua em &#8220;S&#8221;<br \/>\nCom prancheta escamote\u00e1vel<br \/>\nV\u00e1rias cores<a href=\"https:\/\/www.lojadocentro.com.br\/moveis\/wp-content\/uploads\/cadeira-universitaria-alta-tela-pr-esc1.jpg\"><br \/>\n<\/a><a href=\"https:\/\/www.lojadocentro.com.br\/moveis\/wp-content\/uploads\/cadeira-universitaria-tela1.jpg\"><img loading=\"lazy\" decoding=\"async\" src=\"https:\/\/www.lojadocentro.com.br\/moveis\/wp-content\/uploads\/cadeira-universitaria-tela1-150x148.jpg\" alt=\"\" width=\"150\" height=\"148\" \/><\/a> <img loading=\"lazy\" decoding=\"async\" src=\"https:\/\/www.lojadocentro.com.br\/moveis\/wp-content\/uploads\/cadeira-universitaria-alta-tela1-121x150.jpg\" alt=\"\" width=\"121\" height=\"150\" \/><img loading=\"lazy\" decoding=\"async\" src=\"https:\/\/www.lojadocentro.com.br\/moveis\/wp-content\/uploads\/cadeira-universitaria-alta-tela-pr-esc1-120x150.jpg\" alt=\"\" width=\"120\" height=\"150\" \/><\/p>\n","protected":false},"excerpt":{"rendered":"<p>Cadeira Presidente Tela Cadeira Presidente Tela com refor\u00e7o costurado em couro ecol\u00f3gico na parte superior do encosto. Pode ser montada com mecanismo relax com trava ou com mecanismo back system II de 2 alavancas, reclin\u00e1vel. Acabamento preto ou cromado!<\/p>\n","protected":false},"author":2,"featured_media":62273,"comment_status":"open","ping_status":"open","sticky":false,"template":"","format":"standard","meta":{"_exactmetrics_skip_tracking":false,"site-sidebar-layout":"default","site-content-layout":"","ast-site-content-layout":"default","site-content-style":"default","site-sidebar-style":"default","ast-global-header-display":"","ast-banner-title-visibility":"","ast-main-header-display":"","ast-hfb-above-header-display":"","ast-hfb-below-header-display":"","ast-hfb-mobile-header-display":"","site-post-title":"","ast-breadcrumbs-content":"","ast-featured-img":"","footer-sml-layout":"","theme-transparent-header-meta":"default","adv-header-id-meta":"","stick-header-meta":"default","header-above-stick-meta":"","header-main-stick-meta":"","header-below-stick-meta":"","astra-migrate-meta-layouts":"set","ast-page-background-enabled":"default","ast-page-background-meta":{"desktop":{"background-color":"var(--ast-global-color-4)","background-image":"","background-repeat":"repeat","background-position":"center center","background-size":"auto","background-attachment":"scroll","background-type":"","background-media":"","overlay-type":"","overlay-color":"","overlay-opacity":"","overlay-gradient":""},"tablet":{"background-color":"","background-image":"","background-repeat":"repeat","background-position":"center center","background-size":"auto","background-attachment":"scroll","background-type":"","background-media":"","overlay-type":"","overlay-color":"","overlay-opacity":"","overlay-gradient":""},"mobile":{"background-color":"","background-image":"","background-repeat":"repeat","background-position":"center center","background-size":"auto","background-attachment":"scroll","background-type":"","background-media":"","overlay-type":"","overlay-color":"","overlay-opacity":"","overlay-gradient":""}},"ast-content-background-meta":{"desktop":{"background-color":"var(--ast-global-color-5)","background-image":"","background-repeat":"repeat","background-position":"center center","background-size":"auto","background-attachment":"scroll","background-type":"","background-media":"","overlay-type":"","overlay-color":"","overlay-opacity":"","overlay-gradient":""},"tablet":{"background-color":"var(--ast-global-color-5)","background-image":"","background-repeat":"repeat","background-position":"center center","background-size":"auto","background-attachment":"scroll","background-type":"","background-media":"","overlay-type":"","overlay-color":"","overlay-opacity":"","overlay-gradient":""},"mobile":{"background-color":"var(--ast-global-color-5)","background-image":"","background-repeat":"repeat","background-position":"center center","background-size":"auto","background-attachment":"scroll","background-type":"","background-media":"","overlay-type":"","overlay-color":"","overlay-opacity":"","overlay-gradient":""}},"footnotes":""},"categories":[124],"tags":[],"segmentos":[],"class_list":["post-4024","post","type-post","status-publish","format-standard","has-post-thumbnail","hentry","category-cadeira-presidente"],"yoast_head":"<!-- This site is optimized with the Yoast SEO plugin v28.2 - https:\/\/yoast.com\/product\/yoast-seo-wordpress\/ -->\n<title>Cadeira Presidente Tela | Cadeiras de Escrit\u00f3rio | Loja do Centro<\/title>\n<meta name=\"description\" content=\"Cadeira Presidente TELA com bra\u00e7os regul\u00e1veis. Encosto em tela e assento estofado, costurado. Ergon\u00f4mica ou com relax, \u00e9 leve e vers\u00e1til!\" \/>\n<meta name=\"robots\" content=\"index, follow, max-snippet:-1, max-image-preview:large, max-video-preview:-1\" \/>\n<link rel=\"canonical\" href=\"https:\/\/lojadocentro.com.br\/moveis\/cadeira-presidente\/cadeira-presidente-tela-2\/\" \/>\n<meta property=\"og:locale\" content=\"pt_BR\" \/>\n<meta property=\"og:type\" content=\"article\" \/>\n<meta property=\"og:title\" content=\"Cadeira Presidente Tela | Cadeiras de Escrit\u00f3rio | Loja do Centro\" \/>\n<meta property=\"og:description\" content=\"Cadeira Presidente TELA com bra\u00e7os regul\u00e1veis. Encosto em tela e assento estofado, costurado. Ergon\u00f4mica ou com relax, \u00e9 leve e vers\u00e1til!\" \/>\n<meta property=\"og:url\" content=\"https:\/\/lojadocentro.com.br\/moveis\/cadeira-presidente\/cadeira-presidente-tela-2\/\" \/>\n<meta property=\"og:site_name\" content=\"M\u00f3veis para Escrit\u00f3rio - Loja do Centro\" \/>\n<meta property=\"article:published_time\" content=\"2010-06-07T15:30:34+00:00\" \/>\n<meta property=\"article:modified_time\" content=\"2026-08-12T22:11:58+00:00\" \/>\n<meta property=\"og:image\" content=\"https:\/\/lojadocentro.com.br\/moveis\/wp-content\/uploads\/2010\/06\/cadeira-presidente-tela.jpg\" \/>\n\t<meta property=\"og:image:width\" content=\"730\" \/>\n\t<meta property=\"og:image:height\" content=\"730\" \/>\n\t<meta property=\"og:image:type\" content=\"image\/jpeg\" \/>\n<meta name=\"author\" content=\"Ana\" \/>\n<meta name=\"twitter:card\" content=\"summary_large_image\" \/>\n<meta name=\"twitter:label1\" content=\"Escrito por\" \/>\n\t<meta name=\"twitter:data1\" content=\"Ana\" \/>\n\t<meta name=\"twitter:label2\" content=\"Est. tempo de leitura\" \/>\n\t<meta name=\"twitter:data2\" content=\"7 minutos\" \/>\n<script type=\"application\/ld+json\" class=\"yoast-schema-graph\">{\"@context\":\"https:\\\/\\\/schema.org\",\"@graph\":[{\"@type\":\"Article\",\"@id\":\"https:\\\/\\\/lojadocentro.com.br\\\/moveis\\\/cadeira-presidente\\\/cadeira-presidente-tela-2\\\/#article\",\"isPartOf\":{\"@id\":\"https:\\\/\\\/lojadocentro.com.br\\\/moveis\\\/cadeira-presidente\\\/cadeira-presidente-tela-2\\\/\"},\"author\":{\"name\":\"Ana\",\"@id\":\"https:\\\/\\\/lojadocentro.com.br\\\/moveis\\\/#\\\/schema\\\/person\\\/d1d93a97964ef2dcfb9cb8d5db75d0f9\"},\"headline\":\"Cadeira Presidente Tela\",\"datePublished\":\"2010-06-07T15:30:34+00:00\",\"dateModified\":\"2026-08-12T22:11:58+00:00\",\"mainEntityOfPage\":{\"@id\":\"https:\\\/\\\/lojadocentro.com.br\\\/moveis\\\/cadeira-presidente\\\/cadeira-presidente-tela-2\\\/\"},\"wordCount\":436,\"commentCount\":0,\"publisher\":{\"@id\":\"https:\\\/\\\/lojadocentro.com.br\\\/moveis\\\/#organization\"},\"image\":{\"@id\":\"https:\\\/\\\/lojadocentro.com.br\\\/moveis\\\/cadeira-presidente\\\/cadeira-presidente-tela-2\\\/#primaryimage\"},\"thumbnailUrl\":\"https:\\\/\\\/lojadocentro.com.br\\\/moveis\\\/wp-content\\\/uploads\\\/2010\\\/06\\\/cadeira-presidente-tela.jpg\",\"articleSection\":[\"Cadeira Presidente\"],\"inLanguage\":\"pt-BR\",\"potentialAction\":[{\"@type\":\"CommentAction\",\"name\":\"Comment\",\"target\":[\"https:\\\/\\\/lojadocentro.com.br\\\/moveis\\\/cadeira-presidente\\\/cadeira-presidente-tela-2\\\/#respond\"]}]},{\"@type\":\"WebPage\",\"@id\":\"https:\\\/\\\/lojadocentro.com.br\\\/moveis\\\/cadeira-presidente\\\/cadeira-presidente-tela-2\\\/\",\"url\":\"https:\\\/\\\/lojadocentro.com.br\\\/moveis\\\/cadeira-presidente\\\/cadeira-presidente-tela-2\\\/\",\"name\":\"Cadeira Presidente Tela | Cadeiras de Escrit\u00f3rio | Loja do Centro\",\"isPartOf\":{\"@id\":\"https:\\\/\\\/lojadocentro.com.br\\\/moveis\\\/#website\"},\"primaryImageOfPage\":{\"@id\":\"https:\\\/\\\/lojadocentro.com.br\\\/moveis\\\/cadeira-presidente\\\/cadeira-presidente-tela-2\\\/#primaryimage\"},\"image\":{\"@id\":\"https:\\\/\\\/lojadocentro.com.br\\\/moveis\\\/cadeira-presidente\\\/cadeira-presidente-tela-2\\\/#primaryimage\"},\"thumbnailUrl\":\"https:\\\/\\\/lojadocentro.com.br\\\/moveis\\\/wp-content\\\/uploads\\\/2010\\\/06\\\/cadeira-presidente-tela.jpg\",\"datePublished\":\"2010-06-07T15:30:34+00:00\",\"dateModified\":\"2026-08-12T22:11:58+00:00\",\"description\":\"Cadeira Presidente TELA com bra\u00e7os regul\u00e1veis. Encosto em tela e assento estofado, costurado. Ergon\u00f4mica ou com relax, \u00e9 leve e vers\u00e1til!\",\"breadcrumb\":{\"@id\":\"https:\\\/\\\/lojadocentro.com.br\\\/moveis\\\/cadeira-presidente\\\/cadeira-presidente-tela-2\\\/#breadcrumb\"},\"inLanguage\":\"pt-BR\",\"potentialAction\":[{\"@type\":\"ReadAction\",\"target\":[\"https:\\\/\\\/lojadocentro.com.br\\\/moveis\\\/cadeira-presidente\\\/cadeira-presidente-tela-2\\\/\"]}]},{\"@type\":\"ImageObject\",\"inLanguage\":\"pt-BR\",\"@id\":\"https:\\\/\\\/lojadocentro.com.br\\\/moveis\\\/cadeira-presidente\\\/cadeira-presidente-tela-2\\\/#primaryimage\",\"url\":\"https:\\\/\\\/lojadocentro.com.br\\\/moveis\\\/wp-content\\\/uploads\\\/2010\\\/06\\\/cadeira-presidente-tela.jpg\",\"contentUrl\":\"https:\\\/\\\/lojadocentro.com.br\\\/moveis\\\/wp-content\\\/uploads\\\/2010\\\/06\\\/cadeira-presidente-tela.jpg\",\"width\":730,\"height\":730,\"caption\":\"Cadeira Presidente para Escrit\u00f3rio; em SP\"},{\"@type\":\"BreadcrumbList\",\"@id\":\"https:\\\/\\\/lojadocentro.com.br\\\/moveis\\\/cadeira-presidente\\\/cadeira-presidente-tela-2\\\/#breadcrumb\",\"itemListElement\":[{\"@type\":\"ListItem\",\"position\":1,\"name\":\"In\u00edcio\",\"item\":\"https:\\\/\\\/lojadocentro.com.br\\\/moveis\\\/\"},{\"@type\":\"ListItem\",\"position\":2,\"name\":\"Cadeira Presidente Tela\"}]},{\"@type\":\"WebSite\",\"@id\":\"https:\\\/\\\/lojadocentro.com.br\\\/moveis\\\/#website\",\"url\":\"https:\\\/\\\/lojadocentro.com.br\\\/moveis\\\/\",\"name\":\"M\u00f3veis para Escrit\u00f3rio - Loja do Centro\",\"description\":\"Loja de M\u00f3veis para Escrit\u00f3rio\",\"publisher\":{\"@id\":\"https:\\\/\\\/lojadocentro.com.br\\\/moveis\\\/#organization\"},\"potentialAction\":[{\"@type\":\"SearchAction\",\"target\":{\"@type\":\"EntryPoint\",\"urlTemplate\":\"https:\\\/\\\/lojadocentro.com.br\\\/moveis\\\/?s={search_term_string}\"},\"query-input\":{\"@type\":\"PropertyValueSpecification\",\"valueRequired\":true,\"valueName\":\"search_term_string\"}}],\"inLanguage\":\"pt-BR\"},{\"@type\":\"Organization\",\"@id\":\"https:\\\/\\\/lojadocentro.com.br\\\/moveis\\\/#organization\",\"name\":\"M\u00f3veis para Escrit\u00f3rio Loja do Centro\",\"url\":\"https:\\\/\\\/lojadocentro.com.br\\\/moveis\\\/\",\"logo\":{\"@type\":\"ImageObject\",\"inLanguage\":\"pt-BR\",\"@id\":\"https:\\\/\\\/lojadocentro.com.br\\\/moveis\\\/#\\\/schema\\\/logo\\\/image\\\/\",\"url\":\"https:\\\/\\\/www.lojadocentro.com.br\\\/moveis\\\/wp-content\\\/uploads\\\/2015\\\/12\\\/moveis-para-escritorio-loja-do-centro-logo.jpg\",\"contentUrl\":\"https:\\\/\\\/www.lojadocentro.com.br\\\/moveis\\\/wp-content\\\/uploads\\\/2015\\\/12\\\/moveis-para-escritorio-loja-do-centro-logo.jpg\",\"width\":275,\"height\":120,\"caption\":\"M\u00f3veis para Escrit\u00f3rio Loja do Centro\"},\"image\":{\"@id\":\"https:\\\/\\\/lojadocentro.com.br\\\/moveis\\\/#\\\/schema\\\/logo\\\/image\\\/\"}},{\"@type\":\"Person\",\"@id\":\"https:\\\/\\\/lojadocentro.com.br\\\/moveis\\\/#\\\/schema\\\/person\\\/d1d93a97964ef2dcfb9cb8d5db75d0f9\",\"name\":\"Ana\",\"sameAs\":[\"http:\\\/\\\/www.lojadocentro.com.br\"]}]}<\/script>\n<!-- \/ Yoast SEO plugin. -->","yoast_head_json":{"title":"Cadeira Presidente Tela | Cadeiras de Escrit\u00f3rio | Loja do Centro","description":"Cadeira Presidente TELA com bra\u00e7os regul\u00e1veis. Encosto em tela e assento estofado, costurado. Ergon\u00f4mica ou com relax, \u00e9 leve e vers\u00e1til!","robots":{"index":"index","follow":"follow","max-snippet":"max-snippet:-1","max-image-preview":"max-image-preview:large","max-video-preview":"max-video-preview:-1"},"canonical":"https:\/\/lojadocentro.com.br\/moveis\/cadeira-presidente\/cadeira-presidente-tela-2\/","og_locale":"pt_BR","og_type":"article","og_title":"Cadeira Presidente Tela | Cadeiras de Escrit\u00f3rio | Loja do Centro","og_description":"Cadeira Presidente TELA com bra\u00e7os regul\u00e1veis. Encosto em tela e assento estofado, costurado. Ergon\u00f4mica ou com relax, \u00e9 leve e vers\u00e1til!","og_url":"https:\/\/lojadocentro.com.br\/moveis\/cadeira-presidente\/cadeira-presidente-tela-2\/","og_site_name":"M\u00f3veis para Escrit\u00f3rio - Loja do Centro","article_published_time":"2010-06-07T15:30:34+00:00","article_modified_time":"2026-08-12T22:11:58+00:00","og_image":[{"width":730,"height":730,"url":"https:\/\/lojadocentro.com.br\/moveis\/wp-content\/uploads\/2010\/06\/cadeira-presidente-tela.jpg","type":"image\/jpeg"}],"author":"Ana","twitter_card":"summary_large_image","twitter_misc":{"Escrito por":"Ana","Est. tempo de leitura":"7 minutos"},"schema":{"@context":"https:\/\/schema.org","@graph":[{"@type":"Article","@id":"https:\/\/lojadocentro.com.br\/moveis\/cadeira-presidente\/cadeira-presidente-tela-2\/#article","isPartOf":{"@id":"https:\/\/lojadocentro.com.br\/moveis\/cadeira-presidente\/cadeira-presidente-tela-2\/"},"author":{"name":"Ana","@id":"https:\/\/lojadocentro.com.br\/moveis\/#\/schema\/person\/d1d93a97964ef2dcfb9cb8d5db75d0f9"},"headline":"Cadeira Presidente Tela","datePublished":"2010-06-07T15:30:34+00:00","dateModified":"2026-08-12T22:11:58+00:00","mainEntityOfPage":{"@id":"https:\/\/lojadocentro.com.br\/moveis\/cadeira-presidente\/cadeira-presidente-tela-2\/"},"wordCount":436,"commentCount":0,"publisher":{"@id":"https:\/\/lojadocentro.com.br\/moveis\/#organization"},"image":{"@id":"https:\/\/lojadocentro.com.br\/moveis\/cadeira-presidente\/cadeira-presidente-tela-2\/#primaryimage"},"thumbnailUrl":"https:\/\/lojadocentro.com.br\/moveis\/wp-content\/uploads\/2010\/06\/cadeira-presidente-tela.jpg","articleSection":["Cadeira Presidente"],"inLanguage":"pt-BR","potentialAction":[{"@type":"CommentAction","name":"Comment","target":["https:\/\/lojadocentro.com.br\/moveis\/cadeira-presidente\/cadeira-presidente-tela-2\/#respond"]}]},{"@type":"WebPage","@id":"https:\/\/lojadocentro.com.br\/moveis\/cadeira-presidente\/cadeira-presidente-tela-2\/","url":"https:\/\/lojadocentro.com.br\/moveis\/cadeira-presidente\/cadeira-presidente-tela-2\/","name":"Cadeira Presidente Tela | Cadeiras de Escrit\u00f3rio | Loja do Centro","isPartOf":{"@id":"https:\/\/lojadocentro.com.br\/moveis\/#website"},"primaryImageOfPage":{"@id":"https:\/\/lojadocentro.com.br\/moveis\/cadeira-presidente\/cadeira-presidente-tela-2\/#primaryimage"},"image":{"@id":"https:\/\/lojadocentro.com.br\/moveis\/cadeira-presidente\/cadeira-presidente-tela-2\/#primaryimage"},"thumbnailUrl":"https:\/\/lojadocentro.com.br\/moveis\/wp-content\/uploads\/2010\/06\/cadeira-presidente-tela.jpg","datePublished":"2010-06-07T15:30:34+00:00","dateModified":"2026-08-12T22:11:58+00:00","description":"Cadeira Presidente TELA com bra\u00e7os regul\u00e1veis. Encosto em tela e assento estofado, costurado. Ergon\u00f4mica ou com relax, \u00e9 leve e vers\u00e1til!","breadcrumb":{"@id":"https:\/\/lojadocentro.com.br\/moveis\/cadeira-presidente\/cadeira-presidente-tela-2\/#breadcrumb"},"inLanguage":"pt-BR","potentialAction":[{"@type":"ReadAction","target":["https:\/\/lojadocentro.com.br\/moveis\/cadeira-presidente\/cadeira-presidente-tela-2\/"]}]},{"@type":"ImageObject","inLanguage":"pt-BR","@id":"https:\/\/lojadocentro.com.br\/moveis\/cadeira-presidente\/cadeira-presidente-tela-2\/#primaryimage","url":"https:\/\/lojadocentro.com.br\/moveis\/wp-content\/uploads\/2010\/06\/cadeira-presidente-tela.jpg","contentUrl":"https:\/\/lojadocentro.com.br\/moveis\/wp-content\/uploads\/2010\/06\/cadeira-presidente-tela.jpg","width":730,"height":730,"caption":"Cadeira Presidente para Escrit\u00f3rio; em SP"},{"@type":"BreadcrumbList","@id":"https:\/\/lojadocentro.com.br\/moveis\/cadeira-presidente\/cadeira-presidente-tela-2\/#breadcrumb","itemListElement":[{"@type":"ListItem","position":1,"name":"In\u00edcio","item":"https:\/\/lojadocentro.com.br\/moveis\/"},{"@type":"ListItem","position":2,"name":"Cadeira Presidente Tela"}]},{"@type":"WebSite","@id":"https:\/\/lojadocentro.com.br\/moveis\/#website","url":"https:\/\/lojadocentro.com.br\/moveis\/","name":"M\u00f3veis para Escrit\u00f3rio - Loja do Centro","description":"Loja de M\u00f3veis para Escrit\u00f3rio","publisher":{"@id":"https:\/\/lojadocentro.com.br\/moveis\/#organization"},"potentialAction":[{"@type":"SearchAction","target":{"@type":"EntryPoint","urlTemplate":"https:\/\/lojadocentro.com.br\/moveis\/?s={search_term_string}"},"query-input":{"@type":"PropertyValueSpecification","valueRequired":true,"valueName":"search_term_string"}}],"inLanguage":"pt-BR"},{"@type":"Organization","@id":"https:\/\/lojadocentro.com.br\/moveis\/#organization","name":"M\u00f3veis para Escrit\u00f3rio Loja do Centro","url":"https:\/\/lojadocentro.com.br\/moveis\/","logo":{"@type":"ImageObject","inLanguage":"pt-BR","@id":"https:\/\/lojadocentro.com.br\/moveis\/#\/schema\/logo\/image\/","url":"https:\/\/www.lojadocentro.com.br\/moveis\/wp-content\/uploads\/2015\/12\/moveis-para-escritorio-loja-do-centro-logo.jpg","contentUrl":"https:\/\/www.lojadocentro.com.br\/moveis\/wp-content\/uploads\/2015\/12\/moveis-para-escritorio-loja-do-centro-logo.jpg","width":275,"height":120,"caption":"M\u00f3veis para Escrit\u00f3rio Loja do Centro"},"image":{"@id":"https:\/\/lojadocentro.com.br\/moveis\/#\/schema\/logo\/image\/"}},{"@type":"Person","@id":"https:\/\/lojadocentro.com.br\/moveis\/#\/schema\/person\/d1d93a97964ef2dcfb9cb8d5db75d0f9","name":"Ana","sameAs":["http:\/\/www.lojadocentro.com.br"]}]}},"_links":{"self":[{"href":"https:\/\/lojadocentro.com.br\/moveis\/wp-json\/wp\/v2\/posts\/4024","targetHints":{"allow":["GET"]}}],"collection":[{"href":"https:\/\/lojadocentro.com.br\/moveis\/wp-json\/wp\/v2\/posts"}],"about":[{"href":"https:\/\/lojadocentro.com.br\/moveis\/wp-json\/wp\/v2\/types\/post"}],"author":[{"embeddable":true,"href":"https:\/\/lojadocentro.com.br\/moveis\/wp-json\/wp\/v2\/users\/2"}],"replies":[{"embeddable":true,"href":"https:\/\/lojadocentro.com.br\/moveis\/wp-json\/wp\/v2\/comments?post=4024"}],"version-history":[{"count":2,"href":"https:\/\/lojadocentro.com.br\/moveis\/wp-json\/wp\/v2\/posts\/4024\/revisions"}],"predecessor-version":[{"id":62275,"href":"https:\/\/lojadocentro.com.br\/moveis\/wp-json\/wp\/v2\/posts\/4024\/revisions\/62275"}],"wp:featuredmedia":[{"embeddable":true,"href":"https:\/\/lojadocentro.com.br\/moveis\/wp-json\/wp\/v2\/media\/62273"}],"wp:attachment":[{"href":"https:\/\/lojadocentro.com.br\/moveis\/wp-json\/wp\/v2\/media?parent=4024"}],"wp:term":[{"taxonomy":"category","embeddable":true,"href":"https:\/\/lojadocentro.com.br\/moveis\/wp-json\/wp\/v2\/categories?post=4024"},{"taxonomy":"post_tag","embeddable":true,"href":"https:\/\/lojadocentro.com.br\/moveis\/wp-json\/wp\/v2\/tags?post=4024"},{"taxonomy":"segmentos","embeddable":true,"href":"https:\/\/lojadocentro.com.br\/moveis\/wp-json\/wp\/v2\/segmentos?post=4024"}],"curies":[{"name":"wp","href":"https:\/\/api.w.org\/{rel}","templated":true}]}}