{"id":54264,"date":"2026-03-22T12:00:38","date_gmt":"2026-03-22T15:00:38","guid":{"rendered":"https:\/\/www.lojadocentro.com.br\/moveis\/?p=54264"},"modified":"2026-08-12T13:05:02","modified_gmt":"2026-08-12T16:05:02","slug":"cadeira-presidente-premium","status":"publish","type":"post","link":"https:\/\/lojadocentro.com.br\/moveis\/_destaque-cadeiras\/cadeira-presidente-premium\/","title":{"rendered":"Cadeira Presidente Premium"},"content":{"rendered":"<h2>Cadeira Presidente Premium<\/h2>\n<p>A Cadeira Presidente Premium \u00e9 top de linha! Alta, confort\u00e1vel e luxuosa, para impactar bem seus clientes, imprimindo uma impress\u00e3o de autoridade! Acompanha o usu\u00e1rio em longos per\u00edodos de trabalho com muito conforto, com apoio para a cabe\u00e7a e \u00e9 muito indicada tamb\u00e9m para salas de reuni\u00e3o luxuosas.<\/p>\n<p><!--more--><\/p>\n<p>Proporciona conforto e impacta bem o cliente causando \u00f3tima impress\u00e3o! Uma cadeira presidente que \u00e9 uma verdadeira poltrona de alta performance.<\/p>\n<p>Imagino a Cadeira Presidente Premium, por exemplo, num projeto de sala para diretores, advogados, ju\u00edzes. \u00c9 tradicional, luxuosa sem ser espalhafatosa. S\u00f3bria, s\u00f3lida, traduz uma posi\u00e7\u00e3o de autoridade.<\/p>\n<p>Configura\u00e7\u00f5es:<\/p>\n<ul>\n<li>Bra\u00e7os cromados ou pretos<\/li>\n<li>Base diretor piramidal cromada, piramidal alum\u00ednio, piramidal preta ou standard preta<\/li>\n<li>Mecanismo ergon\u00f4mico ou mecanismo relax com trava.<\/li>\n<li>J\u00e1 vem com rod\u00edzios macios injetados em poliuretano, anti-riscos. \u00c9 uma otima pedida tamb\u00e9m para quem tem pisos laminados ou porcelanatos.<\/li>\n<li>Estofada, com revestimento em couro ecol\u00f3gico texturizado ou facto dunas, em v\u00e1rias cores!!!<\/li>\n<li>Acabamentos de excel\u00eancia, desde a espuma, costuras, ao a\u00e7o, voc\u00ea n\u00e3o pode deixar de conhecer este modelo!<\/li>\n<\/ul>\n<p>Conhe\u00e7a a <a href=\"https:\/\/www.lojadocentro.com.br\/moveis\/cadeira-diretor-gerencia\/cadeira-diretor-premium\/\">Cadeira Diretor Premium<\/a> e a <a href=\"https:\/\/www.lojadocentro.com.br\/moveis\/_destaque-cadeiras\/cadeira-fixa-premium\/\">Cadeira Fixa Premium<\/a> para <a href=\"https:\/\/www.lojadocentro.com.br\/moveis\/mesas-para-escritorio\/mesas-para-reuniao\/\">mesas de reuni\u00e3o<\/a> , <a href=\"https:\/\/www.lojadocentro.com.br\/moveis\/mesas-para-escritorio\/mesas-para-diretoria\/\">mesas para diretoria<\/a> e para a posi\u00e7\u00e3o de cliente\/visita. Super Top!!!<\/p>\n<h6>Ligue no PABX 11 3242-3536, agende uma consultoria gratuita em nossa loja.<br \/>\nTraga medidas, projetamos seu escrit\u00f3rio.<\/h6>\n<p><img fetchpriority=\"high\" decoding=\"async\" class=\"alignnone wp-image-62244\" src=\"https:\/\/lojadocentro.com.br\/moveis\/wp-content\/uploads\/2023\/03\/cadeiras-da-linha-suprema-premium-1024x390.jpg\" alt=\"Cadeiras Escrit\u00f3rio Premium\" width=\"741\" height=\"282\" srcset=\"https:\/\/lojadocentro.com.br\/moveis\/wp-content\/uploads\/2023\/03\/cadeiras-da-linha-suprema-premium-1024x390.jpg 1024w, https:\/\/lojadocentro.com.br\/moveis\/wp-content\/uploads\/2023\/03\/cadeiras-da-linha-suprema-premium-300x114.jpg 300w, https:\/\/lojadocentro.com.br\/moveis\/wp-content\/uploads\/2023\/03\/cadeiras-da-linha-suprema-premium-200x76.jpg 200w, https:\/\/lojadocentro.com.br\/moveis\/wp-content\/uploads\/2023\/03\/cadeiras-da-linha-suprema-premium-768x293.jpg 768w, https:\/\/lojadocentro.com.br\/moveis\/wp-content\/uploads\/2023\/03\/cadeiras-da-linha-suprema-premium.jpg 1251w\" sizes=\"(max-width: 741px) 100vw, 741px\" \/><\/p>\n<p>&nbsp;<\/p>\n<p><img decoding=\"async\" class=\"alignnone wp-image-62245\" src=\"https:\/\/lojadocentro.com.br\/moveis\/wp-content\/uploads\/2023\/03\/cadeira-presidente-premium-preta.jpg\" alt=\"Cadeira Presidente Premium Suprema\" width=\"457\" height=\"452\" srcset=\"https:\/\/lojadocentro.com.br\/moveis\/wp-content\/uploads\/2023\/03\/cadeira-presidente-premium-preta.jpg 961w, https:\/\/lojadocentro.com.br\/moveis\/wp-content\/uploads\/2023\/03\/cadeira-presidente-premium-preta-300x297.jpg 300w, https:\/\/lojadocentro.com.br\/moveis\/wp-content\/uploads\/2023\/03\/cadeira-presidente-premium-preta-200x198.jpg 200w, https:\/\/lojadocentro.com.br\/moveis\/wp-content\/uploads\/2023\/03\/cadeira-presidente-premium-preta-768x760.jpg 768w\" sizes=\"(max-width: 457px) 100vw, 457px\" \/>\u00a0 \u00a0 \u00a0<img decoding=\"async\" class=\"alignnone wp-image-62246\" src=\"https:\/\/lojadocentro.com.br\/moveis\/wp-content\/uploads\/2023\/03\/cadeiras-premium.jpg\" alt=\"Cadeiras Premium Escrit\u00f3rio\" width=\"381\" height=\"450\" srcset=\"https:\/\/lojadocentro.com.br\/moveis\/wp-content\/uploads\/2023\/03\/cadeiras-premium.jpg 761w, https:\/\/lojadocentro.com.br\/moveis\/wp-content\/uploads\/2023\/03\/cadeiras-premium-255x300.jpg 255w, https:\/\/lojadocentro.com.br\/moveis\/wp-content\/uploads\/2023\/03\/cadeiras-premium-170x200.jpg 170w\" sizes=\"(max-width: 381px) 100vw, 381px\" \/><\/p>\n<p>&nbsp;<\/p>\n<p>&nbsp;<\/p>\n","protected":false},"excerpt":{"rendered":"<p>Cadeira Presidente Premium A Cadeira Presidente Premium \u00e9 top de linha! Alta, confort\u00e1vel e luxuosa, para impactar bem seus clientes, imprimindo uma impress\u00e3o de autoridade! Acompanha o usu\u00e1rio em longos per\u00edodos de trabalho com muito conforto, com apoio para a cabe\u00e7a e \u00e9 muito indicada tamb\u00e9m para salas de reuni\u00e3o luxuosas.<\/p>\n","protected":false},"author":2,"featured_media":62242,"comment_status":"open","ping_status":"open","sticky":false,"template":"","format":"standard","meta":{"_exactmetrics_skip_tracking":false,"site-sidebar-layout":"default","site-content-layout":"default","ast-site-content-layout":"default","site-content-style":"default","site-sidebar-style":"default","ast-global-header-display":"","ast-banner-title-visibility":"","ast-main-header-display":"","ast-hfb-above-header-display":"","ast-hfb-below-header-display":"","ast-hfb-mobile-header-display":"","site-post-title":"","ast-breadcrumbs-content":"","ast-featured-img":"","footer-sml-layout":"","theme-transparent-header-meta":"default","adv-header-id-meta":"","stick-header-meta":"default","header-above-stick-meta":"","header-main-stick-meta":"","header-below-stick-meta":"","astra-migrate-meta-layouts":"set","ast-page-background-enabled":"default","ast-page-background-meta":{"desktop":{"background-color":"var(--ast-global-color-4)","background-image":"","background-repeat":"repeat","background-position":"center center","background-size":"auto","background-attachment":"scroll","background-type":"","background-media":"","overlay-type":"","overlay-color":"","overlay-opacity":"","overlay-gradient":""},"tablet":{"background-color":"","background-image":"","background-repeat":"repeat","background-position":"center center","background-size":"auto","background-attachment":"scroll","background-type":"","background-media":"","overlay-type":"","overlay-color":"","overlay-opacity":"","overlay-gradient":""},"mobile":{"background-color":"","background-image":"","background-repeat":"repeat","background-position":"center center","background-size":"auto","background-attachment":"scroll","background-type":"","background-media":"","overlay-type":"","overlay-color":"","overlay-opacity":"","overlay-gradient":""}},"ast-content-background-meta":{"desktop":{"background-color":"var(--ast-global-color-5)","background-image":"","background-repeat":"repeat","background-position":"center center","background-size":"auto","background-attachment":"scroll","background-type":"","background-media":"","overlay-type":"","overlay-color":"","overlay-opacity":"","overlay-gradient":""},"tablet":{"background-color":"var(--ast-global-color-5)","background-image":"","background-repeat":"repeat","background-position":"center center","background-size":"auto","background-attachment":"scroll","background-type":"","background-media":"","overlay-type":"","overlay-color":"","overlay-opacity":"","overlay-gradient":""},"mobile":{"background-color":"var(--ast-global-color-5)","background-image":"","background-repeat":"repeat","background-position":"center center","background-size":"auto","background-attachment":"scroll","background-type":"","background-media":"","overlay-type":"","overlay-color":"","overlay-opacity":"","overlay-gradient":""}},"footnotes":""},"categories":[124,71,217,98],"tags":[290,317,380,399,3244,334,352,389,3245],"segmentos":[3197,391,265],"class_list":["post-54264","post","type-post","status-publish","format-standard","has-post-thumbnail","hentry","category-cadeira-presidente","category-cadeiras-luxo","category-cadeiras-para-escritorio","category-_destaque-cadeiras","tag-confortavel","tag-contemporanea","tag-luxo","tag-mobiliario-corporativo","tag-plaxmetal","tag-plus","tag-premium","tag-solida","tag-suprema","segmentos-cadeiras-reuniao","segmentos-cadeiras-para-mesa-de-reuniao","segmentos-moveis-para-advogados"],"yoast_head":"<!-- This site is optimized with the Yoast SEO plugin v28.2 - https:\/\/yoast.com\/product\/yoast-seo-wordpress\/ -->\n<title>Cadeira Presidente Premium - M\u00f3veis para Escrit\u00f3rio - Loja do Centro<\/title>\n<meta name=\"description\" content=\"Cadeira Presidente Premium! Alta, confort\u00e1vel e luxuosa, impacta e traduz posi\u00e7\u00e3o de autoridade. \u00d3tima para diretores e salas de reuni\u00e3o.\" \/>\n<meta name=\"robots\" content=\"index, follow, max-snippet:-1, max-image-preview:large, max-video-preview:-1\" \/>\n<link rel=\"canonical\" href=\"https:\/\/lojadocentro.com.br\/moveis\/_destaque-cadeiras\/cadeira-presidente-premium\/\" \/>\n<meta property=\"og:locale\" content=\"pt_BR\" \/>\n<meta property=\"og:type\" content=\"article\" \/>\n<meta property=\"og:title\" content=\"Cadeira Presidente Premium - M\u00f3veis para Escrit\u00f3rio - Loja do Centro\" \/>\n<meta property=\"og:description\" content=\"Cadeira Presidente Premium! Alta, confort\u00e1vel e luxuosa, impacta e traduz posi\u00e7\u00e3o de autoridade. \u00d3tima para diretores e salas de reuni\u00e3o.\" \/>\n<meta property=\"og:url\" content=\"https:\/\/lojadocentro.com.br\/moveis\/_destaque-cadeiras\/cadeira-presidente-premium\/\" \/>\n<meta property=\"og:site_name\" content=\"M\u00f3veis para Escrit\u00f3rio - Loja do Centro\" \/>\n<meta property=\"article:published_time\" content=\"2026-03-22T15:00:38+00:00\" \/>\n<meta property=\"article:modified_time\" content=\"2026-08-12T16:05:02+00:00\" \/>\n<meta property=\"og:image\" content=\"https:\/\/lojadocentro.com.br\/moveis\/wp-content\/uploads\/2023\/03\/cadeira-presidente-premium.jpg\" \/>\n\t<meta property=\"og:image:width\" content=\"820\" \/>\n\t<meta property=\"og:image:height\" content=\"820\" \/>\n\t<meta property=\"og:image:type\" content=\"image\/jpeg\" \/>\n<meta name=\"author\" content=\"Ana\" \/>\n<meta name=\"twitter:card\" content=\"summary_large_image\" \/>\n<meta name=\"twitter:label1\" content=\"Escrito por\" \/>\n\t<meta name=\"twitter:data1\" content=\"Ana\" \/>\n\t<meta name=\"twitter:label2\" content=\"Est. tempo de leitura\" \/>\n\t<meta name=\"twitter:data2\" content=\"2 minutos\" \/>\n<script type=\"application\/ld+json\" class=\"yoast-schema-graph\">{\"@context\":\"https:\\\/\\\/schema.org\",\"@graph\":[{\"@type\":\"Article\",\"@id\":\"https:\\\/\\\/lojadocentro.com.br\\\/moveis\\\/_destaque-cadeiras\\\/cadeira-presidente-premium\\\/#article\",\"isPartOf\":{\"@id\":\"https:\\\/\\\/lojadocentro.com.br\\\/moveis\\\/_destaque-cadeiras\\\/cadeira-presidente-premium\\\/\"},\"author\":{\"name\":\"Ana\",\"@id\":\"https:\\\/\\\/lojadocentro.com.br\\\/moveis\\\/#\\\/schema\\\/person\\\/d1d93a97964ef2dcfb9cb8d5db75d0f9\"},\"headline\":\"Cadeira Presidente Premium\",\"datePublished\":\"2026-03-22T15:00:38+00:00\",\"dateModified\":\"2026-08-12T16:05:02+00:00\",\"mainEntityOfPage\":{\"@id\":\"https:\\\/\\\/lojadocentro.com.br\\\/moveis\\\/_destaque-cadeiras\\\/cadeira-presidente-premium\\\/\"},\"wordCount\":244,\"commentCount\":0,\"publisher\":{\"@id\":\"https:\\\/\\\/lojadocentro.com.br\\\/moveis\\\/#organization\"},\"image\":{\"@id\":\"https:\\\/\\\/lojadocentro.com.br\\\/moveis\\\/_destaque-cadeiras\\\/cadeira-presidente-premium\\\/#primaryimage\"},\"thumbnailUrl\":\"https:\\\/\\\/lojadocentro.com.br\\\/moveis\\\/wp-content\\\/uploads\\\/2023\\\/03\\\/cadeira-presidente-premium.jpg\",\"keywords\":[\"confort\u00e1vel\",\"contempor\u00e2nea\",\"Luxo\",\"mobili\u00e1rio corporativo\",\"Plaxmetal\",\"plus\",\"premium\",\"s\u00f3lida\",\"Suprema\"],\"articleSection\":[\"Cadeira Presidente\",\"Cadeiras Luxo\",\"Cadeiras Para Escrit\u00f3rio\",\"Destaque Cadeiras\"],\"inLanguage\":\"pt-BR\",\"potentialAction\":[{\"@type\":\"CommentAction\",\"name\":\"Comment\",\"target\":[\"https:\\\/\\\/lojadocentro.com.br\\\/moveis\\\/_destaque-cadeiras\\\/cadeira-presidente-premium\\\/#respond\"]}]},{\"@type\":\"WebPage\",\"@id\":\"https:\\\/\\\/lojadocentro.com.br\\\/moveis\\\/_destaque-cadeiras\\\/cadeira-presidente-premium\\\/\",\"url\":\"https:\\\/\\\/lojadocentro.com.br\\\/moveis\\\/_destaque-cadeiras\\\/cadeira-presidente-premium\\\/\",\"name\":\"Cadeira Presidente Premium - M\u00f3veis para Escrit\u00f3rio - Loja do Centro\",\"isPartOf\":{\"@id\":\"https:\\\/\\\/lojadocentro.com.br\\\/moveis\\\/#website\"},\"primaryImageOfPage\":{\"@id\":\"https:\\\/\\\/lojadocentro.com.br\\\/moveis\\\/_destaque-cadeiras\\\/cadeira-presidente-premium\\\/#primaryimage\"},\"image\":{\"@id\":\"https:\\\/\\\/lojadocentro.com.br\\\/moveis\\\/_destaque-cadeiras\\\/cadeira-presidente-premium\\\/#primaryimage\"},\"thumbnailUrl\":\"https:\\\/\\\/lojadocentro.com.br\\\/moveis\\\/wp-content\\\/uploads\\\/2023\\\/03\\\/cadeira-presidente-premium.jpg\",\"datePublished\":\"2026-03-22T15:00:38+00:00\",\"dateModified\":\"2026-08-12T16:05:02+00:00\",\"description\":\"Cadeira Presidente Premium! Alta, confort\u00e1vel e luxuosa, impacta e traduz posi\u00e7\u00e3o de autoridade. \u00d3tima para diretores e salas de reuni\u00e3o.\",\"breadcrumb\":{\"@id\":\"https:\\\/\\\/lojadocentro.com.br\\\/moveis\\\/_destaque-cadeiras\\\/cadeira-presidente-premium\\\/#breadcrumb\"},\"inLanguage\":\"pt-BR\",\"potentialAction\":[{\"@type\":\"ReadAction\",\"target\":[\"https:\\\/\\\/lojadocentro.com.br\\\/moveis\\\/_destaque-cadeiras\\\/cadeira-presidente-premium\\\/\"]}]},{\"@type\":\"ImageObject\",\"inLanguage\":\"pt-BR\",\"@id\":\"https:\\\/\\\/lojadocentro.com.br\\\/moveis\\\/_destaque-cadeiras\\\/cadeira-presidente-premium\\\/#primaryimage\",\"url\":\"https:\\\/\\\/lojadocentro.com.br\\\/moveis\\\/wp-content\\\/uploads\\\/2023\\\/03\\\/cadeira-presidente-premium.jpg\",\"contentUrl\":\"https:\\\/\\\/lojadocentro.com.br\\\/moveis\\\/wp-content\\\/uploads\\\/2023\\\/03\\\/cadeira-presidente-premium.jpg\",\"width\":820,\"height\":820,\"caption\":\"Cadeira Presidente Premium para Escrit\u00f3rio; em SP\"},{\"@type\":\"BreadcrumbList\",\"@id\":\"https:\\\/\\\/lojadocentro.com.br\\\/moveis\\\/_destaque-cadeiras\\\/cadeira-presidente-premium\\\/#breadcrumb\",\"itemListElement\":[{\"@type\":\"ListItem\",\"position\":1,\"name\":\"In\u00edcio\",\"item\":\"https:\\\/\\\/lojadocentro.com.br\\\/moveis\\\/\"},{\"@type\":\"ListItem\",\"position\":2,\"name\":\"Cadeira Presidente Premium\"}]},{\"@type\":\"WebSite\",\"@id\":\"https:\\\/\\\/lojadocentro.com.br\\\/moveis\\\/#website\",\"url\":\"https:\\\/\\\/lojadocentro.com.br\\\/moveis\\\/\",\"name\":\"M\u00f3veis para Escrit\u00f3rio - Loja do Centro\",\"description\":\"Loja de M\u00f3veis para Escrit\u00f3rio\",\"publisher\":{\"@id\":\"https:\\\/\\\/lojadocentro.com.br\\\/moveis\\\/#organization\"},\"potentialAction\":[{\"@type\":\"SearchAction\",\"target\":{\"@type\":\"EntryPoint\",\"urlTemplate\":\"https:\\\/\\\/lojadocentro.com.br\\\/moveis\\\/?s={search_term_string}\"},\"query-input\":{\"@type\":\"PropertyValueSpecification\",\"valueRequired\":true,\"valueName\":\"search_term_string\"}}],\"inLanguage\":\"pt-BR\"},{\"@type\":\"Organization\",\"@id\":\"https:\\\/\\\/lojadocentro.com.br\\\/moveis\\\/#organization\",\"name\":\"M\u00f3veis para Escrit\u00f3rio Loja do Centro\",\"url\":\"https:\\\/\\\/lojadocentro.com.br\\\/moveis\\\/\",\"logo\":{\"@type\":\"ImageObject\",\"inLanguage\":\"pt-BR\",\"@id\":\"https:\\\/\\\/lojadocentro.com.br\\\/moveis\\\/#\\\/schema\\\/logo\\\/image\\\/\",\"url\":\"https:\\\/\\\/www.lojadocentro.com.br\\\/moveis\\\/wp-content\\\/uploads\\\/2015\\\/12\\\/moveis-para-escritorio-loja-do-centro-logo.jpg\",\"contentUrl\":\"https:\\\/\\\/www.lojadocentro.com.br\\\/moveis\\\/wp-content\\\/uploads\\\/2015\\\/12\\\/moveis-para-escritorio-loja-do-centro-logo.jpg\",\"width\":275,\"height\":120,\"caption\":\"M\u00f3veis para Escrit\u00f3rio Loja do Centro\"},\"image\":{\"@id\":\"https:\\\/\\\/lojadocentro.com.br\\\/moveis\\\/#\\\/schema\\\/logo\\\/image\\\/\"}},{\"@type\":\"Person\",\"@id\":\"https:\\\/\\\/lojadocentro.com.br\\\/moveis\\\/#\\\/schema\\\/person\\\/d1d93a97964ef2dcfb9cb8d5db75d0f9\",\"name\":\"Ana\",\"sameAs\":[\"http:\\\/\\\/www.lojadocentro.com.br\"]}]}<\/script>\n<!-- \/ Yoast SEO plugin. -->","yoast_head_json":{"title":"Cadeira Presidente Premium - M\u00f3veis para Escrit\u00f3rio - Loja do Centro","description":"Cadeira Presidente Premium! Alta, confort\u00e1vel e luxuosa, impacta e traduz posi\u00e7\u00e3o de autoridade. \u00d3tima para diretores e salas de reuni\u00e3o.","robots":{"index":"index","follow":"follow","max-snippet":"max-snippet:-1","max-image-preview":"max-image-preview:large","max-video-preview":"max-video-preview:-1"},"canonical":"https:\/\/lojadocentro.com.br\/moveis\/_destaque-cadeiras\/cadeira-presidente-premium\/","og_locale":"pt_BR","og_type":"article","og_title":"Cadeira Presidente Premium - M\u00f3veis para Escrit\u00f3rio - Loja do Centro","og_description":"Cadeira Presidente Premium! Alta, confort\u00e1vel e luxuosa, impacta e traduz posi\u00e7\u00e3o de autoridade. \u00d3tima para diretores e salas de reuni\u00e3o.","og_url":"https:\/\/lojadocentro.com.br\/moveis\/_destaque-cadeiras\/cadeira-presidente-premium\/","og_site_name":"M\u00f3veis para Escrit\u00f3rio - Loja do Centro","article_published_time":"2026-03-22T15:00:38+00:00","article_modified_time":"2026-08-12T16:05:02+00:00","og_image":[{"width":820,"height":820,"url":"https:\/\/lojadocentro.com.br\/moveis\/wp-content\/uploads\/2023\/03\/cadeira-presidente-premium.jpg","type":"image\/jpeg"}],"author":"Ana","twitter_card":"summary_large_image","twitter_misc":{"Escrito por":"Ana","Est. tempo de leitura":"2 minutos"},"schema":{"@context":"https:\/\/schema.org","@graph":[{"@type":"Article","@id":"https:\/\/lojadocentro.com.br\/moveis\/_destaque-cadeiras\/cadeira-presidente-premium\/#article","isPartOf":{"@id":"https:\/\/lojadocentro.com.br\/moveis\/_destaque-cadeiras\/cadeira-presidente-premium\/"},"author":{"name":"Ana","@id":"https:\/\/lojadocentro.com.br\/moveis\/#\/schema\/person\/d1d93a97964ef2dcfb9cb8d5db75d0f9"},"headline":"Cadeira Presidente Premium","datePublished":"2026-03-22T15:00:38+00:00","dateModified":"2026-08-12T16:05:02+00:00","mainEntityOfPage":{"@id":"https:\/\/lojadocentro.com.br\/moveis\/_destaque-cadeiras\/cadeira-presidente-premium\/"},"wordCount":244,"commentCount":0,"publisher":{"@id":"https:\/\/lojadocentro.com.br\/moveis\/#organization"},"image":{"@id":"https:\/\/lojadocentro.com.br\/moveis\/_destaque-cadeiras\/cadeira-presidente-premium\/#primaryimage"},"thumbnailUrl":"https:\/\/lojadocentro.com.br\/moveis\/wp-content\/uploads\/2023\/03\/cadeira-presidente-premium.jpg","keywords":["confort\u00e1vel","contempor\u00e2nea","Luxo","mobili\u00e1rio corporativo","Plaxmetal","plus","premium","s\u00f3lida","Suprema"],"articleSection":["Cadeira Presidente","Cadeiras Luxo","Cadeiras Para Escrit\u00f3rio","Destaque Cadeiras"],"inLanguage":"pt-BR","potentialAction":[{"@type":"CommentAction","name":"Comment","target":["https:\/\/lojadocentro.com.br\/moveis\/_destaque-cadeiras\/cadeira-presidente-premium\/#respond"]}]},{"@type":"WebPage","@id":"https:\/\/lojadocentro.com.br\/moveis\/_destaque-cadeiras\/cadeira-presidente-premium\/","url":"https:\/\/lojadocentro.com.br\/moveis\/_destaque-cadeiras\/cadeira-presidente-premium\/","name":"Cadeira Presidente Premium - M\u00f3veis para Escrit\u00f3rio - Loja do Centro","isPartOf":{"@id":"https:\/\/lojadocentro.com.br\/moveis\/#website"},"primaryImageOfPage":{"@id":"https:\/\/lojadocentro.com.br\/moveis\/_destaque-cadeiras\/cadeira-presidente-premium\/#primaryimage"},"image":{"@id":"https:\/\/lojadocentro.com.br\/moveis\/_destaque-cadeiras\/cadeira-presidente-premium\/#primaryimage"},"thumbnailUrl":"https:\/\/lojadocentro.com.br\/moveis\/wp-content\/uploads\/2023\/03\/cadeira-presidente-premium.jpg","datePublished":"2026-03-22T15:00:38+00:00","dateModified":"2026-08-12T16:05:02+00:00","description":"Cadeira Presidente Premium! Alta, confort\u00e1vel e luxuosa, impacta e traduz posi\u00e7\u00e3o de autoridade. \u00d3tima para diretores e salas de reuni\u00e3o.","breadcrumb":{"@id":"https:\/\/lojadocentro.com.br\/moveis\/_destaque-cadeiras\/cadeira-presidente-premium\/#breadcrumb"},"inLanguage":"pt-BR","potentialAction":[{"@type":"ReadAction","target":["https:\/\/lojadocentro.com.br\/moveis\/_destaque-cadeiras\/cadeira-presidente-premium\/"]}]},{"@type":"ImageObject","inLanguage":"pt-BR","@id":"https:\/\/lojadocentro.com.br\/moveis\/_destaque-cadeiras\/cadeira-presidente-premium\/#primaryimage","url":"https:\/\/lojadocentro.com.br\/moveis\/wp-content\/uploads\/2023\/03\/cadeira-presidente-premium.jpg","contentUrl":"https:\/\/lojadocentro.com.br\/moveis\/wp-content\/uploads\/2023\/03\/cadeira-presidente-premium.jpg","width":820,"height":820,"caption":"Cadeira Presidente Premium para Escrit\u00f3rio; em SP"},{"@type":"BreadcrumbList","@id":"https:\/\/lojadocentro.com.br\/moveis\/_destaque-cadeiras\/cadeira-presidente-premium\/#breadcrumb","itemListElement":[{"@type":"ListItem","position":1,"name":"In\u00edcio","item":"https:\/\/lojadocentro.com.br\/moveis\/"},{"@type":"ListItem","position":2,"name":"Cadeira Presidente Premium"}]},{"@type":"WebSite","@id":"https:\/\/lojadocentro.com.br\/moveis\/#website","url":"https:\/\/lojadocentro.com.br\/moveis\/","name":"M\u00f3veis para Escrit\u00f3rio - Loja do Centro","description":"Loja de M\u00f3veis para Escrit\u00f3rio","publisher":{"@id":"https:\/\/lojadocentro.com.br\/moveis\/#organization"},"potentialAction":[{"@type":"SearchAction","target":{"@type":"EntryPoint","urlTemplate":"https:\/\/lojadocentro.com.br\/moveis\/?s={search_term_string}"},"query-input":{"@type":"PropertyValueSpecification","valueRequired":true,"valueName":"search_term_string"}}],"inLanguage":"pt-BR"},{"@type":"Organization","@id":"https:\/\/lojadocentro.com.br\/moveis\/#organization","name":"M\u00f3veis para Escrit\u00f3rio Loja do Centro","url":"https:\/\/lojadocentro.com.br\/moveis\/","logo":{"@type":"ImageObject","inLanguage":"pt-BR","@id":"https:\/\/lojadocentro.com.br\/moveis\/#\/schema\/logo\/image\/","url":"https:\/\/www.lojadocentro.com.br\/moveis\/wp-content\/uploads\/2015\/12\/moveis-para-escritorio-loja-do-centro-logo.jpg","contentUrl":"https:\/\/www.lojadocentro.com.br\/moveis\/wp-content\/uploads\/2015\/12\/moveis-para-escritorio-loja-do-centro-logo.jpg","width":275,"height":120,"caption":"M\u00f3veis para Escrit\u00f3rio Loja do Centro"},"image":{"@id":"https:\/\/lojadocentro.com.br\/moveis\/#\/schema\/logo\/image\/"}},{"@type":"Person","@id":"https:\/\/lojadocentro.com.br\/moveis\/#\/schema\/person\/d1d93a97964ef2dcfb9cb8d5db75d0f9","name":"Ana","sameAs":["http:\/\/www.lojadocentro.com.br"]}]}},"_links":{"self":[{"href":"https:\/\/lojadocentro.com.br\/moveis\/wp-json\/wp\/v2\/posts\/54264","targetHints":{"allow":["GET"]}}],"collection":[{"href":"https:\/\/lojadocentro.com.br\/moveis\/wp-json\/wp\/v2\/posts"}],"about":[{"href":"https:\/\/lojadocentro.com.br\/moveis\/wp-json\/wp\/v2\/types\/post"}],"author":[{"embeddable":true,"href":"https:\/\/lojadocentro.com.br\/moveis\/wp-json\/wp\/v2\/users\/2"}],"replies":[{"embeddable":true,"href":"https:\/\/lojadocentro.com.br\/moveis\/wp-json\/wp\/v2\/comments?post=54264"}],"version-history":[{"count":3,"href":"https:\/\/lojadocentro.com.br\/moveis\/wp-json\/wp\/v2\/posts\/54264\/revisions"}],"predecessor-version":[{"id":62247,"href":"https:\/\/lojadocentro.com.br\/moveis\/wp-json\/wp\/v2\/posts\/54264\/revisions\/62247"}],"wp:featuredmedia":[{"embeddable":true,"href":"https:\/\/lojadocentro.com.br\/moveis\/wp-json\/wp\/v2\/media\/62242"}],"wp:attachment":[{"href":"https:\/\/lojadocentro.com.br\/moveis\/wp-json\/wp\/v2\/media?parent=54264"}],"wp:term":[{"taxonomy":"category","embeddable":true,"href":"https:\/\/lojadocentro.com.br\/moveis\/wp-json\/wp\/v2\/categories?post=54264"},{"taxonomy":"post_tag","embeddable":true,"href":"https:\/\/lojadocentro.com.br\/moveis\/wp-json\/wp\/v2\/tags?post=54264"},{"taxonomy":"segmentos","embeddable":true,"href":"https:\/\/lojadocentro.com.br\/moveis\/wp-json\/wp\/v2\/segmentos?post=54264"}],"curies":[{"name":"wp","href":"https:\/\/api.w.org\/{rel}","templated":true}]}}