{"id":5469,"date":"2025-06-06T10:00:54","date_gmt":"2025-06-06T13:00:54","guid":{"rendered":"https:\/\/www.lojadocentro.com.br\/moveis\/?p=5469"},"modified":"2026-08-13T17:14:35","modified_gmt":"2026-08-13T20:14:35","slug":"mesa-plataforma-4-lugares","status":"publish","type":"post","link":"https:\/\/lojadocentro.com.br\/moveis\/estacoes-de-trabalho\/plataformas-de-trabalho\/mesa-plataforma-4-lugares\/","title":{"rendered":"Mesa Plataforma 4 Lugares"},"content":{"rendered":"<h2 style=\"color: #434343;\">Mesa Plataforma 4 Lugares<\/h2>\n<p>Mesa Plataforma 4 Lugares, em m\u00f3dulos duplos, com duas pessoas de frente para outras duas. Com subida de fia\u00e7\u00e3o central, calha horizontal para acomoda\u00e7\u00e3o de fios e totalmente eletrific\u00e1vel, vem com caixa de conectividade individual (para instala\u00e7\u00e3o de 3 tomadas el\u00e9tricas e 2 RJs para cada um).<br \/>\n<!--more--><\/p>\n<p>Confeccionada com tampos em MDP 25mm , v\u00e1rias cores, com estrutura de a\u00e7o com pintura ep\u00f3xi p\u00f3.<\/p>\n<p>Voc\u00ea vai gostar de conhecer a linha completa de acess\u00f3rios para essa Mesa Plataforma<\/p>\n<ul>\n<li>Lockers de 6 a 8 portas para um dos lados da esta\u00e7\u00e3o<\/li>\n<li>Arm\u00e1rios credenza de 2 portas e v\u00e3o central ou de 3 portas<\/li>\n<li>Arm\u00e1rio para impressora<\/li>\n<li>Floreiras ou cachepots para plantas<\/li>\n<li>Biombos divisores suspensos de MDP, de vidro ou abafadores de ru\u00eddo<\/li>\n<li>Prateleira para monitores entre as posi\u00e7\u00f5es<\/li>\n<li>Gaveteiros fixos suspensos ou volantes<\/li>\n<\/ul>\n<p>Veja tamb\u00e9m algumas <a href=\"https:\/\/www.lojadocentro.com.br\/moveis\/cadeira-para-computador\/\">cadeiras ergon\u00f4micas<\/a> que voc\u00ea poder\u00e1 gostar para compor sua mesa plataforma. Temos as <a href=\"https:\/\/www.lojadocentro.com.br\/moveis\/cadeira-presidente\/\">cadeiras altas<\/a> e as do tipo<a href=\"https:\/\/www.lojadocentro.com.br\/moveis\/cadeira-diretor-gerencia\/\"> diretor<\/a> tamb\u00e9m!<\/p>\n<h6>Agende um hor\u00e1rio em nossa loja para uma consultoria gratuita atrav\u00e9s do PABX: 11 3242-3536.<br \/>\nTraga as medidas, projetamos seu ambiente de trabalho.<\/h6>\n<p>&nbsp;<\/p>\n<p><span style=\"color: #ff0000;\">Medidas, para montar frente a frente:<strong><br \/>\n<\/strong><\/span><strong>1,00<\/strong> largura x 1,20 ou\u00a0 1,40 profundidade x 0,74 altura<br \/>\n<strong>1,10<\/strong> largura x 1,20 ou\u00a0 1,40 profundidade x 0,74 altura<br \/>\n<strong>1,20<\/strong> largura x 1,20 ou\u00a0 1,40 profundidade x 0,74 altura<br \/>\n<strong>1,30<\/strong> largura x 1,20 ou\u00a0 1,40 profundidade x 0,74 altura<br \/>\n<strong>1,40<\/strong> largura x 1,20 ou\u00a0 1,40 profundidade x 0,74 altura<br \/>\n<strong>1,50<\/strong> largura x 1,20 ou\u00a0 1,40 profundidade x 0,74 altura<br \/>\n<strong>1,60<\/strong> largura x 1,20 ou\u00a0 1,40 profundidade x 0,74 altura<\/p>\n<div><span style=\"color: #ff0000;\">Medidas, para montar lado-a-lado:<\/span><\/div>\n<div><strong>1,00<\/strong> largura x 0,60 ou 0,70 prof. x 0,74 altura<br \/>\n<strong>1,10<\/strong> largura x 0,60 ou 0,70 prof. x 0,74 altura<br \/>\n<strong>1,20<\/strong> largura x 0,60 ou 0,70 prof. x 0,74 altura<br \/>\n<strong>1,30<\/strong> largura x 0,60 ou 0,70 prof. x 0,74 altura<br \/>\n<strong>1,40<\/strong> largura x x 0,60 ou 0,70 prof. x 0,74 altura<br \/>\n<strong>1,50<\/strong> largura x x 0,60 ou 0,70 prof. x 0,74 altura<br \/>\n<strong>1,60<\/strong> largura x x 0,60 ou 0,70 prof. x 0,74 altura<\/div>\n<p><img fetchpriority=\"high\" decoding=\"async\" class=\"alignnone wp-image-62304\" src=\"https:\/\/lojadocentro.com.br\/moveis\/wp-content\/uploads\/2010\/06\/mesa-plataforma-dupla-4-lugares-pe-quadro.jpg\" alt=\"Mesa Plataforma para 4 Pessoas; em SP\" width=\"694\" height=\"507\" srcset=\"https:\/\/lojadocentro.com.br\/moveis\/wp-content\/uploads\/2010\/06\/mesa-plataforma-dupla-4-lugares-pe-quadro.jpg 1000w, https:\/\/lojadocentro.com.br\/moveis\/wp-content\/uploads\/2010\/06\/mesa-plataforma-dupla-4-lugares-pe-quadro-300x219.jpg 300w, https:\/\/lojadocentro.com.br\/moveis\/wp-content\/uploads\/2010\/06\/mesa-plataforma-dupla-4-lugares-pe-quadro-200x146.jpg 200w, https:\/\/lojadocentro.com.br\/moveis\/wp-content\/uploads\/2010\/06\/mesa-plataforma-dupla-4-lugares-pe-quadro-768x561.jpg 768w\" sizes=\"(max-width: 694px) 100vw, 694px\" \/><\/p>\n<p><img decoding=\"async\" class=\"alignnone wp-image-62306\" src=\"https:\/\/lojadocentro.com.br\/moveis\/wp-content\/uploads\/2010\/06\/mesa-plataforma-dupla-4-lugares-pe-cav.jpg\" alt=\"Mesa Plataforma 4 Pessoas; em SP\" width=\"711\" height=\"519\" srcset=\"https:\/\/lojadocentro.com.br\/moveis\/wp-content\/uploads\/2010\/06\/mesa-plataforma-dupla-4-lugares-pe-cav.jpg 1000w, https:\/\/lojadocentro.com.br\/moveis\/wp-content\/uploads\/2010\/06\/mesa-plataforma-dupla-4-lugares-pe-cav-300x219.jpg 300w, https:\/\/lojadocentro.com.br\/moveis\/wp-content\/uploads\/2010\/06\/mesa-plataforma-dupla-4-lugares-pe-cav-200x146.jpg 200w, https:\/\/lojadocentro.com.br\/moveis\/wp-content\/uploads\/2010\/06\/mesa-plataforma-dupla-4-lugares-pe-cav-768x561.jpg 768w\" sizes=\"(max-width: 711px) 100vw, 711px\" \/><\/p>\n<p><img decoding=\"async\" class=\"alignnone wp-image-62307\" src=\"https:\/\/lojadocentro.com.br\/moveis\/wp-content\/uploads\/2010\/06\/mesa-plataforma-4-lugares-1024x576.jpg\" alt=\"Mesa Plataforma 4 Pessoas\" width=\"713\" height=\"401\" srcset=\"https:\/\/lojadocentro.com.br\/moveis\/wp-content\/uploads\/2010\/06\/mesa-plataforma-4-lugares-1024x576.jpg 1024w, https:\/\/lojadocentro.com.br\/moveis\/wp-content\/uploads\/2010\/06\/mesa-plataforma-4-lugares-300x169.jpg 300w, https:\/\/lojadocentro.com.br\/moveis\/wp-content\/uploads\/2010\/06\/mesa-plataforma-4-lugares-200x112.jpg 200w, https:\/\/lojadocentro.com.br\/moveis\/wp-content\/uploads\/2010\/06\/mesa-plataforma-4-lugares-768x432.jpg 768w, https:\/\/lojadocentro.com.br\/moveis\/wp-content\/uploads\/2010\/06\/mesa-plataforma-4-lugares.jpg 1458w\" sizes=\"(max-width: 713px) 100vw, 713px\" \/><\/p>\n<p>&nbsp;<\/p>\n","protected":false},"excerpt":{"rendered":"<p>Mesa Plataforma 4 Lugares Mesa Plataforma 4 Lugares, em m\u00f3dulos duplos, com duas pessoas de frente para outras duas. Com subida de fia\u00e7\u00e3o central, calha horizontal para acomoda\u00e7\u00e3o de fios e totalmente eletrific\u00e1vel, vem com caixa de conectividade individual (para instala\u00e7\u00e3o de 3 tomadas el\u00e9tricas e 2 RJs para cada um).<\/p>\n","protected":false},"author":2,"featured_media":62303,"comment_status":"open","ping_status":"open","sticky":false,"template":"","format":"standard","meta":{"_exactmetrics_skip_tracking":false,"site-sidebar-layout":"default","site-content-layout":"","ast-site-content-layout":"default","site-content-style":"default","site-sidebar-style":"default","ast-global-header-display":"","ast-banner-title-visibility":"","ast-main-header-display":"","ast-hfb-above-header-display":"","ast-hfb-below-header-display":"","ast-hfb-mobile-header-display":"","site-post-title":"","ast-breadcrumbs-content":"","ast-featured-img":"","footer-sml-layout":"","theme-transparent-header-meta":"default","adv-header-id-meta":"","stick-header-meta":"default","header-above-stick-meta":"","header-main-stick-meta":"","header-below-stick-meta":"","astra-migrate-meta-layouts":"set","ast-page-background-enabled":"default","ast-page-background-meta":{"desktop":{"background-color":"var(--ast-global-color-4)","background-image":"","background-repeat":"repeat","background-position":"center center","background-size":"auto","background-attachment":"scroll","background-type":"","background-media":"","overlay-type":"","overlay-color":"","overlay-opacity":"","overlay-gradient":""},"tablet":{"background-color":"","background-image":"","background-repeat":"repeat","background-position":"center center","background-size":"auto","background-attachment":"scroll","background-type":"","background-media":"","overlay-type":"","overlay-color":"","overlay-opacity":"","overlay-gradient":""},"mobile":{"background-color":"","background-image":"","background-repeat":"repeat","background-position":"center center","background-size":"auto","background-attachment":"scroll","background-type":"","background-media":"","overlay-type":"","overlay-color":"","overlay-opacity":"","overlay-gradient":""}},"ast-content-background-meta":{"desktop":{"background-color":"var(--ast-global-color-5)","background-image":"","background-repeat":"repeat","background-position":"center center","background-size":"auto","background-attachment":"scroll","background-type":"","background-media":"","overlay-type":"","overlay-color":"","overlay-opacity":"","overlay-gradient":""},"tablet":{"background-color":"var(--ast-global-color-5)","background-image":"","background-repeat":"repeat","background-position":"center center","background-size":"auto","background-attachment":"scroll","background-type":"","background-media":"","overlay-type":"","overlay-color":"","overlay-opacity":"","overlay-gradient":""},"mobile":{"background-color":"var(--ast-global-color-5)","background-image":"","background-repeat":"repeat","background-position":"center center","background-size":"auto","background-attachment":"scroll","background-type":"","background-media":"","overlay-type":"","overlay-color":"","overlay-opacity":"","overlay-gradient":""}},"footnotes":""},"categories":[128,138,89],"tags":[],"segmentos":[],"class_list":["post-5469","post","type-post","status-publish","format-standard","has-post-thumbnail","hentry","category-estacao-de-trabalho-top","category-mesas-plataforma","category-plataformas-de-trabalho"],"yoast_head":"<!-- This site is optimized with the Yoast SEO plugin v28.2 - https:\/\/yoast.com\/product\/yoast-seo-wordpress\/ -->\n<title>Mesa Plataforma 4 Lugares | Mesas Plataforma | Loja do Centro<\/title>\n<meta name=\"description\" content=\"Mesa Plataforma 4 Lugares para ambientes corporativos. Com conectividade, calhas verticais e horizontais para subida e arruma\u00e7\u00e3o dos fios.\" \/>\n<meta name=\"robots\" content=\"index, follow, max-snippet:-1, max-image-preview:large, max-video-preview:-1\" \/>\n<link rel=\"canonical\" href=\"https:\/\/lojadocentro.com.br\/moveis\/estacoes-de-trabalho\/plataformas-de-trabalho\/mesa-plataforma-4-lugares\/\" \/>\n<meta property=\"og:locale\" content=\"pt_BR\" \/>\n<meta property=\"og:type\" content=\"article\" \/>\n<meta property=\"og:title\" content=\"Mesa Plataforma 4 Lugares | Mesas Plataforma | Loja do Centro\" \/>\n<meta property=\"og:description\" content=\"Mesa Plataforma 4 Lugares para ambientes corporativos. Com conectividade, calhas verticais e horizontais para subida e arruma\u00e7\u00e3o dos fios.\" \/>\n<meta property=\"og:url\" content=\"https:\/\/lojadocentro.com.br\/moveis\/estacoes-de-trabalho\/plataformas-de-trabalho\/mesa-plataforma-4-lugares\/\" \/>\n<meta property=\"og:site_name\" content=\"M\u00f3veis para Escrit\u00f3rio - Loja do Centro\" \/>\n<meta property=\"article:published_time\" content=\"2025-06-06T13:00:54+00:00\" \/>\n<meta property=\"article:modified_time\" content=\"2026-08-13T20:14:35+00:00\" \/>\n<meta property=\"og:image\" content=\"https:\/\/lojadocentro.com.br\/moveis\/wp-content\/uploads\/2010\/06\/mesa-plataforma-dupla-4-lugares-pe-trave.jpg\" \/>\n\t<meta property=\"og:image:width\" content=\"1000\" \/>\n\t<meta property=\"og:image:height\" content=\"730\" \/>\n\t<meta property=\"og:image:type\" content=\"image\/jpeg\" \/>\n<meta name=\"author\" content=\"Ana\" \/>\n<meta name=\"twitter:card\" content=\"summary_large_image\" \/>\n<meta name=\"twitter:label1\" content=\"Escrito por\" \/>\n\t<meta name=\"twitter:data1\" content=\"Ana\" \/>\n\t<meta name=\"twitter:label2\" content=\"Est. tempo de leitura\" \/>\n\t<meta name=\"twitter:data2\" content=\"3 minutos\" \/>\n<script type=\"application\/ld+json\" class=\"yoast-schema-graph\">{\"@context\":\"https:\\\/\\\/schema.org\",\"@graph\":[{\"@type\":\"Article\",\"@id\":\"https:\\\/\\\/lojadocentro.com.br\\\/moveis\\\/estacoes-de-trabalho\\\/plataformas-de-trabalho\\\/mesa-plataforma-4-lugares\\\/#article\",\"isPartOf\":{\"@id\":\"https:\\\/\\\/lojadocentro.com.br\\\/moveis\\\/estacoes-de-trabalho\\\/plataformas-de-trabalho\\\/mesa-plataforma-4-lugares\\\/\"},\"author\":{\"name\":\"Ana\",\"@id\":\"https:\\\/\\\/lojadocentro.com.br\\\/moveis\\\/#\\\/schema\\\/person\\\/d1d93a97964ef2dcfb9cb8d5db75d0f9\"},\"headline\":\"Mesa Plataforma 4 Lugares\",\"datePublished\":\"2025-06-06T13:00:54+00:00\",\"dateModified\":\"2026-08-13T20:14:35+00:00\",\"mainEntityOfPage\":{\"@id\":\"https:\\\/\\\/lojadocentro.com.br\\\/moveis\\\/estacoes-de-trabalho\\\/plataformas-de-trabalho\\\/mesa-plataforma-4-lugares\\\/\"},\"wordCount\":296,\"commentCount\":0,\"publisher\":{\"@id\":\"https:\\\/\\\/lojadocentro.com.br\\\/moveis\\\/#organization\"},\"image\":{\"@id\":\"https:\\\/\\\/lojadocentro.com.br\\\/moveis\\\/estacoes-de-trabalho\\\/plataformas-de-trabalho\\\/mesa-plataforma-4-lugares\\\/#primaryimage\"},\"thumbnailUrl\":\"https:\\\/\\\/lojadocentro.com.br\\\/moveis\\\/wp-content\\\/uploads\\\/2010\\\/06\\\/mesa-plataforma-dupla-4-lugares-pe-trave.jpg\",\"articleSection\":[\"Esta\u00e7\u00e3o de Trabalho Top\",\"Mesas Plataforma\",\"Plataformas de Trabalho\"],\"inLanguage\":\"pt-BR\",\"potentialAction\":[{\"@type\":\"CommentAction\",\"name\":\"Comment\",\"target\":[\"https:\\\/\\\/lojadocentro.com.br\\\/moveis\\\/estacoes-de-trabalho\\\/plataformas-de-trabalho\\\/mesa-plataforma-4-lugares\\\/#respond\"]}]},{\"@type\":\"WebPage\",\"@id\":\"https:\\\/\\\/lojadocentro.com.br\\\/moveis\\\/estacoes-de-trabalho\\\/plataformas-de-trabalho\\\/mesa-plataforma-4-lugares\\\/\",\"url\":\"https:\\\/\\\/lojadocentro.com.br\\\/moveis\\\/estacoes-de-trabalho\\\/plataformas-de-trabalho\\\/mesa-plataforma-4-lugares\\\/\",\"name\":\"Mesa Plataforma 4 Lugares | Mesas Plataforma | Loja do Centro\",\"isPartOf\":{\"@id\":\"https:\\\/\\\/lojadocentro.com.br\\\/moveis\\\/#website\"},\"primaryImageOfPage\":{\"@id\":\"https:\\\/\\\/lojadocentro.com.br\\\/moveis\\\/estacoes-de-trabalho\\\/plataformas-de-trabalho\\\/mesa-plataforma-4-lugares\\\/#primaryimage\"},\"image\":{\"@id\":\"https:\\\/\\\/lojadocentro.com.br\\\/moveis\\\/estacoes-de-trabalho\\\/plataformas-de-trabalho\\\/mesa-plataforma-4-lugares\\\/#primaryimage\"},\"thumbnailUrl\":\"https:\\\/\\\/lojadocentro.com.br\\\/moveis\\\/wp-content\\\/uploads\\\/2010\\\/06\\\/mesa-plataforma-dupla-4-lugares-pe-trave.jpg\",\"datePublished\":\"2025-06-06T13:00:54+00:00\",\"dateModified\":\"2026-08-13T20:14:35+00:00\",\"description\":\"Mesa Plataforma 4 Lugares para ambientes corporativos. Com conectividade, calhas verticais e horizontais para subida e arruma\u00e7\u00e3o dos fios.\",\"breadcrumb\":{\"@id\":\"https:\\\/\\\/lojadocentro.com.br\\\/moveis\\\/estacoes-de-trabalho\\\/plataformas-de-trabalho\\\/mesa-plataforma-4-lugares\\\/#breadcrumb\"},\"inLanguage\":\"pt-BR\",\"potentialAction\":[{\"@type\":\"ReadAction\",\"target\":[\"https:\\\/\\\/lojadocentro.com.br\\\/moveis\\\/estacoes-de-trabalho\\\/plataformas-de-trabalho\\\/mesa-plataforma-4-lugares\\\/\"]}]},{\"@type\":\"ImageObject\",\"inLanguage\":\"pt-BR\",\"@id\":\"https:\\\/\\\/lojadocentro.com.br\\\/moveis\\\/estacoes-de-trabalho\\\/plataformas-de-trabalho\\\/mesa-plataforma-4-lugares\\\/#primaryimage\",\"url\":\"https:\\\/\\\/lojadocentro.com.br\\\/moveis\\\/wp-content\\\/uploads\\\/2010\\\/06\\\/mesa-plataforma-dupla-4-lugares-pe-trave.jpg\",\"contentUrl\":\"https:\\\/\\\/lojadocentro.com.br\\\/moveis\\\/wp-content\\\/uploads\\\/2010\\\/06\\\/mesa-plataforma-dupla-4-lugares-pe-trave.jpg\",\"width\":1000,\"height\":730,\"caption\":\"Mesa Plataforma para 4 Pessoas; em SP\"},{\"@type\":\"BreadcrumbList\",\"@id\":\"https:\\\/\\\/lojadocentro.com.br\\\/moveis\\\/estacoes-de-trabalho\\\/plataformas-de-trabalho\\\/mesa-plataforma-4-lugares\\\/#breadcrumb\",\"itemListElement\":[{\"@type\":\"ListItem\",\"position\":1,\"name\":\"In\u00edcio\",\"item\":\"https:\\\/\\\/lojadocentro.com.br\\\/moveis\\\/\"},{\"@type\":\"ListItem\",\"position\":2,\"name\":\"Mesa Plataforma 4 Lugares\"}]},{\"@type\":\"WebSite\",\"@id\":\"https:\\\/\\\/lojadocentro.com.br\\\/moveis\\\/#website\",\"url\":\"https:\\\/\\\/lojadocentro.com.br\\\/moveis\\\/\",\"name\":\"M\u00f3veis para Escrit\u00f3rio - Loja do Centro\",\"description\":\"Loja de M\u00f3veis para Escrit\u00f3rio\",\"publisher\":{\"@id\":\"https:\\\/\\\/lojadocentro.com.br\\\/moveis\\\/#organization\"},\"potentialAction\":[{\"@type\":\"SearchAction\",\"target\":{\"@type\":\"EntryPoint\",\"urlTemplate\":\"https:\\\/\\\/lojadocentro.com.br\\\/moveis\\\/?s={search_term_string}\"},\"query-input\":{\"@type\":\"PropertyValueSpecification\",\"valueRequired\":true,\"valueName\":\"search_term_string\"}}],\"inLanguage\":\"pt-BR\"},{\"@type\":\"Organization\",\"@id\":\"https:\\\/\\\/lojadocentro.com.br\\\/moveis\\\/#organization\",\"name\":\"M\u00f3veis para Escrit\u00f3rio Loja do Centro\",\"url\":\"https:\\\/\\\/lojadocentro.com.br\\\/moveis\\\/\",\"logo\":{\"@type\":\"ImageObject\",\"inLanguage\":\"pt-BR\",\"@id\":\"https:\\\/\\\/lojadocentro.com.br\\\/moveis\\\/#\\\/schema\\\/logo\\\/image\\\/\",\"url\":\"https:\\\/\\\/www.lojadocentro.com.br\\\/moveis\\\/wp-content\\\/uploads\\\/2015\\\/12\\\/moveis-para-escritorio-loja-do-centro-logo.jpg\",\"contentUrl\":\"https:\\\/\\\/www.lojadocentro.com.br\\\/moveis\\\/wp-content\\\/uploads\\\/2015\\\/12\\\/moveis-para-escritorio-loja-do-centro-logo.jpg\",\"width\":275,\"height\":120,\"caption\":\"M\u00f3veis para Escrit\u00f3rio Loja do Centro\"},\"image\":{\"@id\":\"https:\\\/\\\/lojadocentro.com.br\\\/moveis\\\/#\\\/schema\\\/logo\\\/image\\\/\"}},{\"@type\":\"Person\",\"@id\":\"https:\\\/\\\/lojadocentro.com.br\\\/moveis\\\/#\\\/schema\\\/person\\\/d1d93a97964ef2dcfb9cb8d5db75d0f9\",\"name\":\"Ana\",\"sameAs\":[\"http:\\\/\\\/www.lojadocentro.com.br\"]}]}<\/script>\n<!-- \/ Yoast SEO plugin. -->","yoast_head_json":{"title":"Mesa Plataforma 4 Lugares | Mesas Plataforma | Loja do Centro","description":"Mesa Plataforma 4 Lugares para ambientes corporativos. Com conectividade, calhas verticais e horizontais para subida e arruma\u00e7\u00e3o dos fios.","robots":{"index":"index","follow":"follow","max-snippet":"max-snippet:-1","max-image-preview":"max-image-preview:large","max-video-preview":"max-video-preview:-1"},"canonical":"https:\/\/lojadocentro.com.br\/moveis\/estacoes-de-trabalho\/plataformas-de-trabalho\/mesa-plataforma-4-lugares\/","og_locale":"pt_BR","og_type":"article","og_title":"Mesa Plataforma 4 Lugares | Mesas Plataforma | Loja do Centro","og_description":"Mesa Plataforma 4 Lugares para ambientes corporativos. Com conectividade, calhas verticais e horizontais para subida e arruma\u00e7\u00e3o dos fios.","og_url":"https:\/\/lojadocentro.com.br\/moveis\/estacoes-de-trabalho\/plataformas-de-trabalho\/mesa-plataforma-4-lugares\/","og_site_name":"M\u00f3veis para Escrit\u00f3rio - Loja do Centro","article_published_time":"2025-06-06T13:00:54+00:00","article_modified_time":"2026-08-13T20:14:35+00:00","og_image":[{"width":1000,"height":730,"url":"https:\/\/lojadocentro.com.br\/moveis\/wp-content\/uploads\/2010\/06\/mesa-plataforma-dupla-4-lugares-pe-trave.jpg","type":"image\/jpeg"}],"author":"Ana","twitter_card":"summary_large_image","twitter_misc":{"Escrito por":"Ana","Est. tempo de leitura":"3 minutos"},"schema":{"@context":"https:\/\/schema.org","@graph":[{"@type":"Article","@id":"https:\/\/lojadocentro.com.br\/moveis\/estacoes-de-trabalho\/plataformas-de-trabalho\/mesa-plataforma-4-lugares\/#article","isPartOf":{"@id":"https:\/\/lojadocentro.com.br\/moveis\/estacoes-de-trabalho\/plataformas-de-trabalho\/mesa-plataforma-4-lugares\/"},"author":{"name":"Ana","@id":"https:\/\/lojadocentro.com.br\/moveis\/#\/schema\/person\/d1d93a97964ef2dcfb9cb8d5db75d0f9"},"headline":"Mesa Plataforma 4 Lugares","datePublished":"2025-06-06T13:00:54+00:00","dateModified":"2026-08-13T20:14:35+00:00","mainEntityOfPage":{"@id":"https:\/\/lojadocentro.com.br\/moveis\/estacoes-de-trabalho\/plataformas-de-trabalho\/mesa-plataforma-4-lugares\/"},"wordCount":296,"commentCount":0,"publisher":{"@id":"https:\/\/lojadocentro.com.br\/moveis\/#organization"},"image":{"@id":"https:\/\/lojadocentro.com.br\/moveis\/estacoes-de-trabalho\/plataformas-de-trabalho\/mesa-plataforma-4-lugares\/#primaryimage"},"thumbnailUrl":"https:\/\/lojadocentro.com.br\/moveis\/wp-content\/uploads\/2010\/06\/mesa-plataforma-dupla-4-lugares-pe-trave.jpg","articleSection":["Esta\u00e7\u00e3o de Trabalho Top","Mesas Plataforma","Plataformas de Trabalho"],"inLanguage":"pt-BR","potentialAction":[{"@type":"CommentAction","name":"Comment","target":["https:\/\/lojadocentro.com.br\/moveis\/estacoes-de-trabalho\/plataformas-de-trabalho\/mesa-plataforma-4-lugares\/#respond"]}]},{"@type":"WebPage","@id":"https:\/\/lojadocentro.com.br\/moveis\/estacoes-de-trabalho\/plataformas-de-trabalho\/mesa-plataforma-4-lugares\/","url":"https:\/\/lojadocentro.com.br\/moveis\/estacoes-de-trabalho\/plataformas-de-trabalho\/mesa-plataforma-4-lugares\/","name":"Mesa Plataforma 4 Lugares | Mesas Plataforma | Loja do Centro","isPartOf":{"@id":"https:\/\/lojadocentro.com.br\/moveis\/#website"},"primaryImageOfPage":{"@id":"https:\/\/lojadocentro.com.br\/moveis\/estacoes-de-trabalho\/plataformas-de-trabalho\/mesa-plataforma-4-lugares\/#primaryimage"},"image":{"@id":"https:\/\/lojadocentro.com.br\/moveis\/estacoes-de-trabalho\/plataformas-de-trabalho\/mesa-plataforma-4-lugares\/#primaryimage"},"thumbnailUrl":"https:\/\/lojadocentro.com.br\/moveis\/wp-content\/uploads\/2010\/06\/mesa-plataforma-dupla-4-lugares-pe-trave.jpg","datePublished":"2025-06-06T13:00:54+00:00","dateModified":"2026-08-13T20:14:35+00:00","description":"Mesa Plataforma 4 Lugares para ambientes corporativos. Com conectividade, calhas verticais e horizontais para subida e arruma\u00e7\u00e3o dos fios.","breadcrumb":{"@id":"https:\/\/lojadocentro.com.br\/moveis\/estacoes-de-trabalho\/plataformas-de-trabalho\/mesa-plataforma-4-lugares\/#breadcrumb"},"inLanguage":"pt-BR","potentialAction":[{"@type":"ReadAction","target":["https:\/\/lojadocentro.com.br\/moveis\/estacoes-de-trabalho\/plataformas-de-trabalho\/mesa-plataforma-4-lugares\/"]}]},{"@type":"ImageObject","inLanguage":"pt-BR","@id":"https:\/\/lojadocentro.com.br\/moveis\/estacoes-de-trabalho\/plataformas-de-trabalho\/mesa-plataforma-4-lugares\/#primaryimage","url":"https:\/\/lojadocentro.com.br\/moveis\/wp-content\/uploads\/2010\/06\/mesa-plataforma-dupla-4-lugares-pe-trave.jpg","contentUrl":"https:\/\/lojadocentro.com.br\/moveis\/wp-content\/uploads\/2010\/06\/mesa-plataforma-dupla-4-lugares-pe-trave.jpg","width":1000,"height":730,"caption":"Mesa Plataforma para 4 Pessoas; em SP"},{"@type":"BreadcrumbList","@id":"https:\/\/lojadocentro.com.br\/moveis\/estacoes-de-trabalho\/plataformas-de-trabalho\/mesa-plataforma-4-lugares\/#breadcrumb","itemListElement":[{"@type":"ListItem","position":1,"name":"In\u00edcio","item":"https:\/\/lojadocentro.com.br\/moveis\/"},{"@type":"ListItem","position":2,"name":"Mesa Plataforma 4 Lugares"}]},{"@type":"WebSite","@id":"https:\/\/lojadocentro.com.br\/moveis\/#website","url":"https:\/\/lojadocentro.com.br\/moveis\/","name":"M\u00f3veis para Escrit\u00f3rio - Loja do Centro","description":"Loja de M\u00f3veis para Escrit\u00f3rio","publisher":{"@id":"https:\/\/lojadocentro.com.br\/moveis\/#organization"},"potentialAction":[{"@type":"SearchAction","target":{"@type":"EntryPoint","urlTemplate":"https:\/\/lojadocentro.com.br\/moveis\/?s={search_term_string}"},"query-input":{"@type":"PropertyValueSpecification","valueRequired":true,"valueName":"search_term_string"}}],"inLanguage":"pt-BR"},{"@type":"Organization","@id":"https:\/\/lojadocentro.com.br\/moveis\/#organization","name":"M\u00f3veis para Escrit\u00f3rio Loja do Centro","url":"https:\/\/lojadocentro.com.br\/moveis\/","logo":{"@type":"ImageObject","inLanguage":"pt-BR","@id":"https:\/\/lojadocentro.com.br\/moveis\/#\/schema\/logo\/image\/","url":"https:\/\/www.lojadocentro.com.br\/moveis\/wp-content\/uploads\/2015\/12\/moveis-para-escritorio-loja-do-centro-logo.jpg","contentUrl":"https:\/\/www.lojadocentro.com.br\/moveis\/wp-content\/uploads\/2015\/12\/moveis-para-escritorio-loja-do-centro-logo.jpg","width":275,"height":120,"caption":"M\u00f3veis para Escrit\u00f3rio Loja do Centro"},"image":{"@id":"https:\/\/lojadocentro.com.br\/moveis\/#\/schema\/logo\/image\/"}},{"@type":"Person","@id":"https:\/\/lojadocentro.com.br\/moveis\/#\/schema\/person\/d1d93a97964ef2dcfb9cb8d5db75d0f9","name":"Ana","sameAs":["http:\/\/www.lojadocentro.com.br"]}]}},"_links":{"self":[{"href":"https:\/\/lojadocentro.com.br\/moveis\/wp-json\/wp\/v2\/posts\/5469","targetHints":{"allow":["GET"]}}],"collection":[{"href":"https:\/\/lojadocentro.com.br\/moveis\/wp-json\/wp\/v2\/posts"}],"about":[{"href":"https:\/\/lojadocentro.com.br\/moveis\/wp-json\/wp\/v2\/types\/post"}],"author":[{"embeddable":true,"href":"https:\/\/lojadocentro.com.br\/moveis\/wp-json\/wp\/v2\/users\/2"}],"replies":[{"embeddable":true,"href":"https:\/\/lojadocentro.com.br\/moveis\/wp-json\/wp\/v2\/comments?post=5469"}],"version-history":[{"count":3,"href":"https:\/\/lojadocentro.com.br\/moveis\/wp-json\/wp\/v2\/posts\/5469\/revisions"}],"predecessor-version":[{"id":62308,"href":"https:\/\/lojadocentro.com.br\/moveis\/wp-json\/wp\/v2\/posts\/5469\/revisions\/62308"}],"wp:featuredmedia":[{"embeddable":true,"href":"https:\/\/lojadocentro.com.br\/moveis\/wp-json\/wp\/v2\/media\/62303"}],"wp:attachment":[{"href":"https:\/\/lojadocentro.com.br\/moveis\/wp-json\/wp\/v2\/media?parent=5469"}],"wp:term":[{"taxonomy":"category","embeddable":true,"href":"https:\/\/lojadocentro.com.br\/moveis\/wp-json\/wp\/v2\/categories?post=5469"},{"taxonomy":"post_tag","embeddable":true,"href":"https:\/\/lojadocentro.com.br\/moveis\/wp-json\/wp\/v2\/tags?post=5469"},{"taxonomy":"segmentos","embeddable":true,"href":"https:\/\/lojadocentro.com.br\/moveis\/wp-json\/wp\/v2\/segmentos?post=5469"}],"curies":[{"name":"wp","href":"https:\/\/api.w.org\/{rel}","templated":true}]}}