{"id":5586,"date":"2025-03-29T12:00:04","date_gmt":"2025-03-29T15:00:04","guid":{"rendered":"https:\/\/www.lojadocentro.com.br\/moveis\/?p=5586"},"modified":"2026-08-13T17:02:28","modified_gmt":"2026-08-13T20:02:28","slug":"mesa-plataforma-2-lugares","status":"publish","type":"post","link":"https:\/\/lojadocentro.com.br\/moveis\/estacoes-de-trabalho\/mesa-plataforma-2-lugares\/","title":{"rendered":"Mesa Plataforma 2 Lugares"},"content":{"rendered":"<h2><span dir=\"auto\" style=\"vertical-align: inherit;\"><span dir=\"auto\" style=\"vertical-align: inherit;\">Mesa Plataforma 2 Lugares<\/span><\/span><\/h2>\n<p>Mesa Plataforma 2 Lugares, em m\u00f3dulo duplo, para uma pessoa de frente para outra. Conectiva, eletrific\u00e1vel. Com estrutura de a\u00e7o ou madeira e tampos em MDP de 25mm de espessura. V\u00e1rias medidas, cores e acess\u00f3rios. Confira!<\/p>\n<p><!--more--><\/p>\n<p>Esta mesa \u00e9 um m\u00f3dulo de esta\u00e7\u00e3o de trabalho do tipo plataforma para duas pessoas uma de frente para outra.<\/p>\n<h3>Acess\u00f3rios e complementos configur\u00e1veis:<\/h3>\n<ul>\n<li>Painel divisor suspenso em MDP<\/li>\n<li>Painel divisor suspenso em vidro<\/li>\n<li>Painel divisor suspenso anti-ru\u00eddo<\/li>\n<li>Prateleira para monitor<\/li>\n<li>Caixa de conectividade<\/li>\n<li>P\u00e9s do tipo Trave<\/li>\n<li>P\u00e9s do tipo Quadro<\/li>\n<li>P\u00e9s do tipo Cavalete<\/li>\n<li>P\u00e9s do tipo Painel<\/li>\n<li>V\u00e1rias medidas<\/li>\n<li>V\u00e1rias cores<\/li>\n<li>Gaveteiros fixos suspensos ou volantes<\/li>\n<li>Locker com 6 ou 8 portinhas com chaves<\/li>\n<li>Arm\u00e1rio Credenza com 2 portas e v\u00e3o central ou 3 portas<\/li>\n<li>Floreiras e cachepots<\/li>\n<\/ul>\n<p>\u00c9 conectiva, vem com caixas individuais para instala\u00e7\u00e3o de tomadas (3 el\u00e9tricas e 2 de internet e telefonia) e calha horizontal sob o tampo para a passagem e arruma\u00e7\u00e3o dos fios.<\/p>\n<p>Conhe\u00e7a algumas <a href=\"https:\/\/www.lojadocentro.com.br\/moveis\/cadeira-presidente\/\">cadeiras altas<\/a> e <a href=\"https:\/\/www.lojadocentro.com.br\/moveis\/cadeira-para-computador\/\">cadeiras operativas<\/a> que combinar\u00e3o com sua mesa de trabalho.<\/p>\n<h6>Agende um hor\u00e1rio para uma consultoria gratuita em nossa Loja pelo PABX 11 3242-3536. Projetamos seu espa\u00e7o de trabalho!<\/h6>\n<p>Abaixo, alguns modelos de mesa plataforma 2 lugares:<\/p>\n<p><img fetchpriority=\"high\" decoding=\"async\" class=\"alignnone wp-image-62297\" src=\"https:\/\/lojadocentro.com.br\/moveis\/wp-content\/uploads\/2010\/03\/mesa-plataforma-dupla-2-lug-pe-quadro.jpg\" alt=\"Mesa Plataforma para 2 pessoas\" width=\"402\" height=\"358\" srcset=\"https:\/\/lojadocentro.com.br\/moveis\/wp-content\/uploads\/2010\/03\/mesa-plataforma-dupla-2-lug-pe-quadro.jpg 820w, https:\/\/lojadocentro.com.br\/moveis\/wp-content\/uploads\/2010\/03\/mesa-plataforma-dupla-2-lug-pe-quadro-300x267.jpg 300w, https:\/\/lojadocentro.com.br\/moveis\/wp-content\/uploads\/2010\/03\/mesa-plataforma-dupla-2-lug-pe-quadro-200x178.jpg 200w, https:\/\/lojadocentro.com.br\/moveis\/wp-content\/uploads\/2010\/03\/mesa-plataforma-dupla-2-lug-pe-quadro-768x684.jpg 768w\" sizes=\"(max-width: 402px) 100vw, 402px\" \/>\u00a0 \u00a0 \u00a0<img decoding=\"async\" class=\"alignnone wp-image-62298\" src=\"https:\/\/lojadocentro.com.br\/moveis\/wp-content\/uploads\/2010\/03\/mesa-plataforma-dupla-2-lug-pe-cav.jpg\" alt=\"Mesa Plataforma 2 Lugares; em SP\" width=\"401\" height=\"357\" srcset=\"https:\/\/lojadocentro.com.br\/moveis\/wp-content\/uploads\/2010\/03\/mesa-plataforma-dupla-2-lug-pe-cav.jpg 820w, https:\/\/lojadocentro.com.br\/moveis\/wp-content\/uploads\/2010\/03\/mesa-plataforma-dupla-2-lug-pe-cav-300x267.jpg 300w, https:\/\/lojadocentro.com.br\/moveis\/wp-content\/uploads\/2010\/03\/mesa-plataforma-dupla-2-lug-pe-cav-200x178.jpg 200w, https:\/\/lojadocentro.com.br\/moveis\/wp-content\/uploads\/2010\/03\/mesa-plataforma-dupla-2-lug-pe-cav-768x684.jpg 768w\" sizes=\"(max-width: 401px) 100vw, 401px\" \/><\/p>\n<p><img decoding=\"async\" class=\"alignnone wp-image-62299\" src=\"https:\/\/lojadocentro.com.br\/moveis\/wp-content\/uploads\/2010\/03\/mesa-plataforma-dupla-2-lugares-painel.jpg\" alt=\"Mesa Plataforma 2 Lugares; em SP\" width=\"399\" height=\"355\" srcset=\"https:\/\/lojadocentro.com.br\/moveis\/wp-content\/uploads\/2010\/03\/mesa-plataforma-dupla-2-lugares-painel.jpg 820w, https:\/\/lojadocentro.com.br\/moveis\/wp-content\/uploads\/2010\/03\/mesa-plataforma-dupla-2-lugares-painel-300x267.jpg 300w, https:\/\/lojadocentro.com.br\/moveis\/wp-content\/uploads\/2010\/03\/mesa-plataforma-dupla-2-lugares-painel-200x178.jpg 200w, https:\/\/lojadocentro.com.br\/moveis\/wp-content\/uploads\/2010\/03\/mesa-plataforma-dupla-2-lugares-painel-768x684.jpg 768w\" sizes=\"(max-width: 399px) 100vw, 399px\" \/><\/p>\n<p>&nbsp;<\/p>\n","protected":false},"excerpt":{"rendered":"<p>Mesa Plataforma 2 Lugares Mesa Plataforma 2 Lugares, em m\u00f3dulo duplo, para uma pessoa de frente para outra. Conectiva, eletrific\u00e1vel. Com estrutura de a\u00e7o ou madeira e tampos em MDP de 25mm de espessura. V\u00e1rias medidas, cores e acess\u00f3rios. Confira!<\/p>\n","protected":false},"author":2,"featured_media":62295,"comment_status":"open","ping_status":"open","sticky":false,"template":"","format":"standard","meta":{"_exactmetrics_skip_tracking":false,"site-sidebar-layout":"default","site-content-layout":"","ast-site-content-layout":"default","site-content-style":"default","site-sidebar-style":"default","ast-global-header-display":"","ast-banner-title-visibility":"","ast-main-header-display":"","ast-hfb-above-header-display":"","ast-hfb-below-header-display":"","ast-hfb-mobile-header-display":"","site-post-title":"","ast-breadcrumbs-content":"","ast-featured-img":"","footer-sml-layout":"","theme-transparent-header-meta":"default","adv-header-id-meta":"","stick-header-meta":"default","header-above-stick-meta":"","header-main-stick-meta":"","header-below-stick-meta":"","astra-migrate-meta-layouts":"set","ast-page-background-enabled":"default","ast-page-background-meta":{"desktop":{"background-color":"var(--ast-global-color-4)","background-image":"","background-repeat":"repeat","background-position":"center center","background-size":"auto","background-attachment":"scroll","background-type":"","background-media":"","overlay-type":"","overlay-color":"","overlay-opacity":"","overlay-gradient":""},"tablet":{"background-color":"","background-image":"","background-repeat":"repeat","background-position":"center center","background-size":"auto","background-attachment":"scroll","background-type":"","background-media":"","overlay-type":"","overlay-color":"","overlay-opacity":"","overlay-gradient":""},"mobile":{"background-color":"","background-image":"","background-repeat":"repeat","background-position":"center center","background-size":"auto","background-attachment":"scroll","background-type":"","background-media":"","overlay-type":"","overlay-color":"","overlay-opacity":"","overlay-gradient":""}},"ast-content-background-meta":{"desktop":{"background-color":"var(--ast-global-color-5)","background-image":"","background-repeat":"repeat","background-position":"center center","background-size":"auto","background-attachment":"scroll","background-type":"","background-media":"","overlay-type":"","overlay-color":"","overlay-opacity":"","overlay-gradient":""},"tablet":{"background-color":"var(--ast-global-color-5)","background-image":"","background-repeat":"repeat","background-position":"center center","background-size":"auto","background-attachment":"scroll","background-type":"","background-media":"","overlay-type":"","overlay-color":"","overlay-opacity":"","overlay-gradient":""},"mobile":{"background-color":"var(--ast-global-color-5)","background-image":"","background-repeat":"repeat","background-position":"center center","background-size":"auto","background-attachment":"scroll","background-type":"","background-media":"","overlay-type":"","overlay-color":"","overlay-opacity":"","overlay-gradient":""}},"footnotes":""},"categories":[75,138,89],"tags":[317,356,509,433,293,370],"segmentos":[292,267],"class_list":["post-5586","post","type-post","status-publish","format-standard","has-post-thumbnail","hentry","category-estacoes-de-trabalho","category-mesas-plataforma","category-plataformas-de-trabalho","tag-contemporanea","tag-duravel","tag-eletrificavel","tag-robusta","tag-varias-cores","tag-varias-medidas","segmentos-moveis-corporativos-premium","segmentos-moveis-para-coworking"],"yoast_head":"<!-- This site is optimized with the Yoast SEO plugin v28.2 - https:\/\/yoast.com\/product\/yoast-seo-wordpress\/ -->\n<title>Mesa Plataforma 2 Lugares | Mesas Plataforma | Loja do Centro<\/title>\n<meta name=\"description\" content=\"Mesa Plataforma 2 Lugares, conectiva, eletrific\u00e1vel, completa. V\u00e1rios modelos, medidas e cores contempor\u00e2neas. Com Locker, cachepot e gavetas\" \/>\n<meta name=\"robots\" content=\"index, follow, max-snippet:-1, max-image-preview:large, max-video-preview:-1\" \/>\n<link rel=\"canonical\" href=\"https:\/\/lojadocentro.com.br\/moveis\/estacoes-de-trabalho\/mesa-plataforma-2-lugares\/\" \/>\n<meta property=\"og:locale\" content=\"pt_BR\" \/>\n<meta property=\"og:type\" content=\"article\" \/>\n<meta property=\"og:title\" content=\"Mesa Plataforma 2 Lugares | Mesas Plataforma | Loja do Centro\" \/>\n<meta property=\"og:description\" content=\"Mesa Plataforma 2 Lugares, conectiva, eletrific\u00e1vel, completa. V\u00e1rios modelos, medidas e cores contempor\u00e2neas. Com Locker, cachepot e gavetas\" \/>\n<meta property=\"og:url\" content=\"https:\/\/lojadocentro.com.br\/moveis\/estacoes-de-trabalho\/mesa-plataforma-2-lugares\/\" \/>\n<meta property=\"og:site_name\" content=\"M\u00f3veis para Escrit\u00f3rio - Loja do Centro\" \/>\n<meta property=\"article:published_time\" content=\"2025-03-29T15:00:04+00:00\" \/>\n<meta property=\"article:modified_time\" content=\"2026-08-13T20:02:28+00:00\" \/>\n<meta property=\"og:image\" content=\"https:\/\/lojadocentro.com.br\/moveis\/wp-content\/uploads\/2010\/03\/mesa-plataforma-dupla-2-lug-pe-trave-1.jpg\" \/>\n\t<meta property=\"og:image:width\" content=\"820\" \/>\n\t<meta property=\"og:image:height\" content=\"730\" \/>\n\t<meta property=\"og:image:type\" content=\"image\/jpeg\" \/>\n<meta name=\"author\" content=\"Ana\" \/>\n<meta name=\"twitter:card\" content=\"summary_large_image\" \/>\n<meta name=\"twitter:label1\" content=\"Escrito por\" \/>\n\t<meta name=\"twitter:data1\" content=\"Ana\" \/>\n\t<meta name=\"twitter:label2\" content=\"Est. tempo de leitura\" \/>\n\t<meta name=\"twitter:data2\" content=\"2 minutos\" \/>\n<script type=\"application\/ld+json\" class=\"yoast-schema-graph\">{\"@context\":\"https:\\\/\\\/schema.org\",\"@graph\":[{\"@type\":\"Article\",\"@id\":\"https:\\\/\\\/lojadocentro.com.br\\\/moveis\\\/estacoes-de-trabalho\\\/mesa-plataforma-2-lugares\\\/#article\",\"isPartOf\":{\"@id\":\"https:\\\/\\\/lojadocentro.com.br\\\/moveis\\\/estacoes-de-trabalho\\\/mesa-plataforma-2-lugares\\\/\"},\"author\":{\"name\":\"Ana\",\"@id\":\"https:\\\/\\\/lojadocentro.com.br\\\/moveis\\\/#\\\/schema\\\/person\\\/d1d93a97964ef2dcfb9cb8d5db75d0f9\"},\"headline\":\"Mesa Plataforma 2 Lugares\",\"datePublished\":\"2025-03-29T15:00:04+00:00\",\"dateModified\":\"2026-08-13T20:02:28+00:00\",\"mainEntityOfPage\":{\"@id\":\"https:\\\/\\\/lojadocentro.com.br\\\/moveis\\\/estacoes-de-trabalho\\\/mesa-plataforma-2-lugares\\\/\"},\"wordCount\":220,\"commentCount\":0,\"publisher\":{\"@id\":\"https:\\\/\\\/lojadocentro.com.br\\\/moveis\\\/#organization\"},\"image\":{\"@id\":\"https:\\\/\\\/lojadocentro.com.br\\\/moveis\\\/estacoes-de-trabalho\\\/mesa-plataforma-2-lugares\\\/#primaryimage\"},\"thumbnailUrl\":\"https:\\\/\\\/lojadocentro.com.br\\\/moveis\\\/wp-content\\\/uploads\\\/2010\\\/03\\\/mesa-plataforma-dupla-2-lug-pe-trave-1.jpg\",\"keywords\":[\"contempor\u00e2nea\",\"dur\u00e1vel\",\"Eletrific\u00e1vel\",\"robusta\",\"v\u00e1rias cores\",\"v\u00e1rias medidas\"],\"articleSection\":[\"Esta\u00e7\u00f5es de Trabalho\",\"Mesas Plataforma\",\"Plataformas de Trabalho\"],\"inLanguage\":\"pt-BR\",\"potentialAction\":[{\"@type\":\"CommentAction\",\"name\":\"Comment\",\"target\":[\"https:\\\/\\\/lojadocentro.com.br\\\/moveis\\\/estacoes-de-trabalho\\\/mesa-plataforma-2-lugares\\\/#respond\"]}]},{\"@type\":\"WebPage\",\"@id\":\"https:\\\/\\\/lojadocentro.com.br\\\/moveis\\\/estacoes-de-trabalho\\\/mesa-plataforma-2-lugares\\\/\",\"url\":\"https:\\\/\\\/lojadocentro.com.br\\\/moveis\\\/estacoes-de-trabalho\\\/mesa-plataforma-2-lugares\\\/\",\"name\":\"Mesa Plataforma 2 Lugares | Mesas Plataforma | Loja do Centro\",\"isPartOf\":{\"@id\":\"https:\\\/\\\/lojadocentro.com.br\\\/moveis\\\/#website\"},\"primaryImageOfPage\":{\"@id\":\"https:\\\/\\\/lojadocentro.com.br\\\/moveis\\\/estacoes-de-trabalho\\\/mesa-plataforma-2-lugares\\\/#primaryimage\"},\"image\":{\"@id\":\"https:\\\/\\\/lojadocentro.com.br\\\/moveis\\\/estacoes-de-trabalho\\\/mesa-plataforma-2-lugares\\\/#primaryimage\"},\"thumbnailUrl\":\"https:\\\/\\\/lojadocentro.com.br\\\/moveis\\\/wp-content\\\/uploads\\\/2010\\\/03\\\/mesa-plataforma-dupla-2-lug-pe-trave-1.jpg\",\"datePublished\":\"2025-03-29T15:00:04+00:00\",\"dateModified\":\"2026-08-13T20:02:28+00:00\",\"description\":\"Mesa Plataforma 2 Lugares, conectiva, eletrific\u00e1vel, completa. V\u00e1rios modelos, medidas e cores contempor\u00e2neas. Com Locker, cachepot e gavetas\",\"breadcrumb\":{\"@id\":\"https:\\\/\\\/lojadocentro.com.br\\\/moveis\\\/estacoes-de-trabalho\\\/mesa-plataforma-2-lugares\\\/#breadcrumb\"},\"inLanguage\":\"pt-BR\",\"potentialAction\":[{\"@type\":\"ReadAction\",\"target\":[\"https:\\\/\\\/lojadocentro.com.br\\\/moveis\\\/estacoes-de-trabalho\\\/mesa-plataforma-2-lugares\\\/\"]}]},{\"@type\":\"ImageObject\",\"inLanguage\":\"pt-BR\",\"@id\":\"https:\\\/\\\/lojadocentro.com.br\\\/moveis\\\/estacoes-de-trabalho\\\/mesa-plataforma-2-lugares\\\/#primaryimage\",\"url\":\"https:\\\/\\\/lojadocentro.com.br\\\/moveis\\\/wp-content\\\/uploads\\\/2010\\\/03\\\/mesa-plataforma-dupla-2-lug-pe-trave-1.jpg\",\"contentUrl\":\"https:\\\/\\\/lojadocentro.com.br\\\/moveis\\\/wp-content\\\/uploads\\\/2010\\\/03\\\/mesa-plataforma-dupla-2-lug-pe-trave-1.jpg\",\"width\":820,\"height\":730,\"caption\":\"Mesa Plataforma para 2 pessoas; em SP\"},{\"@type\":\"BreadcrumbList\",\"@id\":\"https:\\\/\\\/lojadocentro.com.br\\\/moveis\\\/estacoes-de-trabalho\\\/mesa-plataforma-2-lugares\\\/#breadcrumb\",\"itemListElement\":[{\"@type\":\"ListItem\",\"position\":1,\"name\":\"In\u00edcio\",\"item\":\"https:\\\/\\\/lojadocentro.com.br\\\/moveis\\\/\"},{\"@type\":\"ListItem\",\"position\":2,\"name\":\"Mesa Plataforma 2 Lugares\"}]},{\"@type\":\"WebSite\",\"@id\":\"https:\\\/\\\/lojadocentro.com.br\\\/moveis\\\/#website\",\"url\":\"https:\\\/\\\/lojadocentro.com.br\\\/moveis\\\/\",\"name\":\"M\u00f3veis para Escrit\u00f3rio - Loja do Centro\",\"description\":\"Loja de M\u00f3veis para Escrit\u00f3rio\",\"publisher\":{\"@id\":\"https:\\\/\\\/lojadocentro.com.br\\\/moveis\\\/#organization\"},\"potentialAction\":[{\"@type\":\"SearchAction\",\"target\":{\"@type\":\"EntryPoint\",\"urlTemplate\":\"https:\\\/\\\/lojadocentro.com.br\\\/moveis\\\/?s={search_term_string}\"},\"query-input\":{\"@type\":\"PropertyValueSpecification\",\"valueRequired\":true,\"valueName\":\"search_term_string\"}}],\"inLanguage\":\"pt-BR\"},{\"@type\":\"Organization\",\"@id\":\"https:\\\/\\\/lojadocentro.com.br\\\/moveis\\\/#organization\",\"name\":\"M\u00f3veis para Escrit\u00f3rio Loja do Centro\",\"url\":\"https:\\\/\\\/lojadocentro.com.br\\\/moveis\\\/\",\"logo\":{\"@type\":\"ImageObject\",\"inLanguage\":\"pt-BR\",\"@id\":\"https:\\\/\\\/lojadocentro.com.br\\\/moveis\\\/#\\\/schema\\\/logo\\\/image\\\/\",\"url\":\"https:\\\/\\\/www.lojadocentro.com.br\\\/moveis\\\/wp-content\\\/uploads\\\/2015\\\/12\\\/moveis-para-escritorio-loja-do-centro-logo.jpg\",\"contentUrl\":\"https:\\\/\\\/www.lojadocentro.com.br\\\/moveis\\\/wp-content\\\/uploads\\\/2015\\\/12\\\/moveis-para-escritorio-loja-do-centro-logo.jpg\",\"width\":275,\"height\":120,\"caption\":\"M\u00f3veis para Escrit\u00f3rio Loja do Centro\"},\"image\":{\"@id\":\"https:\\\/\\\/lojadocentro.com.br\\\/moveis\\\/#\\\/schema\\\/logo\\\/image\\\/\"}},{\"@type\":\"Person\",\"@id\":\"https:\\\/\\\/lojadocentro.com.br\\\/moveis\\\/#\\\/schema\\\/person\\\/d1d93a97964ef2dcfb9cb8d5db75d0f9\",\"name\":\"Ana\",\"sameAs\":[\"http:\\\/\\\/www.lojadocentro.com.br\"]}]}<\/script>\n<!-- \/ Yoast SEO plugin. -->","yoast_head_json":{"title":"Mesa Plataforma 2 Lugares | Mesas Plataforma | Loja do Centro","description":"Mesa Plataforma 2 Lugares, conectiva, eletrific\u00e1vel, completa. V\u00e1rios modelos, medidas e cores contempor\u00e2neas. Com Locker, cachepot e gavetas","robots":{"index":"index","follow":"follow","max-snippet":"max-snippet:-1","max-image-preview":"max-image-preview:large","max-video-preview":"max-video-preview:-1"},"canonical":"https:\/\/lojadocentro.com.br\/moveis\/estacoes-de-trabalho\/mesa-plataforma-2-lugares\/","og_locale":"pt_BR","og_type":"article","og_title":"Mesa Plataforma 2 Lugares | Mesas Plataforma | Loja do Centro","og_description":"Mesa Plataforma 2 Lugares, conectiva, eletrific\u00e1vel, completa. V\u00e1rios modelos, medidas e cores contempor\u00e2neas. Com Locker, cachepot e gavetas","og_url":"https:\/\/lojadocentro.com.br\/moveis\/estacoes-de-trabalho\/mesa-plataforma-2-lugares\/","og_site_name":"M\u00f3veis para Escrit\u00f3rio - Loja do Centro","article_published_time":"2025-03-29T15:00:04+00:00","article_modified_time":"2026-08-13T20:02:28+00:00","og_image":[{"width":820,"height":730,"url":"https:\/\/lojadocentro.com.br\/moveis\/wp-content\/uploads\/2010\/03\/mesa-plataforma-dupla-2-lug-pe-trave-1.jpg","type":"image\/jpeg"}],"author":"Ana","twitter_card":"summary_large_image","twitter_misc":{"Escrito por":"Ana","Est. tempo de leitura":"2 minutos"},"schema":{"@context":"https:\/\/schema.org","@graph":[{"@type":"Article","@id":"https:\/\/lojadocentro.com.br\/moveis\/estacoes-de-trabalho\/mesa-plataforma-2-lugares\/#article","isPartOf":{"@id":"https:\/\/lojadocentro.com.br\/moveis\/estacoes-de-trabalho\/mesa-plataforma-2-lugares\/"},"author":{"name":"Ana","@id":"https:\/\/lojadocentro.com.br\/moveis\/#\/schema\/person\/d1d93a97964ef2dcfb9cb8d5db75d0f9"},"headline":"Mesa Plataforma 2 Lugares","datePublished":"2025-03-29T15:00:04+00:00","dateModified":"2026-08-13T20:02:28+00:00","mainEntityOfPage":{"@id":"https:\/\/lojadocentro.com.br\/moveis\/estacoes-de-trabalho\/mesa-plataforma-2-lugares\/"},"wordCount":220,"commentCount":0,"publisher":{"@id":"https:\/\/lojadocentro.com.br\/moveis\/#organization"},"image":{"@id":"https:\/\/lojadocentro.com.br\/moveis\/estacoes-de-trabalho\/mesa-plataforma-2-lugares\/#primaryimage"},"thumbnailUrl":"https:\/\/lojadocentro.com.br\/moveis\/wp-content\/uploads\/2010\/03\/mesa-plataforma-dupla-2-lug-pe-trave-1.jpg","keywords":["contempor\u00e2nea","dur\u00e1vel","Eletrific\u00e1vel","robusta","v\u00e1rias cores","v\u00e1rias medidas"],"articleSection":["Esta\u00e7\u00f5es de Trabalho","Mesas Plataforma","Plataformas de Trabalho"],"inLanguage":"pt-BR","potentialAction":[{"@type":"CommentAction","name":"Comment","target":["https:\/\/lojadocentro.com.br\/moveis\/estacoes-de-trabalho\/mesa-plataforma-2-lugares\/#respond"]}]},{"@type":"WebPage","@id":"https:\/\/lojadocentro.com.br\/moveis\/estacoes-de-trabalho\/mesa-plataforma-2-lugares\/","url":"https:\/\/lojadocentro.com.br\/moveis\/estacoes-de-trabalho\/mesa-plataforma-2-lugares\/","name":"Mesa Plataforma 2 Lugares | Mesas Plataforma | Loja do Centro","isPartOf":{"@id":"https:\/\/lojadocentro.com.br\/moveis\/#website"},"primaryImageOfPage":{"@id":"https:\/\/lojadocentro.com.br\/moveis\/estacoes-de-trabalho\/mesa-plataforma-2-lugares\/#primaryimage"},"image":{"@id":"https:\/\/lojadocentro.com.br\/moveis\/estacoes-de-trabalho\/mesa-plataforma-2-lugares\/#primaryimage"},"thumbnailUrl":"https:\/\/lojadocentro.com.br\/moveis\/wp-content\/uploads\/2010\/03\/mesa-plataforma-dupla-2-lug-pe-trave-1.jpg","datePublished":"2025-03-29T15:00:04+00:00","dateModified":"2026-08-13T20:02:28+00:00","description":"Mesa Plataforma 2 Lugares, conectiva, eletrific\u00e1vel, completa. V\u00e1rios modelos, medidas e cores contempor\u00e2neas. Com Locker, cachepot e gavetas","breadcrumb":{"@id":"https:\/\/lojadocentro.com.br\/moveis\/estacoes-de-trabalho\/mesa-plataforma-2-lugares\/#breadcrumb"},"inLanguage":"pt-BR","potentialAction":[{"@type":"ReadAction","target":["https:\/\/lojadocentro.com.br\/moveis\/estacoes-de-trabalho\/mesa-plataforma-2-lugares\/"]}]},{"@type":"ImageObject","inLanguage":"pt-BR","@id":"https:\/\/lojadocentro.com.br\/moveis\/estacoes-de-trabalho\/mesa-plataforma-2-lugares\/#primaryimage","url":"https:\/\/lojadocentro.com.br\/moveis\/wp-content\/uploads\/2010\/03\/mesa-plataforma-dupla-2-lug-pe-trave-1.jpg","contentUrl":"https:\/\/lojadocentro.com.br\/moveis\/wp-content\/uploads\/2010\/03\/mesa-plataforma-dupla-2-lug-pe-trave-1.jpg","width":820,"height":730,"caption":"Mesa Plataforma para 2 pessoas; em SP"},{"@type":"BreadcrumbList","@id":"https:\/\/lojadocentro.com.br\/moveis\/estacoes-de-trabalho\/mesa-plataforma-2-lugares\/#breadcrumb","itemListElement":[{"@type":"ListItem","position":1,"name":"In\u00edcio","item":"https:\/\/lojadocentro.com.br\/moveis\/"},{"@type":"ListItem","position":2,"name":"Mesa Plataforma 2 Lugares"}]},{"@type":"WebSite","@id":"https:\/\/lojadocentro.com.br\/moveis\/#website","url":"https:\/\/lojadocentro.com.br\/moveis\/","name":"M\u00f3veis para Escrit\u00f3rio - Loja do Centro","description":"Loja de M\u00f3veis para Escrit\u00f3rio","publisher":{"@id":"https:\/\/lojadocentro.com.br\/moveis\/#organization"},"potentialAction":[{"@type":"SearchAction","target":{"@type":"EntryPoint","urlTemplate":"https:\/\/lojadocentro.com.br\/moveis\/?s={search_term_string}"},"query-input":{"@type":"PropertyValueSpecification","valueRequired":true,"valueName":"search_term_string"}}],"inLanguage":"pt-BR"},{"@type":"Organization","@id":"https:\/\/lojadocentro.com.br\/moveis\/#organization","name":"M\u00f3veis para Escrit\u00f3rio Loja do Centro","url":"https:\/\/lojadocentro.com.br\/moveis\/","logo":{"@type":"ImageObject","inLanguage":"pt-BR","@id":"https:\/\/lojadocentro.com.br\/moveis\/#\/schema\/logo\/image\/","url":"https:\/\/www.lojadocentro.com.br\/moveis\/wp-content\/uploads\/2015\/12\/moveis-para-escritorio-loja-do-centro-logo.jpg","contentUrl":"https:\/\/www.lojadocentro.com.br\/moveis\/wp-content\/uploads\/2015\/12\/moveis-para-escritorio-loja-do-centro-logo.jpg","width":275,"height":120,"caption":"M\u00f3veis para Escrit\u00f3rio Loja do Centro"},"image":{"@id":"https:\/\/lojadocentro.com.br\/moveis\/#\/schema\/logo\/image\/"}},{"@type":"Person","@id":"https:\/\/lojadocentro.com.br\/moveis\/#\/schema\/person\/d1d93a97964ef2dcfb9cb8d5db75d0f9","name":"Ana","sameAs":["http:\/\/www.lojadocentro.com.br"]}]}},"_links":{"self":[{"href":"https:\/\/lojadocentro.com.br\/moveis\/wp-json\/wp\/v2\/posts\/5586","targetHints":{"allow":["GET"]}}],"collection":[{"href":"https:\/\/lojadocentro.com.br\/moveis\/wp-json\/wp\/v2\/posts"}],"about":[{"href":"https:\/\/lojadocentro.com.br\/moveis\/wp-json\/wp\/v2\/types\/post"}],"author":[{"embeddable":true,"href":"https:\/\/lojadocentro.com.br\/moveis\/wp-json\/wp\/v2\/users\/2"}],"replies":[{"embeddable":true,"href":"https:\/\/lojadocentro.com.br\/moveis\/wp-json\/wp\/v2\/comments?post=5586"}],"version-history":[{"count":4,"href":"https:\/\/lojadocentro.com.br\/moveis\/wp-json\/wp\/v2\/posts\/5586\/revisions"}],"predecessor-version":[{"id":62302,"href":"https:\/\/lojadocentro.com.br\/moveis\/wp-json\/wp\/v2\/posts\/5586\/revisions\/62302"}],"wp:featuredmedia":[{"embeddable":true,"href":"https:\/\/lojadocentro.com.br\/moveis\/wp-json\/wp\/v2\/media\/62295"}],"wp:attachment":[{"href":"https:\/\/lojadocentro.com.br\/moveis\/wp-json\/wp\/v2\/media?parent=5586"}],"wp:term":[{"taxonomy":"category","embeddable":true,"href":"https:\/\/lojadocentro.com.br\/moveis\/wp-json\/wp\/v2\/categories?post=5586"},{"taxonomy":"post_tag","embeddable":true,"href":"https:\/\/lojadocentro.com.br\/moveis\/wp-json\/wp\/v2\/tags?post=5586"},{"taxonomy":"segmentos","embeddable":true,"href":"https:\/\/lojadocentro.com.br\/moveis\/wp-json\/wp\/v2\/segmentos?post=5586"}],"curies":[{"name":"wp","href":"https:\/\/api.w.org\/{rel}","templated":true}]}}