{"id":56717,"date":"2025-07-05T12:00:35","date_gmt":"2025-07-05T15:00:35","guid":{"rendered":"https:\/\/www.lojadocentro.com.br\/moveis\/?p=56717"},"modified":"2026-08-13T17:46:39","modified_gmt":"2026-08-13T20:46:39","slug":"mesa-plataforma-6-pessoas-lc","status":"publish","type":"post","link":"https:\/\/lojadocentro.com.br\/moveis\/mesas-plataforma\/mesa-plataforma-6-pessoas-lc\/","title":{"rendered":"Mesa Plataforma 6 Pessoas LC"},"content":{"rendered":"<h2>Mesa Plataforma 6 Pessoas LC<\/h2>\n<p>A Mesa Plataforma 6 Pessoas LC Bart \u00e9 perfeita para startups, incubadoras, para agrupar equipes em empresas em geral. \u00c9 clean, atual\u00edssima, tem flexibilidade de medidas, cores, \u00e9 totalmente conectiva, tecnol\u00f3gica e tem pre\u00e7o justo. Venha conhec\u00ea-la em nossa loja. Mais informa\u00e7\u00f5es pelo PABX 11 3242-3536<\/p>\n<p><!--more--><\/p>\n<h3>Uma mesa plataforma para agrupar quantas pessoas voc\u00ea quiser, quantas pessoas seu espa\u00e7o comportar!<\/h3>\n<p>Alguns diferenciais:<\/p>\n<ul>\n<li>Tampos em MDP de 25mm em v\u00e1rias cores e medidas<\/li>\n<li>Estrutura de a\u00e7o robusta<\/li>\n<li>Estilo clean, industrial<\/li>\n<li>Com calhas verticais para subida de cabos e calhas horizontais para passagem e arruma\u00e7\u00e3o dos fios<\/li>\n<li>V\u00e1rias medidas por usu\u00e1rio, podendo ser montada com um usu\u00e1rio em frente ao outro e com um usu\u00e1rio ao lado do outro.<\/li>\n<li>Arm\u00e1rio credenza para o t\u00e9rmino da plataforma<\/li>\n<li>Lockers com 6 a 8 portas individuais com fechaduras<\/li>\n<li>Floreiras ou cachepots para plantas<\/li>\n<li>Biombos divisores suspensos de MDP, vidro ou ac\u00fastico anti-ru\u00eddo<\/li>\n<\/ul>\n<p>Conhe\u00e7a algumas <a href=\"https:\/\/www.lojadocentro.com.br\/moveis\/cadeira-presidente\/\">cadeiras para escrit\u00f3rio<\/a> que combinar\u00e3o muito bem com essa plataforma top e com pre\u00e7o justo.<\/p>\n<h6>Marque um hor\u00e1rio para uma consultoria gratuita em nossa loja atrav\u00e9s do PABX 11 3242-3536.<br \/>\nTraga medidas, projetamos seu espa\u00e7o de trabalho.<\/h6>\n<p>&nbsp;<\/p>\n<p>&nbsp;<\/p>\n<p>&nbsp;<\/p>\n","protected":false},"excerpt":{"rendered":"<p>Mesa Plataforma 6 Pessoas LC A Mesa Plataforma 6 Pessoas LC Bart \u00e9 perfeita para startups, incubadoras, para agrupar equipes em empresas em geral. \u00c9 clean, atual\u00edssima, tem flexibilidade de medidas, cores, \u00e9 totalmente conectiva, tecnol\u00f3gica e tem pre\u00e7o justo. Venha conhec\u00ea-la em nossa loja. Mais informa\u00e7\u00f5es pelo PABX 11 3242-3536<\/p>\n","protected":false},"author":2,"featured_media":56718,"comment_status":"open","ping_status":"open","sticky":false,"template":"","format":"standard","meta":{"_exactmetrics_skip_tracking":false,"site-sidebar-layout":"default","site-content-layout":"","ast-site-content-layout":"default","site-content-style":"default","site-sidebar-style":"default","ast-global-header-display":"","ast-banner-title-visibility":"","ast-main-header-display":"","ast-hfb-above-header-display":"","ast-hfb-below-header-display":"","ast-hfb-mobile-header-display":"","site-post-title":"","ast-breadcrumbs-content":"","ast-featured-img":"","footer-sml-layout":"","theme-transparent-header-meta":"default","adv-header-id-meta":"","stick-header-meta":"default","header-above-stick-meta":"","header-main-stick-meta":"","header-below-stick-meta":"","astra-migrate-meta-layouts":"set","ast-page-background-enabled":"default","ast-page-background-meta":{"desktop":{"background-color":"var(--ast-global-color-4)","background-image":"","background-repeat":"repeat","background-position":"center center","background-size":"auto","background-attachment":"scroll","background-type":"","background-media":"","overlay-type":"","overlay-color":"","overlay-opacity":"","overlay-gradient":""},"tablet":{"background-color":"","background-image":"","background-repeat":"repeat","background-position":"center center","background-size":"auto","background-attachment":"scroll","background-type":"","background-media":"","overlay-type":"","overlay-color":"","overlay-opacity":"","overlay-gradient":""},"mobile":{"background-color":"","background-image":"","background-repeat":"repeat","background-position":"center center","background-size":"auto","background-attachment":"scroll","background-type":"","background-media":"","overlay-type":"","overlay-color":"","overlay-opacity":"","overlay-gradient":""}},"ast-content-background-meta":{"desktop":{"background-color":"var(--ast-global-color-5)","background-image":"","background-repeat":"repeat","background-position":"center center","background-size":"auto","background-attachment":"scroll","background-type":"","background-media":"","overlay-type":"","overlay-color":"","overlay-opacity":"","overlay-gradient":""},"tablet":{"background-color":"var(--ast-global-color-5)","background-image":"","background-repeat":"repeat","background-position":"center center","background-size":"auto","background-attachment":"scroll","background-type":"","background-media":"","overlay-type":"","overlay-color":"","overlay-opacity":"","overlay-gradient":""},"mobile":{"background-color":"var(--ast-global-color-5)","background-image":"","background-repeat":"repeat","background-position":"center center","background-size":"auto","background-attachment":"scroll","background-type":"","background-media":"","overlay-type":"","overlay-color":"","overlay-opacity":"","overlay-gradient":""}},"footnotes":""},"categories":[101,138,89],"tags":[],"segmentos":[265,298,267],"class_list":["post-56717","post","type-post","status-publish","format-standard","has-post-thumbnail","hentry","category-_destaque-moveis-avulsos","category-mesas-plataforma","category-plataformas-de-trabalho","segmentos-moveis-para-advogados","segmentos-moveis-para-agencias","segmentos-moveis-para-coworking"],"yoast_head":"<!-- This site is optimized with the Yoast SEO plugin v28.2 - https:\/\/yoast.com\/product\/yoast-seo-wordpress\/ -->\n<title>Mesa Plataforma 6 Pessoas | Mesas Plataforma | Loja do Centro |<\/title>\n<meta name=\"description\" content=\"Mesa Plataforma 6 Pessoas. Clean, atual, tecnol\u00f3gica. Dispon\u00edvel em v\u00e1rias medidas e cores. Com caixas individuais de conectividade,\" \/>\n<meta name=\"robots\" content=\"index, follow, max-snippet:-1, max-image-preview:large, max-video-preview:-1\" \/>\n<link rel=\"canonical\" href=\"https:\/\/lojadocentro.com.br\/moveis\/mesas-plataforma\/mesa-plataforma-6-pessoas-lc\/\" \/>\n<meta property=\"og:locale\" content=\"pt_BR\" \/>\n<meta property=\"og:type\" content=\"article\" \/>\n<meta property=\"og:title\" content=\"Mesa Plataforma 6 Pessoas | Mesas Plataforma | Loja do Centro |\" \/>\n<meta property=\"og:description\" content=\"Mesa Plataforma 6 Pessoas. Clean, atual, tecnol\u00f3gica. Dispon\u00edvel em v\u00e1rias medidas e cores. Com caixas individuais de conectividade,\" \/>\n<meta property=\"og:url\" content=\"https:\/\/lojadocentro.com.br\/moveis\/mesas-plataforma\/mesa-plataforma-6-pessoas-lc\/\" \/>\n<meta property=\"og:site_name\" content=\"M\u00f3veis para Escrit\u00f3rio - Loja do Centro\" \/>\n<meta property=\"article:published_time\" content=\"2025-07-05T15:00:35+00:00\" \/>\n<meta property=\"article:modified_time\" content=\"2026-08-13T20:46:39+00:00\" \/>\n<meta property=\"og:image\" content=\"https:\/\/lojadocentro.com.br\/moveis\/wp-content\/uploads\/2019\/02\/mesa-plataforma-6-pessoas.jpg\" \/>\n\t<meta property=\"og:image:width\" content=\"1000\" \/>\n\t<meta property=\"og:image:height\" content=\"583\" \/>\n\t<meta property=\"og:image:type\" content=\"image\/jpeg\" \/>\n<meta name=\"author\" content=\"Ana\" \/>\n<meta name=\"twitter:card\" content=\"summary_large_image\" \/>\n<meta name=\"twitter:label1\" content=\"Escrito por\" \/>\n\t<meta name=\"twitter:data1\" content=\"Ana\" \/>\n\t<meta name=\"twitter:label2\" content=\"Est. tempo de leitura\" \/>\n\t<meta name=\"twitter:data2\" content=\"2 minutos\" \/>\n<script type=\"application\/ld+json\" class=\"yoast-schema-graph\">{\"@context\":\"https:\\\/\\\/schema.org\",\"@graph\":[{\"@type\":\"Article\",\"@id\":\"https:\\\/\\\/lojadocentro.com.br\\\/moveis\\\/mesas-plataforma\\\/mesa-plataforma-6-pessoas-lc\\\/#article\",\"isPartOf\":{\"@id\":\"https:\\\/\\\/lojadocentro.com.br\\\/moveis\\\/mesas-plataforma\\\/mesa-plataforma-6-pessoas-lc\\\/\"},\"author\":{\"name\":\"Ana\",\"@id\":\"https:\\\/\\\/lojadocentro.com.br\\\/moveis\\\/#\\\/schema\\\/person\\\/d1d93a97964ef2dcfb9cb8d5db75d0f9\"},\"headline\":\"Mesa Plataforma 6 Pessoas LC\",\"datePublished\":\"2025-07-05T15:00:35+00:00\",\"dateModified\":\"2026-08-13T20:46:39+00:00\",\"mainEntityOfPage\":{\"@id\":\"https:\\\/\\\/lojadocentro.com.br\\\/moveis\\\/mesas-plataforma\\\/mesa-plataforma-6-pessoas-lc\\\/\"},\"wordCount\":213,\"commentCount\":0,\"publisher\":{\"@id\":\"https:\\\/\\\/lojadocentro.com.br\\\/moveis\\\/#organization\"},\"image\":{\"@id\":\"https:\\\/\\\/lojadocentro.com.br\\\/moveis\\\/mesas-plataforma\\\/mesa-plataforma-6-pessoas-lc\\\/#primaryimage\"},\"thumbnailUrl\":\"https:\\\/\\\/lojadocentro.com.br\\\/moveis\\\/wp-content\\\/uploads\\\/2019\\\/02\\\/mesa-plataforma-6-pessoas.jpg\",\"articleSection\":[\"_destaque-moveis-avulsos\",\"Mesas Plataforma\",\"Plataformas de Trabalho\"],\"inLanguage\":\"pt-BR\",\"potentialAction\":[{\"@type\":\"CommentAction\",\"name\":\"Comment\",\"target\":[\"https:\\\/\\\/lojadocentro.com.br\\\/moveis\\\/mesas-plataforma\\\/mesa-plataforma-6-pessoas-lc\\\/#respond\"]}]},{\"@type\":\"WebPage\",\"@id\":\"https:\\\/\\\/lojadocentro.com.br\\\/moveis\\\/mesas-plataforma\\\/mesa-plataforma-6-pessoas-lc\\\/\",\"url\":\"https:\\\/\\\/lojadocentro.com.br\\\/moveis\\\/mesas-plataforma\\\/mesa-plataforma-6-pessoas-lc\\\/\",\"name\":\"Mesa Plataforma 6 Pessoas | Mesas Plataforma | Loja do Centro |\",\"isPartOf\":{\"@id\":\"https:\\\/\\\/lojadocentro.com.br\\\/moveis\\\/#website\"},\"primaryImageOfPage\":{\"@id\":\"https:\\\/\\\/lojadocentro.com.br\\\/moveis\\\/mesas-plataforma\\\/mesa-plataforma-6-pessoas-lc\\\/#primaryimage\"},\"image\":{\"@id\":\"https:\\\/\\\/lojadocentro.com.br\\\/moveis\\\/mesas-plataforma\\\/mesa-plataforma-6-pessoas-lc\\\/#primaryimage\"},\"thumbnailUrl\":\"https:\\\/\\\/lojadocentro.com.br\\\/moveis\\\/wp-content\\\/uploads\\\/2019\\\/02\\\/mesa-plataforma-6-pessoas.jpg\",\"datePublished\":\"2025-07-05T15:00:35+00:00\",\"dateModified\":\"2026-08-13T20:46:39+00:00\",\"description\":\"Mesa Plataforma 6 Pessoas. Clean, atual, tecnol\u00f3gica. Dispon\u00edvel em v\u00e1rias medidas e cores. Com caixas individuais de conectividade,\",\"breadcrumb\":{\"@id\":\"https:\\\/\\\/lojadocentro.com.br\\\/moveis\\\/mesas-plataforma\\\/mesa-plataforma-6-pessoas-lc\\\/#breadcrumb\"},\"inLanguage\":\"pt-BR\",\"potentialAction\":[{\"@type\":\"ReadAction\",\"target\":[\"https:\\\/\\\/lojadocentro.com.br\\\/moveis\\\/mesas-plataforma\\\/mesa-plataforma-6-pessoas-lc\\\/\"]}]},{\"@type\":\"ImageObject\",\"inLanguage\":\"pt-BR\",\"@id\":\"https:\\\/\\\/lojadocentro.com.br\\\/moveis\\\/mesas-plataforma\\\/mesa-plataforma-6-pessoas-lc\\\/#primaryimage\",\"url\":\"https:\\\/\\\/lojadocentro.com.br\\\/moveis\\\/wp-content\\\/uploads\\\/2019\\\/02\\\/mesa-plataforma-6-pessoas.jpg\",\"contentUrl\":\"https:\\\/\\\/lojadocentro.com.br\\\/moveis\\\/wp-content\\\/uploads\\\/2019\\\/02\\\/mesa-plataforma-6-pessoas.jpg\",\"width\":1000,\"height\":583,\"caption\":\"Mesa Plataforma 6 Pessoas em SP, Esta\u00e7\u00e3o de Trabalho SP\"},{\"@type\":\"BreadcrumbList\",\"@id\":\"https:\\\/\\\/lojadocentro.com.br\\\/moveis\\\/mesas-plataforma\\\/mesa-plataforma-6-pessoas-lc\\\/#breadcrumb\",\"itemListElement\":[{\"@type\":\"ListItem\",\"position\":1,\"name\":\"In\u00edcio\",\"item\":\"https:\\\/\\\/lojadocentro.com.br\\\/moveis\\\/\"},{\"@type\":\"ListItem\",\"position\":2,\"name\":\"Mesa Plataforma 6 Pessoas LC\"}]},{\"@type\":\"WebSite\",\"@id\":\"https:\\\/\\\/lojadocentro.com.br\\\/moveis\\\/#website\",\"url\":\"https:\\\/\\\/lojadocentro.com.br\\\/moveis\\\/\",\"name\":\"M\u00f3veis para Escrit\u00f3rio - Loja do Centro\",\"description\":\"Loja de M\u00f3veis para Escrit\u00f3rio\",\"publisher\":{\"@id\":\"https:\\\/\\\/lojadocentro.com.br\\\/moveis\\\/#organization\"},\"potentialAction\":[{\"@type\":\"SearchAction\",\"target\":{\"@type\":\"EntryPoint\",\"urlTemplate\":\"https:\\\/\\\/lojadocentro.com.br\\\/moveis\\\/?s={search_term_string}\"},\"query-input\":{\"@type\":\"PropertyValueSpecification\",\"valueRequired\":true,\"valueName\":\"search_term_string\"}}],\"inLanguage\":\"pt-BR\"},{\"@type\":\"Organization\",\"@id\":\"https:\\\/\\\/lojadocentro.com.br\\\/moveis\\\/#organization\",\"name\":\"M\u00f3veis para Escrit\u00f3rio Loja do Centro\",\"url\":\"https:\\\/\\\/lojadocentro.com.br\\\/moveis\\\/\",\"logo\":{\"@type\":\"ImageObject\",\"inLanguage\":\"pt-BR\",\"@id\":\"https:\\\/\\\/lojadocentro.com.br\\\/moveis\\\/#\\\/schema\\\/logo\\\/image\\\/\",\"url\":\"https:\\\/\\\/www.lojadocentro.com.br\\\/moveis\\\/wp-content\\\/uploads\\\/2015\\\/12\\\/moveis-para-escritorio-loja-do-centro-logo.jpg\",\"contentUrl\":\"https:\\\/\\\/www.lojadocentro.com.br\\\/moveis\\\/wp-content\\\/uploads\\\/2015\\\/12\\\/moveis-para-escritorio-loja-do-centro-logo.jpg\",\"width\":275,\"height\":120,\"caption\":\"M\u00f3veis para Escrit\u00f3rio Loja do Centro\"},\"image\":{\"@id\":\"https:\\\/\\\/lojadocentro.com.br\\\/moveis\\\/#\\\/schema\\\/logo\\\/image\\\/\"}},{\"@type\":\"Person\",\"@id\":\"https:\\\/\\\/lojadocentro.com.br\\\/moveis\\\/#\\\/schema\\\/person\\\/d1d93a97964ef2dcfb9cb8d5db75d0f9\",\"name\":\"Ana\",\"sameAs\":[\"http:\\\/\\\/www.lojadocentro.com.br\"]}]}<\/script>\n<!-- \/ Yoast SEO plugin. -->","yoast_head_json":{"title":"Mesa Plataforma 6 Pessoas | Mesas Plataforma | Loja do Centro |","description":"Mesa Plataforma 6 Pessoas. Clean, atual, tecnol\u00f3gica. Dispon\u00edvel em v\u00e1rias medidas e cores. Com caixas individuais de conectividade,","robots":{"index":"index","follow":"follow","max-snippet":"max-snippet:-1","max-image-preview":"max-image-preview:large","max-video-preview":"max-video-preview:-1"},"canonical":"https:\/\/lojadocentro.com.br\/moveis\/mesas-plataforma\/mesa-plataforma-6-pessoas-lc\/","og_locale":"pt_BR","og_type":"article","og_title":"Mesa Plataforma 6 Pessoas | Mesas Plataforma | Loja do Centro |","og_description":"Mesa Plataforma 6 Pessoas. Clean, atual, tecnol\u00f3gica. Dispon\u00edvel em v\u00e1rias medidas e cores. Com caixas individuais de conectividade,","og_url":"https:\/\/lojadocentro.com.br\/moveis\/mesas-plataforma\/mesa-plataforma-6-pessoas-lc\/","og_site_name":"M\u00f3veis para Escrit\u00f3rio - Loja do Centro","article_published_time":"2025-07-05T15:00:35+00:00","article_modified_time":"2026-08-13T20:46:39+00:00","og_image":[{"width":1000,"height":583,"url":"https:\/\/lojadocentro.com.br\/moveis\/wp-content\/uploads\/2019\/02\/mesa-plataforma-6-pessoas.jpg","type":"image\/jpeg"}],"author":"Ana","twitter_card":"summary_large_image","twitter_misc":{"Escrito por":"Ana","Est. tempo de leitura":"2 minutos"},"schema":{"@context":"https:\/\/schema.org","@graph":[{"@type":"Article","@id":"https:\/\/lojadocentro.com.br\/moveis\/mesas-plataforma\/mesa-plataforma-6-pessoas-lc\/#article","isPartOf":{"@id":"https:\/\/lojadocentro.com.br\/moveis\/mesas-plataforma\/mesa-plataforma-6-pessoas-lc\/"},"author":{"name":"Ana","@id":"https:\/\/lojadocentro.com.br\/moveis\/#\/schema\/person\/d1d93a97964ef2dcfb9cb8d5db75d0f9"},"headline":"Mesa Plataforma 6 Pessoas LC","datePublished":"2025-07-05T15:00:35+00:00","dateModified":"2026-08-13T20:46:39+00:00","mainEntityOfPage":{"@id":"https:\/\/lojadocentro.com.br\/moveis\/mesas-plataforma\/mesa-plataforma-6-pessoas-lc\/"},"wordCount":213,"commentCount":0,"publisher":{"@id":"https:\/\/lojadocentro.com.br\/moveis\/#organization"},"image":{"@id":"https:\/\/lojadocentro.com.br\/moveis\/mesas-plataforma\/mesa-plataforma-6-pessoas-lc\/#primaryimage"},"thumbnailUrl":"https:\/\/lojadocentro.com.br\/moveis\/wp-content\/uploads\/2019\/02\/mesa-plataforma-6-pessoas.jpg","articleSection":["_destaque-moveis-avulsos","Mesas Plataforma","Plataformas de Trabalho"],"inLanguage":"pt-BR","potentialAction":[{"@type":"CommentAction","name":"Comment","target":["https:\/\/lojadocentro.com.br\/moveis\/mesas-plataforma\/mesa-plataforma-6-pessoas-lc\/#respond"]}]},{"@type":"WebPage","@id":"https:\/\/lojadocentro.com.br\/moveis\/mesas-plataforma\/mesa-plataforma-6-pessoas-lc\/","url":"https:\/\/lojadocentro.com.br\/moveis\/mesas-plataforma\/mesa-plataforma-6-pessoas-lc\/","name":"Mesa Plataforma 6 Pessoas | Mesas Plataforma | Loja do Centro |","isPartOf":{"@id":"https:\/\/lojadocentro.com.br\/moveis\/#website"},"primaryImageOfPage":{"@id":"https:\/\/lojadocentro.com.br\/moveis\/mesas-plataforma\/mesa-plataforma-6-pessoas-lc\/#primaryimage"},"image":{"@id":"https:\/\/lojadocentro.com.br\/moveis\/mesas-plataforma\/mesa-plataforma-6-pessoas-lc\/#primaryimage"},"thumbnailUrl":"https:\/\/lojadocentro.com.br\/moveis\/wp-content\/uploads\/2019\/02\/mesa-plataforma-6-pessoas.jpg","datePublished":"2025-07-05T15:00:35+00:00","dateModified":"2026-08-13T20:46:39+00:00","description":"Mesa Plataforma 6 Pessoas. Clean, atual, tecnol\u00f3gica. Dispon\u00edvel em v\u00e1rias medidas e cores. Com caixas individuais de conectividade,","breadcrumb":{"@id":"https:\/\/lojadocentro.com.br\/moveis\/mesas-plataforma\/mesa-plataforma-6-pessoas-lc\/#breadcrumb"},"inLanguage":"pt-BR","potentialAction":[{"@type":"ReadAction","target":["https:\/\/lojadocentro.com.br\/moveis\/mesas-plataforma\/mesa-plataforma-6-pessoas-lc\/"]}]},{"@type":"ImageObject","inLanguage":"pt-BR","@id":"https:\/\/lojadocentro.com.br\/moveis\/mesas-plataforma\/mesa-plataforma-6-pessoas-lc\/#primaryimage","url":"https:\/\/lojadocentro.com.br\/moveis\/wp-content\/uploads\/2019\/02\/mesa-plataforma-6-pessoas.jpg","contentUrl":"https:\/\/lojadocentro.com.br\/moveis\/wp-content\/uploads\/2019\/02\/mesa-plataforma-6-pessoas.jpg","width":1000,"height":583,"caption":"Mesa Plataforma 6 Pessoas em SP, Esta\u00e7\u00e3o de Trabalho SP"},{"@type":"BreadcrumbList","@id":"https:\/\/lojadocentro.com.br\/moveis\/mesas-plataforma\/mesa-plataforma-6-pessoas-lc\/#breadcrumb","itemListElement":[{"@type":"ListItem","position":1,"name":"In\u00edcio","item":"https:\/\/lojadocentro.com.br\/moveis\/"},{"@type":"ListItem","position":2,"name":"Mesa Plataforma 6 Pessoas LC"}]},{"@type":"WebSite","@id":"https:\/\/lojadocentro.com.br\/moveis\/#website","url":"https:\/\/lojadocentro.com.br\/moveis\/","name":"M\u00f3veis para Escrit\u00f3rio - Loja do Centro","description":"Loja de M\u00f3veis para Escrit\u00f3rio","publisher":{"@id":"https:\/\/lojadocentro.com.br\/moveis\/#organization"},"potentialAction":[{"@type":"SearchAction","target":{"@type":"EntryPoint","urlTemplate":"https:\/\/lojadocentro.com.br\/moveis\/?s={search_term_string}"},"query-input":{"@type":"PropertyValueSpecification","valueRequired":true,"valueName":"search_term_string"}}],"inLanguage":"pt-BR"},{"@type":"Organization","@id":"https:\/\/lojadocentro.com.br\/moveis\/#organization","name":"M\u00f3veis para Escrit\u00f3rio Loja do Centro","url":"https:\/\/lojadocentro.com.br\/moveis\/","logo":{"@type":"ImageObject","inLanguage":"pt-BR","@id":"https:\/\/lojadocentro.com.br\/moveis\/#\/schema\/logo\/image\/","url":"https:\/\/www.lojadocentro.com.br\/moveis\/wp-content\/uploads\/2015\/12\/moveis-para-escritorio-loja-do-centro-logo.jpg","contentUrl":"https:\/\/www.lojadocentro.com.br\/moveis\/wp-content\/uploads\/2015\/12\/moveis-para-escritorio-loja-do-centro-logo.jpg","width":275,"height":120,"caption":"M\u00f3veis para Escrit\u00f3rio Loja do Centro"},"image":{"@id":"https:\/\/lojadocentro.com.br\/moveis\/#\/schema\/logo\/image\/"}},{"@type":"Person","@id":"https:\/\/lojadocentro.com.br\/moveis\/#\/schema\/person\/d1d93a97964ef2dcfb9cb8d5db75d0f9","name":"Ana","sameAs":["http:\/\/www.lojadocentro.com.br"]}]}},"_links":{"self":[{"href":"https:\/\/lojadocentro.com.br\/moveis\/wp-json\/wp\/v2\/posts\/56717","targetHints":{"allow":["GET"]}}],"collection":[{"href":"https:\/\/lojadocentro.com.br\/moveis\/wp-json\/wp\/v2\/posts"}],"about":[{"href":"https:\/\/lojadocentro.com.br\/moveis\/wp-json\/wp\/v2\/types\/post"}],"author":[{"embeddable":true,"href":"https:\/\/lojadocentro.com.br\/moveis\/wp-json\/wp\/v2\/users\/2"}],"replies":[{"embeddable":true,"href":"https:\/\/lojadocentro.com.br\/moveis\/wp-json\/wp\/v2\/comments?post=56717"}],"version-history":[{"count":2,"href":"https:\/\/lojadocentro.com.br\/moveis\/wp-json\/wp\/v2\/posts\/56717\/revisions"}],"predecessor-version":[{"id":62315,"href":"https:\/\/lojadocentro.com.br\/moveis\/wp-json\/wp\/v2\/posts\/56717\/revisions\/62315"}],"wp:featuredmedia":[{"embeddable":true,"href":"https:\/\/lojadocentro.com.br\/moveis\/wp-json\/wp\/v2\/media\/56718"}],"wp:attachment":[{"href":"https:\/\/lojadocentro.com.br\/moveis\/wp-json\/wp\/v2\/media?parent=56717"}],"wp:term":[{"taxonomy":"category","embeddable":true,"href":"https:\/\/lojadocentro.com.br\/moveis\/wp-json\/wp\/v2\/categories?post=56717"},{"taxonomy":"post_tag","embeddable":true,"href":"https:\/\/lojadocentro.com.br\/moveis\/wp-json\/wp\/v2\/tags?post=56717"},{"taxonomy":"segmentos","embeddable":true,"href":"https:\/\/lojadocentro.com.br\/moveis\/wp-json\/wp\/v2\/segmentos?post=56717"}],"curies":[{"name":"wp","href":"https:\/\/api.w.org\/{rel}","templated":true}]}}