{"id":56976,"date":"2019-04-29T16:25:15","date_gmt":"2019-04-29T19:25:15","guid":{"rendered":"https:\/\/www.lojadocentro.com.br\/moveis\/?p=56976"},"modified":"2026-08-21T09:44:18","modified_gmt":"2026-08-21T12:44:18","slug":"cadeira-presidente-wood-2","status":"publish","type":"post","link":"https:\/\/lojadocentro.com.br\/moveis\/cadeira-presidente\/cadeira-presidente-wood-2\/","title":{"rendered":"Cadeira Presidente Wood"},"content":{"rendered":"<h1>Cadeira Presidente Wood Black 100% nacional, inspirada no modelo cl\u00e1ssico dos designers Charles e Eames. Estofada com contra encosto em madeira! <!--more--><\/h1>\n<h3><\/h3>\n<h3>Muito charme e conforto!<\/h3>\n<p>Uma cadeira de escrit\u00f3rio que \u00e9 uma verdadeira poltrona, com estofado confort\u00e1vel, espuma farta, todo costurado, contra-encosto em madeira.<\/p>\n<h3>Poltrona de escrit\u00f3rio com design universal<\/h3>\n<p>Trata-se de uma <strong>cadeira alta para escrit\u00f3rio<\/strong> confortabil\u00edssima e com design inspirado na famosa cadeira Charles e Eames.<br \/>\nIndicada para voc\u00ea que procura para o seu escrit\u00f3rio pe\u00e7as referenciadas no design universalmente reconhecido.<\/p>\n<h3>Voc\u00ea escolhe os acabamentos &#8211; por ser fabricada aqui e ser 100% nacional:<\/h3>\n<ul>\n<li>Revestimento em v\u00e1rias cores<\/li>\n<li>Estrela preta ou cromada<\/li>\n<li>Voc\u00ea escolhe o tipo de rod\u00edzio<\/li>\n<li>Bra\u00e7os pretos ou cromados<\/li>\n<\/ul>\n<p>Na mesma linha voc\u00ea encontra tamb\u00e9m a Cadeira de Escrit\u00f3rio Wood Diretor e tamb\u00e9m a Cadeira de Escrit\u00f3rio Wood Fixa Di\u00e1logo (para o cliente ou interlocutor)<\/p>\n<p>Conhe\u00e7a tamb\u00e9m algumas <a href=\"https:\/\/www.lojadocentro.com.br\/moveis\/mesas-para-escritorio\/mesas-para-diretoria\/\">mesas executivas<\/a> e tamb\u00e9m <a href=\"https:\/\/lojadocentro.com.br\/moveis\/mesas-para-escritorio\/mesas-para-reuniao\/\">mesas de reuni\u00e3o<\/a> para compor com a sua cadeira.<\/p>\n<p>&nbsp;<\/p>\n<p><img fetchpriority=\"high\" decoding=\"async\" class=\"alignnone size-full wp-image-56977\" src=\"https:\/\/www.lojadocentro.com.br\/moveis\/wp-content\/uploads\/2019\/04\/cadeira-presidente-wood-black.jpg\" alt=\"Cadeira Presidente Wood Black SP, Cadeira Presidente Wood Black em SP\" width=\"673\" height=\"505\" srcset=\"https:\/\/lojadocentro.com.br\/moveis\/wp-content\/uploads\/2019\/04\/cadeira-presidente-wood-black.jpg 673w, https:\/\/lojadocentro.com.br\/moveis\/wp-content\/uploads\/2019\/04\/cadeira-presidente-wood-black-200x150.jpg 200w, https:\/\/lojadocentro.com.br\/moveis\/wp-content\/uploads\/2019\/04\/cadeira-presidente-wood-black-300x225.jpg 300w, https:\/\/lojadocentro.com.br\/moveis\/wp-content\/uploads\/2019\/04\/cadeira-presidente-wood-black-400x300.jpg 400w, https:\/\/lojadocentro.com.br\/moveis\/wp-content\/uploads\/2019\/04\/cadeira-presidente-wood-black-463x348.jpg 463w\" sizes=\"(max-width: 673px) 100vw, 673px\" \/><\/p>\n<p><img decoding=\"async\" class=\"alignnone size-full wp-image-62346\" src=\"https:\/\/lojadocentro.com.br\/moveis\/wp-content\/uploads\/2019\/04\/cadeira-presidente-para-reuniao.jpg\" alt=\"Cadeira Presidente para Reuni\u00e3o\" width=\"746\" height=\"766\" srcset=\"https:\/\/lojadocentro.com.br\/moveis\/wp-content\/uploads\/2019\/04\/cadeira-presidente-para-reuniao.jpg 746w, https:\/\/lojadocentro.com.br\/moveis\/wp-content\/uploads\/2019\/04\/cadeira-presidente-para-reuniao-292x300.jpg 292w, https:\/\/lojadocentro.com.br\/moveis\/wp-content\/uploads\/2019\/04\/cadeira-presidente-para-reuniao-195x200.jpg 195w\" sizes=\"(max-width: 746px) 100vw, 746px\" \/><\/p>\n<p>&nbsp;<\/p>\n","protected":false},"excerpt":{"rendered":"<p>Cadeira Presidente Wood Black 100% nacional, inspirada no modelo cl\u00e1ssico dos designers Charles e Eames. Estofada com contra encosto em madeira!<\/p>\n","protected":false},"author":2,"featured_media":56978,"comment_status":"open","ping_status":"open","sticky":false,"template":"","format":"standard","meta":{"_exactmetrics_skip_tracking":false,"site-sidebar-layout":"default","site-content-layout":"","ast-site-content-layout":"default","site-content-style":"default","site-sidebar-style":"default","ast-global-header-display":"","ast-banner-title-visibility":"","ast-main-header-display":"","ast-hfb-above-header-display":"","ast-hfb-below-header-display":"","ast-hfb-mobile-header-display":"","site-post-title":"","ast-breadcrumbs-content":"","ast-featured-img":"","footer-sml-layout":"","theme-transparent-header-meta":"default","adv-header-id-meta":"","stick-header-meta":"default","header-above-stick-meta":"","header-main-stick-meta":"","header-below-stick-meta":"","astra-migrate-meta-layouts":"set","ast-page-background-enabled":"default","ast-page-background-meta":{"desktop":{"background-color":"var(--ast-global-color-4)","background-image":"","background-repeat":"repeat","background-position":"center center","background-size":"auto","background-attachment":"scroll","background-type":"","background-media":"","overlay-type":"","overlay-color":"","overlay-opacity":"","overlay-gradient":""},"tablet":{"background-color":"","background-image":"","background-repeat":"repeat","background-position":"center center","background-size":"auto","background-attachment":"scroll","background-type":"","background-media":"","overlay-type":"","overlay-color":"","overlay-opacity":"","overlay-gradient":""},"mobile":{"background-color":"","background-image":"","background-repeat":"repeat","background-position":"center center","background-size":"auto","background-attachment":"scroll","background-type":"","background-media":"","overlay-type":"","overlay-color":"","overlay-opacity":"","overlay-gradient":""}},"ast-content-background-meta":{"desktop":{"background-color":"var(--ast-global-color-5)","background-image":"","background-repeat":"repeat","background-position":"center center","background-size":"auto","background-attachment":"scroll","background-type":"","background-media":"","overlay-type":"","overlay-color":"","overlay-opacity":"","overlay-gradient":""},"tablet":{"background-color":"var(--ast-global-color-5)","background-image":"","background-repeat":"repeat","background-position":"center center","background-size":"auto","background-attachment":"scroll","background-type":"","background-media":"","overlay-type":"","overlay-color":"","overlay-opacity":"","overlay-gradient":""},"mobile":{"background-color":"var(--ast-global-color-5)","background-image":"","background-repeat":"repeat","background-position":"center center","background-size":"auto","background-attachment":"scroll","background-type":"","background-media":"","overlay-type":"","overlay-color":"","overlay-opacity":"","overlay-gradient":""}},"footnotes":""},"categories":[124,73,97,98],"tags":[1048,288,1047,293,426],"segmentos":[391,292,265,266],"class_list":["post-56976","post","type-post","status-publish","format-standard","has-post-thumbnail","hentry","category-cadeira-presidente","category-cadeiras-top","category-_destaque","category-_destaque-cadeiras","tag-concha-em-madeira","tag-design","tag-fabricacao-100-nacional","tag-varias-cores","tag-varios-acabamentos","segmentos-cadeiras-para-mesa-de-reuniao","segmentos-moveis-corporativos-premium","segmentos-moveis-para-advogados","segmentos-moveis-para-consultorios"],"yoast_head":"<!-- This site is optimized with the Yoast SEO plugin v28.2 - https:\/\/yoast.com\/product\/yoast-seo-wordpress\/ -->\n<title>Cadeira Presidente Wood - M\u00f3veis para Escrit\u00f3rio - Loja do Centro<\/title>\n<meta name=\"description\" content=\"Cadeira Presidente Wood Black, uma poltrona presidente com design universalmente reconhecido, 100% nacional, acabamentos \u00e0 sua escolha.\" \/>\n<meta name=\"robots\" content=\"index, follow, max-snippet:-1, max-image-preview:large, max-video-preview:-1\" \/>\n<link rel=\"canonical\" href=\"https:\/\/lojadocentro.com.br\/moveis\/cadeira-presidente\/cadeira-presidente-wood-2\/\" \/>\n<meta property=\"og:locale\" content=\"pt_BR\" \/>\n<meta property=\"og:type\" content=\"article\" \/>\n<meta property=\"og:title\" content=\"Cadeira Presidente Wood - M\u00f3veis para Escrit\u00f3rio - Loja do Centro\" \/>\n<meta property=\"og:description\" content=\"Cadeira Presidente Wood Black, uma poltrona presidente com design universalmente reconhecido, 100% nacional, acabamentos \u00e0 sua escolha.\" \/>\n<meta property=\"og:url\" content=\"https:\/\/lojadocentro.com.br\/moveis\/cadeira-presidente\/cadeira-presidente-wood-2\/\" \/>\n<meta property=\"og:site_name\" content=\"M\u00f3veis para Escrit\u00f3rio - Loja do Centro\" \/>\n<meta property=\"article:published_time\" content=\"2019-04-29T19:25:15+00:00\" \/>\n<meta property=\"article:modified_time\" content=\"2026-08-21T12:44:18+00:00\" \/>\n<meta property=\"og:image\" content=\"https:\/\/lojadocentro.com.br\/moveis\/wp-content\/uploads\/2019\/04\/cadeira-presidente-wood-black-1.jpg\" \/>\n\t<meta property=\"og:image:width\" content=\"460\" \/>\n\t<meta property=\"og:image:height\" content=\"460\" \/>\n\t<meta property=\"og:image:type\" content=\"image\/jpeg\" \/>\n<meta name=\"author\" content=\"Ana\" \/>\n<meta name=\"twitter:card\" content=\"summary_large_image\" \/>\n<meta name=\"twitter:label1\" content=\"Escrito por\" \/>\n\t<meta name=\"twitter:data1\" content=\"Ana\" \/>\n\t<meta name=\"twitter:label2\" content=\"Est. tempo de leitura\" \/>\n\t<meta name=\"twitter:data2\" content=\"2 minutos\" \/>\n<script type=\"application\/ld+json\" class=\"yoast-schema-graph\">{\"@context\":\"https:\\\/\\\/schema.org\",\"@graph\":[{\"@type\":\"Article\",\"@id\":\"https:\\\/\\\/lojadocentro.com.br\\\/moveis\\\/cadeira-presidente\\\/cadeira-presidente-wood-2\\\/#article\",\"isPartOf\":{\"@id\":\"https:\\\/\\\/lojadocentro.com.br\\\/moveis\\\/cadeira-presidente\\\/cadeira-presidente-wood-2\\\/\"},\"author\":{\"name\":\"Ana\",\"@id\":\"https:\\\/\\\/lojadocentro.com.br\\\/moveis\\\/#\\\/schema\\\/person\\\/d1d93a97964ef2dcfb9cb8d5db75d0f9\"},\"headline\":\"Cadeira Presidente Wood\",\"datePublished\":\"2019-04-29T19:25:15+00:00\",\"dateModified\":\"2026-08-21T12:44:18+00:00\",\"mainEntityOfPage\":{\"@id\":\"https:\\\/\\\/lojadocentro.com.br\\\/moveis\\\/cadeira-presidente\\\/cadeira-presidente-wood-2\\\/\"},\"wordCount\":178,\"commentCount\":0,\"publisher\":{\"@id\":\"https:\\\/\\\/lojadocentro.com.br\\\/moveis\\\/#organization\"},\"image\":{\"@id\":\"https:\\\/\\\/lojadocentro.com.br\\\/moveis\\\/cadeira-presidente\\\/cadeira-presidente-wood-2\\\/#primaryimage\"},\"thumbnailUrl\":\"https:\\\/\\\/lojadocentro.com.br\\\/moveis\\\/wp-content\\\/uploads\\\/2019\\\/04\\\/cadeira-presidente-wood-black-1.jpg\",\"keywords\":[\"Concha em madeira\",\"design\",\"Fabrica\u00e7\u00e3o 100% nacional\",\"v\u00e1rias cores\",\"v\u00e1rios acabamentos\"],\"articleSection\":[\"Cadeira Presidente\",\"Cadeiras Top\",\"Destaque\",\"Destaque Cadeiras\"],\"inLanguage\":\"pt-BR\",\"potentialAction\":[{\"@type\":\"CommentAction\",\"name\":\"Comment\",\"target\":[\"https:\\\/\\\/lojadocentro.com.br\\\/moveis\\\/cadeira-presidente\\\/cadeira-presidente-wood-2\\\/#respond\"]}]},{\"@type\":\"WebPage\",\"@id\":\"https:\\\/\\\/lojadocentro.com.br\\\/moveis\\\/cadeira-presidente\\\/cadeira-presidente-wood-2\\\/\",\"url\":\"https:\\\/\\\/lojadocentro.com.br\\\/moveis\\\/cadeira-presidente\\\/cadeira-presidente-wood-2\\\/\",\"name\":\"Cadeira Presidente Wood - M\u00f3veis para Escrit\u00f3rio - Loja do Centro\",\"isPartOf\":{\"@id\":\"https:\\\/\\\/lojadocentro.com.br\\\/moveis\\\/#website\"},\"primaryImageOfPage\":{\"@id\":\"https:\\\/\\\/lojadocentro.com.br\\\/moveis\\\/cadeira-presidente\\\/cadeira-presidente-wood-2\\\/#primaryimage\"},\"image\":{\"@id\":\"https:\\\/\\\/lojadocentro.com.br\\\/moveis\\\/cadeira-presidente\\\/cadeira-presidente-wood-2\\\/#primaryimage\"},\"thumbnailUrl\":\"https:\\\/\\\/lojadocentro.com.br\\\/moveis\\\/wp-content\\\/uploads\\\/2019\\\/04\\\/cadeira-presidente-wood-black-1.jpg\",\"datePublished\":\"2019-04-29T19:25:15+00:00\",\"dateModified\":\"2026-08-21T12:44:18+00:00\",\"description\":\"Cadeira Presidente Wood Black, uma poltrona presidente com design universalmente reconhecido, 100% nacional, acabamentos \u00e0 sua escolha.\",\"breadcrumb\":{\"@id\":\"https:\\\/\\\/lojadocentro.com.br\\\/moveis\\\/cadeira-presidente\\\/cadeira-presidente-wood-2\\\/#breadcrumb\"},\"inLanguage\":\"pt-BR\",\"potentialAction\":[{\"@type\":\"ReadAction\",\"target\":[\"https:\\\/\\\/lojadocentro.com.br\\\/moveis\\\/cadeira-presidente\\\/cadeira-presidente-wood-2\\\/\"]}]},{\"@type\":\"ImageObject\",\"inLanguage\":\"pt-BR\",\"@id\":\"https:\\\/\\\/lojadocentro.com.br\\\/moveis\\\/cadeira-presidente\\\/cadeira-presidente-wood-2\\\/#primaryimage\",\"url\":\"https:\\\/\\\/lojadocentro.com.br\\\/moveis\\\/wp-content\\\/uploads\\\/2019\\\/04\\\/cadeira-presidente-wood-black-1.jpg\",\"contentUrl\":\"https:\\\/\\\/lojadocentro.com.br\\\/moveis\\\/wp-content\\\/uploads\\\/2019\\\/04\\\/cadeira-presidente-wood-black-1.jpg\",\"width\":460,\"height\":460,\"caption\":\"Cadeira Presidente Wood Black em SP, Cadeira Presidente Wood Black SP\"},{\"@type\":\"BreadcrumbList\",\"@id\":\"https:\\\/\\\/lojadocentro.com.br\\\/moveis\\\/cadeira-presidente\\\/cadeira-presidente-wood-2\\\/#breadcrumb\",\"itemListElement\":[{\"@type\":\"ListItem\",\"position\":1,\"name\":\"In\u00edcio\",\"item\":\"https:\\\/\\\/lojadocentro.com.br\\\/moveis\\\/\"},{\"@type\":\"ListItem\",\"position\":2,\"name\":\"Cadeira Presidente Wood\"}]},{\"@type\":\"WebSite\",\"@id\":\"https:\\\/\\\/lojadocentro.com.br\\\/moveis\\\/#website\",\"url\":\"https:\\\/\\\/lojadocentro.com.br\\\/moveis\\\/\",\"name\":\"M\u00f3veis para Escrit\u00f3rio - Loja do Centro\",\"description\":\"Loja de M\u00f3veis para Escrit\u00f3rio\",\"publisher\":{\"@id\":\"https:\\\/\\\/lojadocentro.com.br\\\/moveis\\\/#organization\"},\"potentialAction\":[{\"@type\":\"SearchAction\",\"target\":{\"@type\":\"EntryPoint\",\"urlTemplate\":\"https:\\\/\\\/lojadocentro.com.br\\\/moveis\\\/?s={search_term_string}\"},\"query-input\":{\"@type\":\"PropertyValueSpecification\",\"valueRequired\":true,\"valueName\":\"search_term_string\"}}],\"inLanguage\":\"pt-BR\"},{\"@type\":\"Organization\",\"@id\":\"https:\\\/\\\/lojadocentro.com.br\\\/moveis\\\/#organization\",\"name\":\"M\u00f3veis para Escrit\u00f3rio Loja do Centro\",\"url\":\"https:\\\/\\\/lojadocentro.com.br\\\/moveis\\\/\",\"logo\":{\"@type\":\"ImageObject\",\"inLanguage\":\"pt-BR\",\"@id\":\"https:\\\/\\\/lojadocentro.com.br\\\/moveis\\\/#\\\/schema\\\/logo\\\/image\\\/\",\"url\":\"https:\\\/\\\/www.lojadocentro.com.br\\\/moveis\\\/wp-content\\\/uploads\\\/2015\\\/12\\\/moveis-para-escritorio-loja-do-centro-logo.jpg\",\"contentUrl\":\"https:\\\/\\\/www.lojadocentro.com.br\\\/moveis\\\/wp-content\\\/uploads\\\/2015\\\/12\\\/moveis-para-escritorio-loja-do-centro-logo.jpg\",\"width\":275,\"height\":120,\"caption\":\"M\u00f3veis para Escrit\u00f3rio Loja do Centro\"},\"image\":{\"@id\":\"https:\\\/\\\/lojadocentro.com.br\\\/moveis\\\/#\\\/schema\\\/logo\\\/image\\\/\"}},{\"@type\":\"Person\",\"@id\":\"https:\\\/\\\/lojadocentro.com.br\\\/moveis\\\/#\\\/schema\\\/person\\\/d1d93a97964ef2dcfb9cb8d5db75d0f9\",\"name\":\"Ana\",\"sameAs\":[\"http:\\\/\\\/www.lojadocentro.com.br\"]}]}<\/script>\n<!-- \/ Yoast SEO plugin. -->","yoast_head_json":{"title":"Cadeira Presidente Wood - M\u00f3veis para Escrit\u00f3rio - Loja do Centro","description":"Cadeira Presidente Wood Black, uma poltrona presidente com design universalmente reconhecido, 100% nacional, acabamentos \u00e0 sua escolha.","robots":{"index":"index","follow":"follow","max-snippet":"max-snippet:-1","max-image-preview":"max-image-preview:large","max-video-preview":"max-video-preview:-1"},"canonical":"https:\/\/lojadocentro.com.br\/moveis\/cadeira-presidente\/cadeira-presidente-wood-2\/","og_locale":"pt_BR","og_type":"article","og_title":"Cadeira Presidente Wood - M\u00f3veis para Escrit\u00f3rio - Loja do Centro","og_description":"Cadeira Presidente Wood Black, uma poltrona presidente com design universalmente reconhecido, 100% nacional, acabamentos \u00e0 sua escolha.","og_url":"https:\/\/lojadocentro.com.br\/moveis\/cadeira-presidente\/cadeira-presidente-wood-2\/","og_site_name":"M\u00f3veis para Escrit\u00f3rio - Loja do Centro","article_published_time":"2019-04-29T19:25:15+00:00","article_modified_time":"2026-08-21T12:44:18+00:00","og_image":[{"width":460,"height":460,"url":"https:\/\/lojadocentro.com.br\/moveis\/wp-content\/uploads\/2019\/04\/cadeira-presidente-wood-black-1.jpg","type":"image\/jpeg"}],"author":"Ana","twitter_card":"summary_large_image","twitter_misc":{"Escrito por":"Ana","Est. tempo de leitura":"2 minutos"},"schema":{"@context":"https:\/\/schema.org","@graph":[{"@type":"Article","@id":"https:\/\/lojadocentro.com.br\/moveis\/cadeira-presidente\/cadeira-presidente-wood-2\/#article","isPartOf":{"@id":"https:\/\/lojadocentro.com.br\/moveis\/cadeira-presidente\/cadeira-presidente-wood-2\/"},"author":{"name":"Ana","@id":"https:\/\/lojadocentro.com.br\/moveis\/#\/schema\/person\/d1d93a97964ef2dcfb9cb8d5db75d0f9"},"headline":"Cadeira Presidente Wood","datePublished":"2019-04-29T19:25:15+00:00","dateModified":"2026-08-21T12:44:18+00:00","mainEntityOfPage":{"@id":"https:\/\/lojadocentro.com.br\/moveis\/cadeira-presidente\/cadeira-presidente-wood-2\/"},"wordCount":178,"commentCount":0,"publisher":{"@id":"https:\/\/lojadocentro.com.br\/moveis\/#organization"},"image":{"@id":"https:\/\/lojadocentro.com.br\/moveis\/cadeira-presidente\/cadeira-presidente-wood-2\/#primaryimage"},"thumbnailUrl":"https:\/\/lojadocentro.com.br\/moveis\/wp-content\/uploads\/2019\/04\/cadeira-presidente-wood-black-1.jpg","keywords":["Concha em madeira","design","Fabrica\u00e7\u00e3o 100% nacional","v\u00e1rias cores","v\u00e1rios acabamentos"],"articleSection":["Cadeira Presidente","Cadeiras Top","Destaque","Destaque Cadeiras"],"inLanguage":"pt-BR","potentialAction":[{"@type":"CommentAction","name":"Comment","target":["https:\/\/lojadocentro.com.br\/moveis\/cadeira-presidente\/cadeira-presidente-wood-2\/#respond"]}]},{"@type":"WebPage","@id":"https:\/\/lojadocentro.com.br\/moveis\/cadeira-presidente\/cadeira-presidente-wood-2\/","url":"https:\/\/lojadocentro.com.br\/moveis\/cadeira-presidente\/cadeira-presidente-wood-2\/","name":"Cadeira Presidente Wood - M\u00f3veis para Escrit\u00f3rio - Loja do Centro","isPartOf":{"@id":"https:\/\/lojadocentro.com.br\/moveis\/#website"},"primaryImageOfPage":{"@id":"https:\/\/lojadocentro.com.br\/moveis\/cadeira-presidente\/cadeira-presidente-wood-2\/#primaryimage"},"image":{"@id":"https:\/\/lojadocentro.com.br\/moveis\/cadeira-presidente\/cadeira-presidente-wood-2\/#primaryimage"},"thumbnailUrl":"https:\/\/lojadocentro.com.br\/moveis\/wp-content\/uploads\/2019\/04\/cadeira-presidente-wood-black-1.jpg","datePublished":"2019-04-29T19:25:15+00:00","dateModified":"2026-08-21T12:44:18+00:00","description":"Cadeira Presidente Wood Black, uma poltrona presidente com design universalmente reconhecido, 100% nacional, acabamentos \u00e0 sua escolha.","breadcrumb":{"@id":"https:\/\/lojadocentro.com.br\/moveis\/cadeira-presidente\/cadeira-presidente-wood-2\/#breadcrumb"},"inLanguage":"pt-BR","potentialAction":[{"@type":"ReadAction","target":["https:\/\/lojadocentro.com.br\/moveis\/cadeira-presidente\/cadeira-presidente-wood-2\/"]}]},{"@type":"ImageObject","inLanguage":"pt-BR","@id":"https:\/\/lojadocentro.com.br\/moveis\/cadeira-presidente\/cadeira-presidente-wood-2\/#primaryimage","url":"https:\/\/lojadocentro.com.br\/moveis\/wp-content\/uploads\/2019\/04\/cadeira-presidente-wood-black-1.jpg","contentUrl":"https:\/\/lojadocentro.com.br\/moveis\/wp-content\/uploads\/2019\/04\/cadeira-presidente-wood-black-1.jpg","width":460,"height":460,"caption":"Cadeira Presidente Wood Black em SP, Cadeira Presidente Wood Black SP"},{"@type":"BreadcrumbList","@id":"https:\/\/lojadocentro.com.br\/moveis\/cadeira-presidente\/cadeira-presidente-wood-2\/#breadcrumb","itemListElement":[{"@type":"ListItem","position":1,"name":"In\u00edcio","item":"https:\/\/lojadocentro.com.br\/moveis\/"},{"@type":"ListItem","position":2,"name":"Cadeira Presidente Wood"}]},{"@type":"WebSite","@id":"https:\/\/lojadocentro.com.br\/moveis\/#website","url":"https:\/\/lojadocentro.com.br\/moveis\/","name":"M\u00f3veis para Escrit\u00f3rio - Loja do Centro","description":"Loja de M\u00f3veis para Escrit\u00f3rio","publisher":{"@id":"https:\/\/lojadocentro.com.br\/moveis\/#organization"},"potentialAction":[{"@type":"SearchAction","target":{"@type":"EntryPoint","urlTemplate":"https:\/\/lojadocentro.com.br\/moveis\/?s={search_term_string}"},"query-input":{"@type":"PropertyValueSpecification","valueRequired":true,"valueName":"search_term_string"}}],"inLanguage":"pt-BR"},{"@type":"Organization","@id":"https:\/\/lojadocentro.com.br\/moveis\/#organization","name":"M\u00f3veis para Escrit\u00f3rio Loja do Centro","url":"https:\/\/lojadocentro.com.br\/moveis\/","logo":{"@type":"ImageObject","inLanguage":"pt-BR","@id":"https:\/\/lojadocentro.com.br\/moveis\/#\/schema\/logo\/image\/","url":"https:\/\/www.lojadocentro.com.br\/moveis\/wp-content\/uploads\/2015\/12\/moveis-para-escritorio-loja-do-centro-logo.jpg","contentUrl":"https:\/\/www.lojadocentro.com.br\/moveis\/wp-content\/uploads\/2015\/12\/moveis-para-escritorio-loja-do-centro-logo.jpg","width":275,"height":120,"caption":"M\u00f3veis para Escrit\u00f3rio Loja do Centro"},"image":{"@id":"https:\/\/lojadocentro.com.br\/moveis\/#\/schema\/logo\/image\/"}},{"@type":"Person","@id":"https:\/\/lojadocentro.com.br\/moveis\/#\/schema\/person\/d1d93a97964ef2dcfb9cb8d5db75d0f9","name":"Ana","sameAs":["http:\/\/www.lojadocentro.com.br"]}]}},"_links":{"self":[{"href":"https:\/\/lojadocentro.com.br\/moveis\/wp-json\/wp\/v2\/posts\/56976","targetHints":{"allow":["GET"]}}],"collection":[{"href":"https:\/\/lojadocentro.com.br\/moveis\/wp-json\/wp\/v2\/posts"}],"about":[{"href":"https:\/\/lojadocentro.com.br\/moveis\/wp-json\/wp\/v2\/types\/post"}],"author":[{"embeddable":true,"href":"https:\/\/lojadocentro.com.br\/moveis\/wp-json\/wp\/v2\/users\/2"}],"replies":[{"embeddable":true,"href":"https:\/\/lojadocentro.com.br\/moveis\/wp-json\/wp\/v2\/comments?post=56976"}],"version-history":[{"count":4,"href":"https:\/\/lojadocentro.com.br\/moveis\/wp-json\/wp\/v2\/posts\/56976\/revisions"}],"predecessor-version":[{"id":62349,"href":"https:\/\/lojadocentro.com.br\/moveis\/wp-json\/wp\/v2\/posts\/56976\/revisions\/62349"}],"wp:featuredmedia":[{"embeddable":true,"href":"https:\/\/lojadocentro.com.br\/moveis\/wp-json\/wp\/v2\/media\/56978"}],"wp:attachment":[{"href":"https:\/\/lojadocentro.com.br\/moveis\/wp-json\/wp\/v2\/media?parent=56976"}],"wp:term":[{"taxonomy":"category","embeddable":true,"href":"https:\/\/lojadocentro.com.br\/moveis\/wp-json\/wp\/v2\/categories?post=56976"},{"taxonomy":"post_tag","embeddable":true,"href":"https:\/\/lojadocentro.com.br\/moveis\/wp-json\/wp\/v2\/tags?post=56976"},{"taxonomy":"segmentos","embeddable":true,"href":"https:\/\/lojadocentro.com.br\/moveis\/wp-json\/wp\/v2\/segmentos?post=56976"}],"curies":[{"name":"wp","href":"https:\/\/api.w.org\/{rel}","templated":true}]}}