{"id":57497,"date":"2026-06-30T12:00:04","date_gmt":"2026-06-30T15:00:04","guid":{"rendered":"https:\/\/www.lojadocentro.com.br\/moveis\/?p=57497"},"modified":"2026-06-30T17:20:05","modified_gmt":"2026-06-30T20:20:05","slug":"cadeira-empilhavel-levissima","status":"publish","type":"post","link":"https:\/\/lojadocentro.com.br\/moveis\/cadeiras-e-poltronas-para-escritorio\/cadeira-fixa-visita\/cadeira-empilhavel-levissima\/","title":{"rendered":"Cadeira Empilh\u00e1vel Lev\u00edssima"},"content":{"rendered":"<h1 class=\"PDq2pG_selectionAnchorContainer\" data-section-id=\"bekwv2\" data-start=\"220\" data-end=\"301\">Cadeira Empilh\u00e1vel Lev\u00edssima: Praticidade, Conforto e Excelente Custo-Benef\u00edcio<\/h1>\n<p data-start=\"303\" data-end=\"549\">A <strong data-start=\"392\" data-end=\"424\">Cadeira Empilh\u00e1vel Lev\u00edssima<\/strong> \u00e9 vers\u00e1til, f\u00e1cil de transportar e \u00e9 uma excelente escolha para empresas, salas de treinamento, audit\u00f3rios, recep\u00e7\u00f5es, igrejas, escolas e espa\u00e7os para eventos.<\/p>\n<p data-start=\"551\" data-end=\"734\">Com design moderno e estrutura extremamente leve, ela facilita a organiza\u00e7\u00e3o dos ambientes, permitindo empilhar v\u00e1rias unidades quando n\u00e3o est\u00e3o em uso e liberando espa\u00e7o rapidamente.<\/p>\n<h2 data-section-id=\"3zbwml\" data-start=\"736\" data-end=\"788\">Uma cadeira empilh\u00e1vel leve e f\u00e1cil de movimentar<\/h2>\n<p data-start=\"790\" data-end=\"931\">O grande diferencial da <strong data-start=\"814\" data-end=\"846\">Cadeira Empilh\u00e1vel Lev\u00edssima<\/strong> est\u00e1 em sua estrutura <strong data-start=\"869\" data-end=\"883\">super slim<\/strong>, que reduz o peso sem abrir m\u00e3o da resist\u00eancia e no design que tem estrutura met\u00e1lica cromada com \u00f3timo pre\u00e7o!<\/p>\n<p data-start=\"933\" data-end=\"1097\">Seu desenho facilita o transporte, a montagem de layouts para eventos e a reorganiza\u00e7\u00e3o de salas de reuni\u00e3o ou treinamento, tornando o dia a dia muito mais pr\u00e1tico.<\/p>\n<p data-start=\"1099\" data-end=\"1218\">Para empresas que precisam alterar frequentemente a disposi\u00e7\u00e3o dos ambientes, essa \u00e9 uma solu\u00e7\u00e3o funcional e eficaz.<\/p>\n<h2 data-section-id=\"ltwdyz\" data-start=\"1220\" data-end=\"1249\">Conforto para o uso di\u00e1rio<\/h2>\n<p data-start=\"1251\" data-end=\"1417\">Apesar de ser extremamente leve, esta <strong data-start=\"1289\" data-end=\"1320\">cadeira estofada empilh\u00e1vel<\/strong> oferece conforto para quem permanece sentado durante palestras, cursos e treinamentos.<\/p>\n<p data-start=\"1419\" data-end=\"1596\">O assento e o encosto estofados proporcionam uma experi\u00eancia mais agrad\u00e1vel do que as tradicionais cadeiras pl\u00e1sticas, al\u00e9m de conferir um aspecto mais profissional ao ambiente.<\/p>\n<h2 data-section-id=\"dwkmhj\" data-start=\"1598\" data-end=\"1649\">Estrutura cromada que valoriza qualquer ambiente<\/h2>\n<p data-start=\"1651\" data-end=\"1767\">Outro destaque \u00e9 sua elegante <strong data-start=\"1681\" data-end=\"1702\">estrutura cromada<\/strong>, que combina resist\u00eancia, durabilidade e acabamento sofisticado.<\/p>\n<p data-start=\"1769\" data-end=\"1964\">Seu visual discreto permite harmonizar facilmente com diferentes estilos de decora\u00e7\u00e3o, desde escrit\u00f3rios modernos at\u00e9 salas de espera, consult\u00f3rios, espa\u00e7os corporativos e ambientes educacionais.<\/p>\n<h2 data-section-id=\"1brgvqt\" data-start=\"1966\" data-end=\"2008\">Excelente custo-benef\u00edcio para empresas<\/h2>\n<p data-start=\"2010\" data-end=\"2092\">Quando \u00e9 necess\u00e1rio adquirir v\u00e1rias cadeiras, o investimento faz toda a diferen\u00e7a.<\/p>\n<p data-start=\"2094\" data-end=\"2194\">A <strong data-start=\"2096\" data-end=\"2128\">Cadeira Empilh\u00e1vel Lev\u00edssima<\/strong> oferece um dos melhores custos-benef\u00edcios da categoria, reunindo:<\/p>\n<ul data-start=\"2196\" data-end=\"2362\">\n<li data-section-id=\"r9u1pl\" data-start=\"2196\" data-end=\"2225\">estrutura met\u00e1lica cromada;<\/li>\n<li data-section-id=\"1q76f3u\" data-start=\"2226\" data-end=\"2256\">assento e encosto estofados;<\/li>\n<li data-section-id=\"149q7ke\" data-start=\"2257\" data-end=\"2281\">design leve e moderno;<\/li>\n<li data-section-id=\"1k8k743\" data-start=\"2282\" data-end=\"2321\">facilidade para empilhar e armazenar;<\/li>\n<li data-section-id=\"1a3zqo5\" data-start=\"2348\" data-end=\"2362\">\u00f3timo pre\u00e7o.<\/li>\n<\/ul>\n<p data-start=\"2364\" data-end=\"2457\">\u00c9 uma alternativa inteligente para empresas que buscam qualidade sem ultrapassar o or\u00e7amento.<\/p>\n<h2 data-section-id=\"jddn73\" data-start=\"2459\" data-end=\"2491\">Ideal para diversos ambientes<\/h2>\n<p data-start=\"2493\" data-end=\"2543\">A <strong data-start=\"2495\" data-end=\"2526\">cadeira empilh\u00e1vel estofada<\/strong> \u00e9 indicada para:<\/p>\n<ul data-start=\"2545\" data-end=\"2730\">\n<li data-section-id=\"pa1c3q\" data-start=\"2545\" data-end=\"2568\">salas de treinamento;<\/li>\n<li data-section-id=\"vvibxm\" data-start=\"2589\" data-end=\"2602\">audit\u00f3rios;<\/li>\n<li data-section-id=\"1662jh2\" data-start=\"2603\" data-end=\"2615\">recep\u00e7\u00f5es;<\/li>\n<li data-section-id=\"1pfd5gy\" data-start=\"2616\" data-end=\"2626\">igrejas;<\/li>\n<li data-section-id=\"15xzbt8\" data-start=\"2627\" data-end=\"2653\">posi\u00e7\u00e3o do cliente<\/li>\n<li data-section-id=\"p74cq\" data-start=\"2654\" data-end=\"2680\">cl\u00ednicas e consult\u00f3rios;<\/li>\n<li data-section-id=\"5kco9p\" data-start=\"2681\" data-end=\"2704\">espa\u00e7os para eventos;<\/li>\n<li data-section-id=\"1pbtgbx\" data-start=\"2705\" data-end=\"2730\">ambientes corporativos.<\/li>\n<\/ul>\n<p data-start=\"2732\" data-end=\"2859\">Sua versatilidade permite utilizar o mesmo modelo em diferentes situa\u00e7\u00f5es, mantendo a organiza\u00e7\u00e3o e a padroniza\u00e7\u00e3o do ambiente.<\/p>\n<h2 data-section-id=\"1jahew6\" data-start=\"2861\" data-end=\"2921\">Encontre a Cadeira Empilh\u00e1vel Lev\u00edssima na Loja do Centro<\/h2>\n<p data-start=\"2923\" data-end=\"3134\">Na <strong data-start=\"2926\" data-end=\"2967\">Loja do Centro M\u00f3veis para Escrit\u00f3rio<\/strong>, voc\u00ea encontra a <strong data-start=\"2985\" data-end=\"3017\">Cadeira Empilh\u00e1vel Lev\u00edssima<\/strong> com excelente custo-benef\u00edcio e atendimento especializado para ajudar na escolha da melhor solu\u00e7\u00e3o para sua empresa.<\/p>\n<p data-start=\"3136\" data-end=\"3368\">Al\u00e9m desta op\u00e7\u00e3o, oferecemos uma ampla linha de <strong data-start=\"3184\" data-end=\"3212\">cadeiras para escrit\u00f3rio<\/strong>, <strong data-start=\"3214\" data-end=\"3232\">cadeiras fixas<\/strong>, <strong data-start=\"3234\" data-end=\"3260\">cadeiras para recep\u00e7\u00e3o<\/strong>, <strong data-start=\"3262\" data-end=\"3291\">cadeiras para treinamento<\/strong>, <strong data-start=\"3293\" data-end=\"3320\">cadeiras para audit\u00f3rio<\/strong> e diversos modelos para ambientes corporativos.<\/p>\n<p data-start=\"3370\" data-end=\"3509\">Entre em contato com nossa equipe e solicite um or\u00e7amento. Teremos prazer em ajudar voc\u00ea a encontrar as cadeiras ideais para o seu projeto.<\/p>\n<p>Conhe\u00e7a nossas <a href=\"https:\/\/www.lojadocentro.com.br\/moveis\/mesas-para-escritorio\/mesas-para-treinamento\/\">mesas de treinamento<\/a> que podem combinar muito com suas cadeiras lev\u00edssimas.<br \/>\nEntre em contato conosco e pe\u00e7a j\u00e1 a sua!<\/p>\n<div><strong>PABX Televendas 11 3242-3536<\/strong><\/div>\n<div><strong>WhatsApp Televendas 11 98426-0592<\/strong><\/div>\n<div><strong>WhatsApp Televendas 11 97673-1274<\/strong><\/div>\n<div><strong>WhatsApp Projetos: 11 95841-2166<\/strong><\/div>\n<div><img fetchpriority=\"high\" decoding=\"async\" class=\"alignnone size-full wp-image-62023\" src=\"https:\/\/lojadocentro.com.br\/moveis\/wp-content\/uploads\/2018\/08\/cadeira-empilhavel-levissima.jpg\" alt=\"Cadeira Empilhavel Estofada, em S\u00e3o Paulo\" width=\"820\" height=\"640\" srcset=\"https:\/\/lojadocentro.com.br\/moveis\/wp-content\/uploads\/2018\/08\/cadeira-empilhavel-levissima.jpg 820w, https:\/\/lojadocentro.com.br\/moveis\/wp-content\/uploads\/2018\/08\/cadeira-empilhavel-levissima-300x234.jpg 300w, https:\/\/lojadocentro.com.br\/moveis\/wp-content\/uploads\/2018\/08\/cadeira-empilhavel-levissima-200x156.jpg 200w, https:\/\/lojadocentro.com.br\/moveis\/wp-content\/uploads\/2018\/08\/cadeira-empilhavel-levissima-768x599.jpg 768w\" sizes=\"(max-width: 820px) 100vw, 820px\" \/><\/div>\n<p>&nbsp;<\/p>\n","protected":false},"excerpt":{"rendered":"<p>Cadeira Empilh\u00e1vel Lev\u00edssima: Praticidade, Conforto e Excelente Custo-Benef\u00edcio A Cadeira Empilh\u00e1vel Lev\u00edssima \u00e9 vers\u00e1til, f\u00e1cil de transportar e \u00e9 uma excelente escolha para empresas, salas de treinamento, audit\u00f3rios, recep\u00e7\u00f5es, igrejas, escolas e espa\u00e7os para eventos. Com design moderno e estrutura extremamente leve, ela facilita a organiza\u00e7\u00e3o dos ambientes, permitindo empilhar v\u00e1rias unidades quando n\u00e3o est\u00e3o [&hellip;]<\/p>\n","protected":false},"author":2,"featured_media":62026,"comment_status":"open","ping_status":"open","sticky":false,"template":"","format":"standard","meta":{"_exactmetrics_skip_tracking":false,"site-sidebar-layout":"default","site-content-layout":"","ast-site-content-layout":"default","site-content-style":"default","site-sidebar-style":"default","ast-global-header-display":"","ast-banner-title-visibility":"","ast-main-header-display":"","ast-hfb-above-header-display":"","ast-hfb-below-header-display":"","ast-hfb-mobile-header-display":"","site-post-title":"","ast-breadcrumbs-content":"","ast-featured-img":"","footer-sml-layout":"","theme-transparent-header-meta":"default","adv-header-id-meta":"","stick-header-meta":"default","header-above-stick-meta":"","header-main-stick-meta":"","header-below-stick-meta":"","astra-migrate-meta-layouts":"set","ast-page-background-enabled":"default","ast-page-background-meta":{"desktop":{"background-color":"var(--ast-global-color-4)","background-image":"","background-repeat":"repeat","background-position":"center center","background-size":"auto","background-attachment":"scroll","background-type":"","background-media":"","overlay-type":"","overlay-color":"","overlay-opacity":"","overlay-gradient":""},"tablet":{"background-color":"","background-image":"","background-repeat":"repeat","background-position":"center center","background-size":"auto","background-attachment":"scroll","background-type":"","background-media":"","overlay-type":"","overlay-color":"","overlay-opacity":"","overlay-gradient":""},"mobile":{"background-color":"","background-image":"","background-repeat":"repeat","background-position":"center center","background-size":"auto","background-attachment":"scroll","background-type":"","background-media":"","overlay-type":"","overlay-color":"","overlay-opacity":"","overlay-gradient":""}},"ast-content-background-meta":{"desktop":{"background-color":"var(--ast-global-color-5)","background-image":"","background-repeat":"repeat","background-position":"center center","background-size":"auto","background-attachment":"scroll","background-type":"","background-media":"","overlay-type":"","overlay-color":"","overlay-opacity":"","overlay-gradient":""},"tablet":{"background-color":"var(--ast-global-color-5)","background-image":"","background-repeat":"repeat","background-position":"center center","background-size":"auto","background-attachment":"scroll","background-type":"","background-media":"","overlay-type":"","overlay-color":"","overlay-opacity":"","overlay-gradient":""},"mobile":{"background-color":"var(--ast-global-color-5)","background-image":"","background-repeat":"repeat","background-position":"center center","background-size":"auto","background-attachment":"scroll","background-type":"","background-media":"","overlay-type":"","overlay-color":"","overlay-opacity":"","overlay-gradient":""}},"footnotes":""},"categories":[245,243],"tags":[],"segmentos":[267,269],"class_list":["post-57497","post","type-post","status-publish","format-standard","has-post-thumbnail","hentry","category-cadeira-empilhavel","category-cadeira-fixa-visita","segmentos-moveis-para-coworking","segmentos-moveis-para-treinamento"],"yoast_head":"<!-- This site is optimized with the Yoast SEO plugin v28.2 - https:\/\/yoast.com\/product\/yoast-seo-wordpress\/ -->\n<title>Cadeira Empilh\u00e1vel Lev\u00edssima | Cadeira Empilh\u00e1vel | Loja do Centro<\/title>\n<meta name=\"description\" content=\"Cadeira Fixa Empilh\u00e1vel Lev\u00edssima, confort\u00e1vel, estofada, slim, com estrutura met\u00e1lica cromada, vers\u00e1til, multi-uso e com \u00f3timo pre\u00e7o.\" \/>\n<meta name=\"robots\" content=\"index, follow, max-snippet:-1, max-image-preview:large, max-video-preview:-1\" \/>\n<link rel=\"canonical\" href=\"https:\/\/lojadocentro.com.br\/moveis\/cadeiras-e-poltronas-para-escritorio\/cadeira-fixa-visita\/cadeira-empilhavel-levissima\/\" \/>\n<meta property=\"og:locale\" content=\"pt_BR\" \/>\n<meta property=\"og:type\" content=\"article\" \/>\n<meta property=\"og:title\" content=\"Cadeira Empilh\u00e1vel Lev\u00edssima | Cadeira Empilh\u00e1vel | Loja do Centro\" \/>\n<meta property=\"og:description\" content=\"Cadeira Fixa Empilh\u00e1vel Lev\u00edssima, confort\u00e1vel, estofada, slim, com estrutura met\u00e1lica cromada, vers\u00e1til, multi-uso e com \u00f3timo pre\u00e7o.\" \/>\n<meta property=\"og:url\" content=\"https:\/\/lojadocentro.com.br\/moveis\/cadeiras-e-poltronas-para-escritorio\/cadeira-fixa-visita\/cadeira-empilhavel-levissima\/\" \/>\n<meta property=\"og:site_name\" content=\"M\u00f3veis para Escrit\u00f3rio - Loja do Centro\" \/>\n<meta property=\"article:published_time\" content=\"2026-06-30T15:00:04+00:00\" \/>\n<meta property=\"article:modified_time\" content=\"2026-06-30T20:20:05+00:00\" \/>\n<meta property=\"og:image\" content=\"https:\/\/lojadocentro.com.br\/moveis\/wp-content\/uploads\/2018\/08\/cadeira-empilhavel-levissima-2-1.jpg\" \/>\n\t<meta property=\"og:image:width\" content=\"877\" \/>\n\t<meta property=\"og:image:height\" content=\"888\" \/>\n\t<meta property=\"og:image:type\" content=\"image\/jpeg\" \/>\n<meta name=\"author\" content=\"Ana\" \/>\n<meta name=\"twitter:card\" content=\"summary_large_image\" \/>\n<meta name=\"twitter:label1\" content=\"Escrito por\" \/>\n\t<meta name=\"twitter:data1\" content=\"Ana\" \/>\n\t<meta name=\"twitter:label2\" content=\"Est. tempo de leitura\" \/>\n\t<meta name=\"twitter:data2\" content=\"4 minutos\" \/>\n<script type=\"application\/ld+json\" class=\"yoast-schema-graph\">{\"@context\":\"https:\\\/\\\/schema.org\",\"@graph\":[{\"@type\":\"Article\",\"@id\":\"https:\\\/\\\/lojadocentro.com.br\\\/moveis\\\/cadeiras-e-poltronas-para-escritorio\\\/cadeira-fixa-visita\\\/cadeira-empilhavel-levissima\\\/#article\",\"isPartOf\":{\"@id\":\"https:\\\/\\\/lojadocentro.com.br\\\/moveis\\\/cadeiras-e-poltronas-para-escritorio\\\/cadeira-fixa-visita\\\/cadeira-empilhavel-levissima\\\/\"},\"author\":{\"name\":\"Ana\",\"@id\":\"https:\\\/\\\/lojadocentro.com.br\\\/moveis\\\/#\\\/schema\\\/person\\\/d1d93a97964ef2dcfb9cb8d5db75d0f9\"},\"headline\":\"Cadeira Empilh\u00e1vel Lev\u00edssima\",\"datePublished\":\"2026-06-30T15:00:04+00:00\",\"dateModified\":\"2026-06-30T20:20:05+00:00\",\"mainEntityOfPage\":{\"@id\":\"https:\\\/\\\/lojadocentro.com.br\\\/moveis\\\/cadeiras-e-poltronas-para-escritorio\\\/cadeira-fixa-visita\\\/cadeira-empilhavel-levissima\\\/\"},\"wordCount\":546,\"commentCount\":0,\"publisher\":{\"@id\":\"https:\\\/\\\/lojadocentro.com.br\\\/moveis\\\/#organization\"},\"image\":{\"@id\":\"https:\\\/\\\/lojadocentro.com.br\\\/moveis\\\/cadeiras-e-poltronas-para-escritorio\\\/cadeira-fixa-visita\\\/cadeira-empilhavel-levissima\\\/#primaryimage\"},\"thumbnailUrl\":\"https:\\\/\\\/lojadocentro.com.br\\\/moveis\\\/wp-content\\\/uploads\\\/2018\\\/08\\\/cadeira-empilhavel-levissima-2-1.jpg\",\"articleSection\":[\"Cadeira Empilh\u00e1vel\",\"Cadeira Fixa Visita\"],\"inLanguage\":\"pt-BR\",\"potentialAction\":[{\"@type\":\"CommentAction\",\"name\":\"Comment\",\"target\":[\"https:\\\/\\\/lojadocentro.com.br\\\/moveis\\\/cadeiras-e-poltronas-para-escritorio\\\/cadeira-fixa-visita\\\/cadeira-empilhavel-levissima\\\/#respond\"]}]},{\"@type\":\"WebPage\",\"@id\":\"https:\\\/\\\/lojadocentro.com.br\\\/moveis\\\/cadeiras-e-poltronas-para-escritorio\\\/cadeira-fixa-visita\\\/cadeira-empilhavel-levissima\\\/\",\"url\":\"https:\\\/\\\/lojadocentro.com.br\\\/moveis\\\/cadeiras-e-poltronas-para-escritorio\\\/cadeira-fixa-visita\\\/cadeira-empilhavel-levissima\\\/\",\"name\":\"Cadeira Empilh\u00e1vel Lev\u00edssima | Cadeira Empilh\u00e1vel | Loja do Centro\",\"isPartOf\":{\"@id\":\"https:\\\/\\\/lojadocentro.com.br\\\/moveis\\\/#website\"},\"primaryImageOfPage\":{\"@id\":\"https:\\\/\\\/lojadocentro.com.br\\\/moveis\\\/cadeiras-e-poltronas-para-escritorio\\\/cadeira-fixa-visita\\\/cadeira-empilhavel-levissima\\\/#primaryimage\"},\"image\":{\"@id\":\"https:\\\/\\\/lojadocentro.com.br\\\/moveis\\\/cadeiras-e-poltronas-para-escritorio\\\/cadeira-fixa-visita\\\/cadeira-empilhavel-levissima\\\/#primaryimage\"},\"thumbnailUrl\":\"https:\\\/\\\/lojadocentro.com.br\\\/moveis\\\/wp-content\\\/uploads\\\/2018\\\/08\\\/cadeira-empilhavel-levissima-2-1.jpg\",\"datePublished\":\"2026-06-30T15:00:04+00:00\",\"dateModified\":\"2026-06-30T20:20:05+00:00\",\"description\":\"Cadeira Fixa Empilh\u00e1vel Lev\u00edssima, confort\u00e1vel, estofada, slim, com estrutura met\u00e1lica cromada, vers\u00e1til, multi-uso e com \u00f3timo pre\u00e7o.\",\"breadcrumb\":{\"@id\":\"https:\\\/\\\/lojadocentro.com.br\\\/moveis\\\/cadeiras-e-poltronas-para-escritorio\\\/cadeira-fixa-visita\\\/cadeira-empilhavel-levissima\\\/#breadcrumb\"},\"inLanguage\":\"pt-BR\",\"potentialAction\":[{\"@type\":\"ReadAction\",\"target\":[\"https:\\\/\\\/lojadocentro.com.br\\\/moveis\\\/cadeiras-e-poltronas-para-escritorio\\\/cadeira-fixa-visita\\\/cadeira-empilhavel-levissima\\\/\"]}]},{\"@type\":\"ImageObject\",\"inLanguage\":\"pt-BR\",\"@id\":\"https:\\\/\\\/lojadocentro.com.br\\\/moveis\\\/cadeiras-e-poltronas-para-escritorio\\\/cadeira-fixa-visita\\\/cadeira-empilhavel-levissima\\\/#primaryimage\",\"url\":\"https:\\\/\\\/lojadocentro.com.br\\\/moveis\\\/wp-content\\\/uploads\\\/2018\\\/08\\\/cadeira-empilhavel-levissima-2-1.jpg\",\"contentUrl\":\"https:\\\/\\\/lojadocentro.com.br\\\/moveis\\\/wp-content\\\/uploads\\\/2018\\\/08\\\/cadeira-empilhavel-levissima-2-1.jpg\",\"width\":877,\"height\":888,\"caption\":\"Cadeira Empilh\u00e1vel, em S\u00e3o Paulo\"},{\"@type\":\"BreadcrumbList\",\"@id\":\"https:\\\/\\\/lojadocentro.com.br\\\/moveis\\\/cadeiras-e-poltronas-para-escritorio\\\/cadeira-fixa-visita\\\/cadeira-empilhavel-levissima\\\/#breadcrumb\",\"itemListElement\":[{\"@type\":\"ListItem\",\"position\":1,\"name\":\"In\u00edcio\",\"item\":\"https:\\\/\\\/lojadocentro.com.br\\\/moveis\\\/\"},{\"@type\":\"ListItem\",\"position\":2,\"name\":\"Cadeira Empilh\u00e1vel Lev\u00edssima\"}]},{\"@type\":\"WebSite\",\"@id\":\"https:\\\/\\\/lojadocentro.com.br\\\/moveis\\\/#website\",\"url\":\"https:\\\/\\\/lojadocentro.com.br\\\/moveis\\\/\",\"name\":\"M\u00f3veis para Escrit\u00f3rio - Loja do Centro\",\"description\":\"Loja de M\u00f3veis para Escrit\u00f3rio\",\"publisher\":{\"@id\":\"https:\\\/\\\/lojadocentro.com.br\\\/moveis\\\/#organization\"},\"potentialAction\":[{\"@type\":\"SearchAction\",\"target\":{\"@type\":\"EntryPoint\",\"urlTemplate\":\"https:\\\/\\\/lojadocentro.com.br\\\/moveis\\\/?s={search_term_string}\"},\"query-input\":{\"@type\":\"PropertyValueSpecification\",\"valueRequired\":true,\"valueName\":\"search_term_string\"}}],\"inLanguage\":\"pt-BR\"},{\"@type\":\"Organization\",\"@id\":\"https:\\\/\\\/lojadocentro.com.br\\\/moveis\\\/#organization\",\"name\":\"M\u00f3veis para Escrit\u00f3rio Loja do Centro\",\"url\":\"https:\\\/\\\/lojadocentro.com.br\\\/moveis\\\/\",\"logo\":{\"@type\":\"ImageObject\",\"inLanguage\":\"pt-BR\",\"@id\":\"https:\\\/\\\/lojadocentro.com.br\\\/moveis\\\/#\\\/schema\\\/logo\\\/image\\\/\",\"url\":\"https:\\\/\\\/www.lojadocentro.com.br\\\/moveis\\\/wp-content\\\/uploads\\\/2015\\\/12\\\/moveis-para-escritorio-loja-do-centro-logo.jpg\",\"contentUrl\":\"https:\\\/\\\/www.lojadocentro.com.br\\\/moveis\\\/wp-content\\\/uploads\\\/2015\\\/12\\\/moveis-para-escritorio-loja-do-centro-logo.jpg\",\"width\":275,\"height\":120,\"caption\":\"M\u00f3veis para Escrit\u00f3rio Loja do Centro\"},\"image\":{\"@id\":\"https:\\\/\\\/lojadocentro.com.br\\\/moveis\\\/#\\\/schema\\\/logo\\\/image\\\/\"}},{\"@type\":\"Person\",\"@id\":\"https:\\\/\\\/lojadocentro.com.br\\\/moveis\\\/#\\\/schema\\\/person\\\/d1d93a97964ef2dcfb9cb8d5db75d0f9\",\"name\":\"Ana\",\"sameAs\":[\"http:\\\/\\\/www.lojadocentro.com.br\"]}]}<\/script>\n<!-- \/ Yoast SEO plugin. -->","yoast_head_json":{"title":"Cadeira Empilh\u00e1vel Lev\u00edssima | Cadeira Empilh\u00e1vel | Loja do Centro","description":"Cadeira Fixa Empilh\u00e1vel Lev\u00edssima, confort\u00e1vel, estofada, slim, com estrutura met\u00e1lica cromada, vers\u00e1til, multi-uso e com \u00f3timo pre\u00e7o.","robots":{"index":"index","follow":"follow","max-snippet":"max-snippet:-1","max-image-preview":"max-image-preview:large","max-video-preview":"max-video-preview:-1"},"canonical":"https:\/\/lojadocentro.com.br\/moveis\/cadeiras-e-poltronas-para-escritorio\/cadeira-fixa-visita\/cadeira-empilhavel-levissima\/","og_locale":"pt_BR","og_type":"article","og_title":"Cadeira Empilh\u00e1vel Lev\u00edssima | Cadeira Empilh\u00e1vel | Loja do Centro","og_description":"Cadeira Fixa Empilh\u00e1vel Lev\u00edssima, confort\u00e1vel, estofada, slim, com estrutura met\u00e1lica cromada, vers\u00e1til, multi-uso e com \u00f3timo pre\u00e7o.","og_url":"https:\/\/lojadocentro.com.br\/moveis\/cadeiras-e-poltronas-para-escritorio\/cadeira-fixa-visita\/cadeira-empilhavel-levissima\/","og_site_name":"M\u00f3veis para Escrit\u00f3rio - Loja do Centro","article_published_time":"2026-06-30T15:00:04+00:00","article_modified_time":"2026-06-30T20:20:05+00:00","og_image":[{"width":877,"height":888,"url":"https:\/\/lojadocentro.com.br\/moveis\/wp-content\/uploads\/2018\/08\/cadeira-empilhavel-levissima-2-1.jpg","type":"image\/jpeg"}],"author":"Ana","twitter_card":"summary_large_image","twitter_misc":{"Escrito por":"Ana","Est. tempo de leitura":"4 minutos"},"schema":{"@context":"https:\/\/schema.org","@graph":[{"@type":"Article","@id":"https:\/\/lojadocentro.com.br\/moveis\/cadeiras-e-poltronas-para-escritorio\/cadeira-fixa-visita\/cadeira-empilhavel-levissima\/#article","isPartOf":{"@id":"https:\/\/lojadocentro.com.br\/moveis\/cadeiras-e-poltronas-para-escritorio\/cadeira-fixa-visita\/cadeira-empilhavel-levissima\/"},"author":{"name":"Ana","@id":"https:\/\/lojadocentro.com.br\/moveis\/#\/schema\/person\/d1d93a97964ef2dcfb9cb8d5db75d0f9"},"headline":"Cadeira Empilh\u00e1vel Lev\u00edssima","datePublished":"2026-06-30T15:00:04+00:00","dateModified":"2026-06-30T20:20:05+00:00","mainEntityOfPage":{"@id":"https:\/\/lojadocentro.com.br\/moveis\/cadeiras-e-poltronas-para-escritorio\/cadeira-fixa-visita\/cadeira-empilhavel-levissima\/"},"wordCount":546,"commentCount":0,"publisher":{"@id":"https:\/\/lojadocentro.com.br\/moveis\/#organization"},"image":{"@id":"https:\/\/lojadocentro.com.br\/moveis\/cadeiras-e-poltronas-para-escritorio\/cadeira-fixa-visita\/cadeira-empilhavel-levissima\/#primaryimage"},"thumbnailUrl":"https:\/\/lojadocentro.com.br\/moveis\/wp-content\/uploads\/2018\/08\/cadeira-empilhavel-levissima-2-1.jpg","articleSection":["Cadeira Empilh\u00e1vel","Cadeira Fixa Visita"],"inLanguage":"pt-BR","potentialAction":[{"@type":"CommentAction","name":"Comment","target":["https:\/\/lojadocentro.com.br\/moveis\/cadeiras-e-poltronas-para-escritorio\/cadeira-fixa-visita\/cadeira-empilhavel-levissima\/#respond"]}]},{"@type":"WebPage","@id":"https:\/\/lojadocentro.com.br\/moveis\/cadeiras-e-poltronas-para-escritorio\/cadeira-fixa-visita\/cadeira-empilhavel-levissima\/","url":"https:\/\/lojadocentro.com.br\/moveis\/cadeiras-e-poltronas-para-escritorio\/cadeira-fixa-visita\/cadeira-empilhavel-levissima\/","name":"Cadeira Empilh\u00e1vel Lev\u00edssima | Cadeira Empilh\u00e1vel | Loja do Centro","isPartOf":{"@id":"https:\/\/lojadocentro.com.br\/moveis\/#website"},"primaryImageOfPage":{"@id":"https:\/\/lojadocentro.com.br\/moveis\/cadeiras-e-poltronas-para-escritorio\/cadeira-fixa-visita\/cadeira-empilhavel-levissima\/#primaryimage"},"image":{"@id":"https:\/\/lojadocentro.com.br\/moveis\/cadeiras-e-poltronas-para-escritorio\/cadeira-fixa-visita\/cadeira-empilhavel-levissima\/#primaryimage"},"thumbnailUrl":"https:\/\/lojadocentro.com.br\/moveis\/wp-content\/uploads\/2018\/08\/cadeira-empilhavel-levissima-2-1.jpg","datePublished":"2026-06-30T15:00:04+00:00","dateModified":"2026-06-30T20:20:05+00:00","description":"Cadeira Fixa Empilh\u00e1vel Lev\u00edssima, confort\u00e1vel, estofada, slim, com estrutura met\u00e1lica cromada, vers\u00e1til, multi-uso e com \u00f3timo pre\u00e7o.","breadcrumb":{"@id":"https:\/\/lojadocentro.com.br\/moveis\/cadeiras-e-poltronas-para-escritorio\/cadeira-fixa-visita\/cadeira-empilhavel-levissima\/#breadcrumb"},"inLanguage":"pt-BR","potentialAction":[{"@type":"ReadAction","target":["https:\/\/lojadocentro.com.br\/moveis\/cadeiras-e-poltronas-para-escritorio\/cadeira-fixa-visita\/cadeira-empilhavel-levissima\/"]}]},{"@type":"ImageObject","inLanguage":"pt-BR","@id":"https:\/\/lojadocentro.com.br\/moveis\/cadeiras-e-poltronas-para-escritorio\/cadeira-fixa-visita\/cadeira-empilhavel-levissima\/#primaryimage","url":"https:\/\/lojadocentro.com.br\/moveis\/wp-content\/uploads\/2018\/08\/cadeira-empilhavel-levissima-2-1.jpg","contentUrl":"https:\/\/lojadocentro.com.br\/moveis\/wp-content\/uploads\/2018\/08\/cadeira-empilhavel-levissima-2-1.jpg","width":877,"height":888,"caption":"Cadeira Empilh\u00e1vel, em S\u00e3o Paulo"},{"@type":"BreadcrumbList","@id":"https:\/\/lojadocentro.com.br\/moveis\/cadeiras-e-poltronas-para-escritorio\/cadeira-fixa-visita\/cadeira-empilhavel-levissima\/#breadcrumb","itemListElement":[{"@type":"ListItem","position":1,"name":"In\u00edcio","item":"https:\/\/lojadocentro.com.br\/moveis\/"},{"@type":"ListItem","position":2,"name":"Cadeira Empilh\u00e1vel Lev\u00edssima"}]},{"@type":"WebSite","@id":"https:\/\/lojadocentro.com.br\/moveis\/#website","url":"https:\/\/lojadocentro.com.br\/moveis\/","name":"M\u00f3veis para Escrit\u00f3rio - Loja do Centro","description":"Loja de M\u00f3veis para Escrit\u00f3rio","publisher":{"@id":"https:\/\/lojadocentro.com.br\/moveis\/#organization"},"potentialAction":[{"@type":"SearchAction","target":{"@type":"EntryPoint","urlTemplate":"https:\/\/lojadocentro.com.br\/moveis\/?s={search_term_string}"},"query-input":{"@type":"PropertyValueSpecification","valueRequired":true,"valueName":"search_term_string"}}],"inLanguage":"pt-BR"},{"@type":"Organization","@id":"https:\/\/lojadocentro.com.br\/moveis\/#organization","name":"M\u00f3veis para Escrit\u00f3rio Loja do Centro","url":"https:\/\/lojadocentro.com.br\/moveis\/","logo":{"@type":"ImageObject","inLanguage":"pt-BR","@id":"https:\/\/lojadocentro.com.br\/moveis\/#\/schema\/logo\/image\/","url":"https:\/\/www.lojadocentro.com.br\/moveis\/wp-content\/uploads\/2015\/12\/moveis-para-escritorio-loja-do-centro-logo.jpg","contentUrl":"https:\/\/www.lojadocentro.com.br\/moveis\/wp-content\/uploads\/2015\/12\/moveis-para-escritorio-loja-do-centro-logo.jpg","width":275,"height":120,"caption":"M\u00f3veis para Escrit\u00f3rio Loja do Centro"},"image":{"@id":"https:\/\/lojadocentro.com.br\/moveis\/#\/schema\/logo\/image\/"}},{"@type":"Person","@id":"https:\/\/lojadocentro.com.br\/moveis\/#\/schema\/person\/d1d93a97964ef2dcfb9cb8d5db75d0f9","name":"Ana","sameAs":["http:\/\/www.lojadocentro.com.br"]}]}},"_links":{"self":[{"href":"https:\/\/lojadocentro.com.br\/moveis\/wp-json\/wp\/v2\/posts\/57497","targetHints":{"allow":["GET"]}}],"collection":[{"href":"https:\/\/lojadocentro.com.br\/moveis\/wp-json\/wp\/v2\/posts"}],"about":[{"href":"https:\/\/lojadocentro.com.br\/moveis\/wp-json\/wp\/v2\/types\/post"}],"author":[{"embeddable":true,"href":"https:\/\/lojadocentro.com.br\/moveis\/wp-json\/wp\/v2\/users\/2"}],"replies":[{"embeddable":true,"href":"https:\/\/lojadocentro.com.br\/moveis\/wp-json\/wp\/v2\/comments?post=57497"}],"version-history":[{"count":2,"href":"https:\/\/lojadocentro.com.br\/moveis\/wp-json\/wp\/v2\/posts\/57497\/revisions"}],"predecessor-version":[{"id":62027,"href":"https:\/\/lojadocentro.com.br\/moveis\/wp-json\/wp\/v2\/posts\/57497\/revisions\/62027"}],"wp:featuredmedia":[{"embeddable":true,"href":"https:\/\/lojadocentro.com.br\/moveis\/wp-json\/wp\/v2\/media\/62026"}],"wp:attachment":[{"href":"https:\/\/lojadocentro.com.br\/moveis\/wp-json\/wp\/v2\/media?parent=57497"}],"wp:term":[{"taxonomy":"category","embeddable":true,"href":"https:\/\/lojadocentro.com.br\/moveis\/wp-json\/wp\/v2\/categories?post=57497"},{"taxonomy":"post_tag","embeddable":true,"href":"https:\/\/lojadocentro.com.br\/moveis\/wp-json\/wp\/v2\/tags?post=57497"},{"taxonomy":"segmentos","embeddable":true,"href":"https:\/\/lojadocentro.com.br\/moveis\/wp-json\/wp\/v2\/segmentos?post=57497"}],"curies":[{"name":"wp","href":"https:\/\/api.w.org\/{rel}","templated":true}]}}