{"id":59518,"date":"2026-08-10T12:00:36","date_gmt":"2026-08-10T15:00:36","guid":{"rendered":"https:\/\/lojadocentro.com.br\/moveis\/?p=59518"},"modified":"2026-08-12T19:13:13","modified_gmt":"2026-08-12T22:13:13","slug":"cadeira-presidente-2","status":"publish","type":"post","link":"https:\/\/lojadocentro.com.br\/moveis\/escritorio\/cadeira-presidente-2\/","title":{"rendered":"Cadeira Presidente"},"content":{"rendered":"<h2 class=\"PDq2pG_selectionAnchorContainer\" data-section-id=\"104h10r\" data-start=\"311\" data-end=\"382\">Cadeira Presidente Bix: design, conforto e ergonomia para escrit\u00f3rio<\/h2>\n<p data-start=\"384\" data-end=\"549\">A <strong data-start=\"386\" data-end=\"412\">Cadeira Presidente Bix<\/strong> combina <strong data-start=\"421\" data-end=\"467\">design contempor\u00e2neo, conforto e ergonomia<\/strong> em um modelo que se destaca das tradicionais cadeiras presidente para escrit\u00f3rio.<\/p>\n<p data-start=\"384\" data-end=\"549\"><!--more--><\/p>\n<p data-start=\"551\" data-end=\"814\">Com encosto de linhas org\u00e2nicas e apar\u00eancia leve, a Bix traz uma proposta moderna e sofisticada para ambientes profissionais, sendo uma excelente escolha para <strong data-start=\"710\" data-end=\"813\">salas de diretoria, escrit\u00f3rios corporativos, escrit\u00f3rios de advocacia, consult\u00f3rios e home offices<\/strong>.<\/p>\n<p data-start=\"816\" data-end=\"987\">Al\u00e9m de valorizar a est\u00e9tica do ambiente, a Cadeira Bix foi desenvolvida para proporcionar conforto e permitir ajustes que favorecem uma posi\u00e7\u00e3o de trabalho mais adequada.<\/p>\n<h3 data-section-id=\"18ptn5v\" data-start=\"989\" data-end=\"1033\">Design moderno que valoriza o escrit\u00f3rio<\/h3>\n<p data-start=\"1035\" data-end=\"1105\">A principal caracter\u00edstica da <strong data-start=\"1065\" data-end=\"1091\">Cadeira Presidente Bix<\/strong> \u00e9 seu design.<\/p>\n<p data-start=\"1107\" data-end=\"1374\">Seu encosto diferenciado e visualmente leve cria uma apar\u00eancia contempor\u00e2nea, fugindo do formato mais tradicional das cadeiras presidente. \u00c9 uma op\u00e7\u00e3o especialmente interessante para projetos que procuram um escrit\u00f3rio <strong data-start=\"1326\" data-end=\"1373\">mais atual, sofisticado e com personalidade<\/strong>.<\/p>\n<p data-start=\"1376\" data-end=\"1515\">A Bix tamb\u00e9m combina muito bem com diferentes estilos de mobili\u00e1rio, desde escrit\u00f3rios executivos at\u00e9 ambientes corporativos mais modernos.<\/p>\n<h3 data-section-id=\"ioce29\" data-start=\"1517\" data-end=\"1597\">Cadeira Bix: uma alternativa para quem gosta do design da Herman Miller Sayl<\/h3>\n<p data-start=\"1599\" data-end=\"1717\">Quem aprecia o design da <strong data-start=\"1624\" data-end=\"1646\">Herman Miller Sayl<\/strong> provavelmente vai se identificar com a proposta visual da Cadeira Bix.<\/p>\n<p data-start=\"1719\" data-end=\"1922\">Os dois modelos apresentam uma linguagem contempor\u00e2nea, com <strong data-start=\"1779\" data-end=\"1827\">formas org\u00e2nicas e encosto de apar\u00eancia leve<\/strong>, caracter\u00edsticas que ajudam a criar uma cadeira visualmente diferente das op\u00e7\u00f5es tradicionais.<\/p>\n<p data-start=\"1924\" data-end=\"2174\">A <strong data-start=\"1926\" data-end=\"2005\">Cadeira Bix n\u00e3o \u00e9 um produto Herman Miller e n\u00e3o possui rela\u00e7\u00e3o com a marca<\/strong>. \u00c9 um modelo pr\u00f3prio que oferece uma proposta est\u00e9tica semelhante para quem procura esse estilo de cadeira, mas deseja trabalhar com um <strong data-start=\"2142\" data-end=\"2173\">investimento mais acess\u00edvel<\/strong>.<\/p>\n<h3 data-section-id=\"zi41yw\" data-start=\"2176\" data-end=\"2216\">Conforto e ergonomia para o trabalho<\/h3>\n<p data-start=\"2218\" data-end=\"2396\">Uma boa cadeira de escrit\u00f3rio precisa ir al\u00e9m do design. Para quem permanece v\u00e1rias horas trabalhando, \u00e9 importante contar com recursos que permitam adaptar a cadeira ao usu\u00e1rio.<\/p>\n<p data-start=\"2398\" data-end=\"2624\">A <strong data-start=\"2400\" data-end=\"2426\">Cadeira Presidente Bix<\/strong> possui configura\u00e7\u00f5es com recursos de regulagem e mecanismos que permitem adequar a cadeira \u00e0s necessidades de diferentes usu\u00e1rios. As caracter\u00edsticas podem variar conforme a configura\u00e7\u00e3o escolhida.<\/p>\n<p data-start=\"2626\" data-end=\"2771\">Por isso, ao solicitar seu or\u00e7amento, nossa equipe pode orientar voc\u00ea sobre <strong data-start=\"2702\" data-end=\"2770\">a configura\u00e7\u00e3o mais adequada para o seu uso e para o seu projeto<\/strong>.<\/p>\n<h3 data-section-id=\"zqxzic\" data-start=\"2773\" data-end=\"2812\">Onde usar a Cadeira Presidente Bix?<\/h3>\n<p data-start=\"2814\" data-end=\"2898\">Por seu design e proposta, a Bix \u00e9 indicada para diferentes ambientes profissionais:<\/p>\n<ul data-start=\"2900\" data-end=\"3092\">\n<li data-section-id=\"wdvv5w\" data-start=\"2900\" data-end=\"2935\"><strong data-start=\"2902\" data-end=\"2935\">Salas de diretoria e ger\u00eancia<\/strong><\/li>\n<li data-section-id=\"1arc8df\" data-start=\"2936\" data-end=\"2966\"><strong data-start=\"2938\" data-end=\"2966\">Escrit\u00f3rios corporativos<\/strong><\/li>\n<li data-section-id=\"vzhupe\" data-start=\"2967\" data-end=\"2997\"><strong data-start=\"2969\" data-end=\"2997\">Escrit\u00f3rios de advocacia<\/strong><\/li>\n<li data-section-id=\"4r4tpt\" data-start=\"2998\" data-end=\"3027\"><strong data-start=\"3000\" data-end=\"3027\">Consult\u00f3rios e cl\u00ednicas<\/strong><\/li>\n<li data-section-id=\"1upaqd0\" data-start=\"3028\" data-end=\"3046\"><strong data-start=\"3030\" data-end=\"3046\">Home offices<\/strong><\/li>\n<li data-section-id=\"1kp1tvi\" data-start=\"3047\" data-end=\"3092\"><strong data-start=\"3049\" data-end=\"3092\">Ambientes executivos e salas de reuni\u00e3o<\/strong><\/li>\n<\/ul>\n<p data-start=\"3094\" data-end=\"3241\">\u00c9 uma cadeira especialmente interessante para quem deseja unir <strong data-start=\"3157\" data-end=\"3212\">conforto, ergonomia e uma est\u00e9tica mais sofisticada<\/strong> na composi\u00e7\u00e3o do escrit\u00f3rio.<\/p>\n<h3 data-section-id=\"1r2nw4\" data-start=\"3243\" data-end=\"3289\">Por que escolher a Cadeira Presidente Bix?<\/h3>\n<p data-start=\"3291\" data-end=\"3619\">&#x2714; <strong data-start=\"3293\" data-end=\"3332\">Design contempor\u00e2neo e diferenciado<\/strong><br data-start=\"3332\" data-end=\"3335\" \/>&#x2714; <strong data-start=\"3337\" data-end=\"3366\">Visual sofisticado e leve<\/strong><br data-start=\"3366\" data-end=\"3369\" \/>&#x2714; <strong data-start=\"3371\" data-end=\"3422\">Proposta ergon\u00f4mica para o ambiente de trabalho<\/strong><br data-start=\"3422\" data-end=\"3425\" \/>&#x2714; <strong data-start=\"3427\" data-end=\"3472\">Possibilidade de diferentes configura\u00e7\u00f5es e mecanismos<\/strong><br data-start=\"3472\" data-end=\"3475\" \/>&#x2714; <strong data-start=\"3477\" data-end=\"3551\">Excelente alternativa para quem aprecia o estilo da Herman Miller Sayl<\/strong><br data-start=\"3551\" data-end=\"3554\" \/>&#x2714; <strong>Op\u00e7\u00e3o ideal para projetos que valorizam design<\/strong><\/p>\n<h1 data-section-id=\"11cvmdt\" data-start=\"7203\" data-end=\"7256\">Onde comprar a Cadeira Presidente Bix em S\u00e3o Paulo?<\/h1>\n<p data-start=\"7258\" data-end=\"7462\">Na <strong data-start=\"7261\" data-end=\"7302\">Loja do Centro M\u00f3veis para Escrit\u00f3rio<\/strong>, voc\u00ea pode conhecer nossas op\u00e7\u00f5es de cadeiras para escrit\u00f3rio e contar com atendimento especializado para escolher a configura\u00e7\u00e3o mais adequada ao seu projeto.<\/p>\n<p data-start=\"3996\" data-end=\"4076\"><strong data-start=\"3996\" data-end=\"4076\">Entre em contato conosco e solicite seu or\u00e7amento da Cadeira Presidente Bix.<br \/>\n<\/strong><\/p>\n<div><strong>PABX: 11 3242-3536<\/strong><\/div>\n<div><strong>WhatsApp: 11 98426-0592<\/strong><\/div>\n<div><strong>WhatsApp: 11 97673-1274<\/strong><\/div>\n<div>\n<p><strong>WhatsApp Projetos: 11 95841-2166<\/strong><\/p>\n<\/div>\n<p>Conhe\u00e7a algumas <a href=\"https:\/\/lojadocentro.com.br\/moveis\/mesas-para-escritorio\/mesas-para-diretoria\/\">mesas diretor<\/a> e <a href=\"https:\/\/lojadocentro.com.br\/moveis\/mesas-para-escritorio\/mesas-para-reuniao\/\">mesas de reuni\u00e3o<\/a> e <a href=\"https:\/\/lojadocentro.com.br\/moveis\/mesas-plataforma\/\">mesas plataforma<\/a> que podem compor com a sua Cadeira Presidente Bix!<\/p>\n<p>Abaixo, algumas imagens com essa cadeira:<\/p>\n<p><img fetchpriority=\"high\" decoding=\"async\" class=\"alignnone wp-image-62197\" src=\"https:\/\/lojadocentro.com.br\/moveis\/wp-content\/uploads\/2026\/08\/mesa-plataforma-4-lugares-1024x623.jpg\" alt=\"Mesa Plataforma com Cadeira Presidente BIX\" width=\"695\" height=\"423\" srcset=\"https:\/\/lojadocentro.com.br\/moveis\/wp-content\/uploads\/2026\/08\/mesa-plataforma-4-lugares-1024x623.jpg 1024w, https:\/\/lojadocentro.com.br\/moveis\/wp-content\/uploads\/2026\/08\/mesa-plataforma-4-lugares-300x183.jpg 300w, https:\/\/lojadocentro.com.br\/moveis\/wp-content\/uploads\/2026\/08\/mesa-plataforma-4-lugares-200x122.jpg 200w, https:\/\/lojadocentro.com.br\/moveis\/wp-content\/uploads\/2026\/08\/mesa-plataforma-4-lugares-768x467.jpg 768w, https:\/\/lojadocentro.com.br\/moveis\/wp-content\/uploads\/2026\/08\/mesa-plataforma-4-lugares.jpg 1200w\" sizes=\"(max-width: 695px) 100vw, 695px\" \/><\/p>\n<p><img decoding=\"async\" class=\"alignnone wp-image-62198\" src=\"https:\/\/lojadocentro.com.br\/moveis\/wp-content\/uploads\/2026\/08\/mesa-diretor-1024x700.jpg\" alt=\"Mesa Diretor com cadeira presidente BIX\" width=\"694\" height=\"475\" srcset=\"https:\/\/lojadocentro.com.br\/moveis\/wp-content\/uploads\/2026\/08\/mesa-diretor-1024x700.jpg 1024w, https:\/\/lojadocentro.com.br\/moveis\/wp-content\/uploads\/2026\/08\/mesa-diretor-300x205.jpg 300w, https:\/\/lojadocentro.com.br\/moveis\/wp-content\/uploads\/2026\/08\/mesa-diretor-200x137.jpg 200w, https:\/\/lojadocentro.com.br\/moveis\/wp-content\/uploads\/2026\/08\/mesa-diretor-768x525.jpg 768w, https:\/\/lojadocentro.com.br\/moveis\/wp-content\/uploads\/2026\/08\/mesa-diretor.jpg 1200w\" sizes=\"(max-width: 694px) 100vw, 694px\" \/><\/p>\n<p><img decoding=\"async\" class=\"alignnone wp-image-62200\" src=\"https:\/\/lojadocentro.com.br\/moveis\/wp-content\/uploads\/2026\/08\/mesa-diretor-com-armario-1-1024x762.jpg\" alt=\"Cadeira Bix para Mesa Diretor\" width=\"691\" height=\"514\" srcset=\"https:\/\/lojadocentro.com.br\/moveis\/wp-content\/uploads\/2026\/08\/mesa-diretor-com-armario-1-1024x762.jpg 1024w, https:\/\/lojadocentro.com.br\/moveis\/wp-content\/uploads\/2026\/08\/mesa-diretor-com-armario-1-300x223.jpg 300w, https:\/\/lojadocentro.com.br\/moveis\/wp-content\/uploads\/2026\/08\/mesa-diretor-com-armario-1-200x149.jpg 200w, https:\/\/lojadocentro.com.br\/moveis\/wp-content\/uploads\/2026\/08\/mesa-diretor-com-armario-1-768x572.jpg 768w, https:\/\/lojadocentro.com.br\/moveis\/wp-content\/uploads\/2026\/08\/mesa-diretor-com-armario-1.jpg 1280w\" sizes=\"(max-width: 691px) 100vw, 691px\" \/><\/p>\n<p><img loading=\"lazy\" decoding=\"async\" class=\"alignnone wp-image-59521\" src=\"https:\/\/lojadocentro.com.br\/moveis\/wp-content\/uploads\/2023\/03\/cadeira-reuniao-hermann-miller-2.jpg\" alt=\"Cadeira Presidente BIX para Escrit\u00f3rio em SP\" width=\"694\" height=\"778\" srcset=\"https:\/\/lojadocentro.com.br\/moveis\/wp-content\/uploads\/2023\/03\/cadeira-reuniao-hermann-miller-2.jpg 710w, https:\/\/lojadocentro.com.br\/moveis\/wp-content\/uploads\/2023\/03\/cadeira-reuniao-hermann-miller-2-268x300.jpg 268w, https:\/\/lojadocentro.com.br\/moveis\/wp-content\/uploads\/2023\/03\/cadeira-reuniao-hermann-miller-2-179x200.jpg 179w\" sizes=\"(max-width: 694px) 100vw, 694px\" \/><\/p>\n<p><img loading=\"lazy\" decoding=\"async\" class=\"alignnone wp-image-59520\" src=\"https:\/\/lojadocentro.com.br\/moveis\/wp-content\/uploads\/2023\/03\/cadeira-top-para-reuniao.jpg\" alt=\"Cadeira Presidente BIX para Mesa de Reuni\u00e3o\" width=\"695\" height=\"695\" srcset=\"https:\/\/lojadocentro.com.br\/moveis\/wp-content\/uploads\/2023\/03\/cadeira-top-para-reuniao.jpg 843w, https:\/\/lojadocentro.com.br\/moveis\/wp-content\/uploads\/2023\/03\/cadeira-top-para-reuniao-300x300.jpg 300w, https:\/\/lojadocentro.com.br\/moveis\/wp-content\/uploads\/2023\/03\/cadeira-top-para-reuniao-200x200.jpg 200w, https:\/\/lojadocentro.com.br\/moveis\/wp-content\/uploads\/2023\/03\/cadeira-top-para-reuniao-768x768.jpg 768w\" sizes=\"(max-width: 695px) 100vw, 695px\" \/><\/p>\n","protected":false},"excerpt":{"rendered":"<p>Cadeira Presidente Bix: design, conforto e ergonomia para escrit\u00f3rio A Cadeira Presidente Bix combina design contempor\u00e2neo, conforto e ergonomia em um modelo que se destaca das tradicionais cadeiras presidente para escrit\u00f3rio.<\/p>\n","protected":false},"author":2,"featured_media":59519,"comment_status":"open","ping_status":"open","sticky":false,"template":"","format":"standard","meta":{"_exactmetrics_skip_tracking":false,"site-sidebar-layout":"default","site-content-layout":"default","ast-site-content-layout":"default","site-content-style":"default","site-sidebar-style":"default","ast-global-header-display":"","ast-banner-title-visibility":"","ast-main-header-display":"","ast-hfb-above-header-display":"","ast-hfb-below-header-display":"","ast-hfb-mobile-header-display":"","site-post-title":"","ast-breadcrumbs-content":"","ast-featured-img":"","footer-sml-layout":"","theme-transparent-header-meta":"default","adv-header-id-meta":"","stick-header-meta":"default","header-above-stick-meta":"","header-main-stick-meta":"","header-below-stick-meta":"","astra-migrate-meta-layouts":"set","ast-page-background-enabled":"default","ast-page-background-meta":{"desktop":{"background-color":"var(--ast-global-color-4)","background-image":"","background-repeat":"repeat","background-position":"center center","background-size":"auto","background-attachment":"scroll","background-type":"","background-media":"","overlay-type":"","overlay-color":"","overlay-opacity":"","overlay-gradient":""},"tablet":{"background-color":"","background-image":"","background-repeat":"repeat","background-position":"center center","background-size":"auto","background-attachment":"scroll","background-type":"","background-media":"","overlay-type":"","overlay-color":"","overlay-opacity":"","overlay-gradient":""},"mobile":{"background-color":"","background-image":"","background-repeat":"repeat","background-position":"center center","background-size":"auto","background-attachment":"scroll","background-type":"","background-media":"","overlay-type":"","overlay-color":"","overlay-opacity":"","overlay-gradient":""}},"ast-content-background-meta":{"desktop":{"background-color":"var(--ast-global-color-5)","background-image":"","background-repeat":"repeat","background-position":"center center","background-size":"auto","background-attachment":"scroll","background-type":"","background-media":"","overlay-type":"","overlay-color":"","overlay-opacity":"","overlay-gradient":""},"tablet":{"background-color":"var(--ast-global-color-5)","background-image":"","background-repeat":"repeat","background-position":"center center","background-size":"auto","background-attachment":"scroll","background-type":"","background-media":"","overlay-type":"","overlay-color":"","overlay-opacity":"","overlay-gradient":""},"mobile":{"background-color":"var(--ast-global-color-5)","background-image":"","background-repeat":"repeat","background-position":"center center","background-size":"auto","background-attachment":"scroll","background-type":"","background-media":"","overlay-type":"","overlay-color":"","overlay-opacity":"","overlay-gradient":""}},"footnotes":""},"categories":[124,1],"tags":[3244],"segmentos":[292,265,298,266],"class_list":["post-59518","post","type-post","status-publish","format-standard","has-post-thumbnail","hentry","category-cadeira-presidente","category-escritorio","tag-plaxmetal","segmentos-moveis-corporativos-premium","segmentos-moveis-para-advogados","segmentos-moveis-para-agencias","segmentos-moveis-para-consultorios"],"yoast_head":"<!-- This site is optimized with the Yoast SEO plugin v28.2 - https:\/\/yoast.com\/product\/yoast-seo-wordpress\/ -->\n<title>Cadeira Presidente - M\u00f3veis para Escrit\u00f3rio - Loja do Centro<\/title>\n<meta name=\"description\" content=\"Cadeira Presidente BIX, com encosto em tela e assento estofado, com design universal e v\u00e1rias regulagens ergon\u00f4micas. V\u00e1rias cores.\" \/>\n<meta name=\"robots\" content=\"index, follow, max-snippet:-1, max-image-preview:large, max-video-preview:-1\" \/>\n<link rel=\"canonical\" href=\"https:\/\/lojadocentro.com.br\/moveis\/escritorio\/cadeira-presidente-2\/\" \/>\n<meta property=\"og:locale\" content=\"pt_BR\" \/>\n<meta property=\"og:type\" content=\"article\" \/>\n<meta property=\"og:title\" content=\"Cadeira Presidente - M\u00f3veis para Escrit\u00f3rio - Loja do Centro\" \/>\n<meta property=\"og:description\" content=\"Cadeira Presidente BIX, com encosto em tela e assento estofado, com design universal e v\u00e1rias regulagens ergon\u00f4micas. V\u00e1rias cores.\" \/>\n<meta property=\"og:url\" content=\"https:\/\/lojadocentro.com.br\/moveis\/escritorio\/cadeira-presidente-2\/\" \/>\n<meta property=\"og:site_name\" content=\"M\u00f3veis para Escrit\u00f3rio - Loja do Centro\" \/>\n<meta property=\"article:published_time\" content=\"2026-08-10T15:00:36+00:00\" \/>\n<meta property=\"article:modified_time\" content=\"2026-08-12T22:13:13+00:00\" \/>\n<meta property=\"og:image\" content=\"https:\/\/lojadocentro.com.br\/moveis\/wp-content\/uploads\/2023\/03\/cadeira-presidente-bix.jpg\" \/>\n\t<meta property=\"og:image:width\" content=\"775\" \/>\n\t<meta property=\"og:image:height\" content=\"809\" \/>\n\t<meta property=\"og:image:type\" content=\"image\/jpeg\" \/>\n<meta name=\"author\" content=\"Ana\" \/>\n<meta name=\"twitter:card\" content=\"summary_large_image\" \/>\n<meta name=\"twitter:label1\" content=\"Escrito por\" \/>\n\t<meta name=\"twitter:data1\" content=\"Ana\" \/>\n\t<meta name=\"twitter:label2\" content=\"Est. tempo de leitura\" \/>\n\t<meta name=\"twitter:data2\" content=\"5 minutos\" \/>\n<script type=\"application\/ld+json\" class=\"yoast-schema-graph\">{\"@context\":\"https:\\\/\\\/schema.org\",\"@graph\":[{\"@type\":\"Article\",\"@id\":\"https:\\\/\\\/lojadocentro.com.br\\\/moveis\\\/escritorio\\\/cadeira-presidente-2\\\/#article\",\"isPartOf\":{\"@id\":\"https:\\\/\\\/lojadocentro.com.br\\\/moveis\\\/escritorio\\\/cadeira-presidente-2\\\/\"},\"author\":{\"name\":\"Ana\",\"@id\":\"https:\\\/\\\/lojadocentro.com.br\\\/moveis\\\/#\\\/schema\\\/person\\\/d1d93a97964ef2dcfb9cb8d5db75d0f9\"},\"headline\":\"Cadeira Presidente\",\"datePublished\":\"2026-08-10T15:00:36+00:00\",\"dateModified\":\"2026-08-12T22:13:13+00:00\",\"mainEntityOfPage\":{\"@id\":\"https:\\\/\\\/lojadocentro.com.br\\\/moveis\\\/escritorio\\\/cadeira-presidente-2\\\/\"},\"wordCount\":608,\"commentCount\":0,\"publisher\":{\"@id\":\"https:\\\/\\\/lojadocentro.com.br\\\/moveis\\\/#organization\"},\"image\":{\"@id\":\"https:\\\/\\\/lojadocentro.com.br\\\/moveis\\\/escritorio\\\/cadeira-presidente-2\\\/#primaryimage\"},\"thumbnailUrl\":\"https:\\\/\\\/lojadocentro.com.br\\\/moveis\\\/wp-content\\\/uploads\\\/2023\\\/03\\\/cadeira-presidente-bix.jpg\",\"keywords\":[\"Plaxmetal\"],\"articleSection\":[\"Cadeira Presidente\",\"Escrit\u00f3rio\"],\"inLanguage\":\"pt-BR\",\"potentialAction\":[{\"@type\":\"CommentAction\",\"name\":\"Comment\",\"target\":[\"https:\\\/\\\/lojadocentro.com.br\\\/moveis\\\/escritorio\\\/cadeira-presidente-2\\\/#respond\"]}]},{\"@type\":\"WebPage\",\"@id\":\"https:\\\/\\\/lojadocentro.com.br\\\/moveis\\\/escritorio\\\/cadeira-presidente-2\\\/\",\"url\":\"https:\\\/\\\/lojadocentro.com.br\\\/moveis\\\/escritorio\\\/cadeira-presidente-2\\\/\",\"name\":\"Cadeira Presidente - M\u00f3veis para Escrit\u00f3rio - Loja do Centro\",\"isPartOf\":{\"@id\":\"https:\\\/\\\/lojadocentro.com.br\\\/moveis\\\/#website\"},\"primaryImageOfPage\":{\"@id\":\"https:\\\/\\\/lojadocentro.com.br\\\/moveis\\\/escritorio\\\/cadeira-presidente-2\\\/#primaryimage\"},\"image\":{\"@id\":\"https:\\\/\\\/lojadocentro.com.br\\\/moveis\\\/escritorio\\\/cadeira-presidente-2\\\/#primaryimage\"},\"thumbnailUrl\":\"https:\\\/\\\/lojadocentro.com.br\\\/moveis\\\/wp-content\\\/uploads\\\/2023\\\/03\\\/cadeira-presidente-bix.jpg\",\"datePublished\":\"2026-08-10T15:00:36+00:00\",\"dateModified\":\"2026-08-12T22:13:13+00:00\",\"description\":\"Cadeira Presidente BIX, com encosto em tela e assento estofado, com design universal e v\u00e1rias regulagens ergon\u00f4micas. V\u00e1rias cores.\",\"breadcrumb\":{\"@id\":\"https:\\\/\\\/lojadocentro.com.br\\\/moveis\\\/escritorio\\\/cadeira-presidente-2\\\/#breadcrumb\"},\"inLanguage\":\"pt-BR\",\"potentialAction\":[{\"@type\":\"ReadAction\",\"target\":[\"https:\\\/\\\/lojadocentro.com.br\\\/moveis\\\/escritorio\\\/cadeira-presidente-2\\\/\"]}]},{\"@type\":\"ImageObject\",\"inLanguage\":\"pt-BR\",\"@id\":\"https:\\\/\\\/lojadocentro.com.br\\\/moveis\\\/escritorio\\\/cadeira-presidente-2\\\/#primaryimage\",\"url\":\"https:\\\/\\\/lojadocentro.com.br\\\/moveis\\\/wp-content\\\/uploads\\\/2023\\\/03\\\/cadeira-presidente-bix.jpg\",\"contentUrl\":\"https:\\\/\\\/lojadocentro.com.br\\\/moveis\\\/wp-content\\\/uploads\\\/2023\\\/03\\\/cadeira-presidente-bix.jpg\",\"width\":775,\"height\":809,\"caption\":\"Cadeira Presidente Hermann Miller\"},{\"@type\":\"BreadcrumbList\",\"@id\":\"https:\\\/\\\/lojadocentro.com.br\\\/moveis\\\/escritorio\\\/cadeira-presidente-2\\\/#breadcrumb\",\"itemListElement\":[{\"@type\":\"ListItem\",\"position\":1,\"name\":\"In\u00edcio\",\"item\":\"https:\\\/\\\/lojadocentro.com.br\\\/moveis\\\/\"},{\"@type\":\"ListItem\",\"position\":2,\"name\":\"Cadeira Presidente\"}]},{\"@type\":\"WebSite\",\"@id\":\"https:\\\/\\\/lojadocentro.com.br\\\/moveis\\\/#website\",\"url\":\"https:\\\/\\\/lojadocentro.com.br\\\/moveis\\\/\",\"name\":\"M\u00f3veis para Escrit\u00f3rio - Loja do Centro\",\"description\":\"Loja de M\u00f3veis para Escrit\u00f3rio\",\"publisher\":{\"@id\":\"https:\\\/\\\/lojadocentro.com.br\\\/moveis\\\/#organization\"},\"potentialAction\":[{\"@type\":\"SearchAction\",\"target\":{\"@type\":\"EntryPoint\",\"urlTemplate\":\"https:\\\/\\\/lojadocentro.com.br\\\/moveis\\\/?s={search_term_string}\"},\"query-input\":{\"@type\":\"PropertyValueSpecification\",\"valueRequired\":true,\"valueName\":\"search_term_string\"}}],\"inLanguage\":\"pt-BR\"},{\"@type\":\"Organization\",\"@id\":\"https:\\\/\\\/lojadocentro.com.br\\\/moveis\\\/#organization\",\"name\":\"M\u00f3veis para Escrit\u00f3rio Loja do Centro\",\"url\":\"https:\\\/\\\/lojadocentro.com.br\\\/moveis\\\/\",\"logo\":{\"@type\":\"ImageObject\",\"inLanguage\":\"pt-BR\",\"@id\":\"https:\\\/\\\/lojadocentro.com.br\\\/moveis\\\/#\\\/schema\\\/logo\\\/image\\\/\",\"url\":\"https:\\\/\\\/www.lojadocentro.com.br\\\/moveis\\\/wp-content\\\/uploads\\\/2015\\\/12\\\/moveis-para-escritorio-loja-do-centro-logo.jpg\",\"contentUrl\":\"https:\\\/\\\/www.lojadocentro.com.br\\\/moveis\\\/wp-content\\\/uploads\\\/2015\\\/12\\\/moveis-para-escritorio-loja-do-centro-logo.jpg\",\"width\":275,\"height\":120,\"caption\":\"M\u00f3veis para Escrit\u00f3rio Loja do Centro\"},\"image\":{\"@id\":\"https:\\\/\\\/lojadocentro.com.br\\\/moveis\\\/#\\\/schema\\\/logo\\\/image\\\/\"}},{\"@type\":\"Person\",\"@id\":\"https:\\\/\\\/lojadocentro.com.br\\\/moveis\\\/#\\\/schema\\\/person\\\/d1d93a97964ef2dcfb9cb8d5db75d0f9\",\"name\":\"Ana\",\"sameAs\":[\"http:\\\/\\\/www.lojadocentro.com.br\"]}]}<\/script>\n<!-- \/ Yoast SEO plugin. -->","yoast_head_json":{"title":"Cadeira Presidente - M\u00f3veis para Escrit\u00f3rio - Loja do Centro","description":"Cadeira Presidente BIX, com encosto em tela e assento estofado, com design universal e v\u00e1rias regulagens ergon\u00f4micas. V\u00e1rias cores.","robots":{"index":"index","follow":"follow","max-snippet":"max-snippet:-1","max-image-preview":"max-image-preview:large","max-video-preview":"max-video-preview:-1"},"canonical":"https:\/\/lojadocentro.com.br\/moveis\/escritorio\/cadeira-presidente-2\/","og_locale":"pt_BR","og_type":"article","og_title":"Cadeira Presidente - M\u00f3veis para Escrit\u00f3rio - Loja do Centro","og_description":"Cadeira Presidente BIX, com encosto em tela e assento estofado, com design universal e v\u00e1rias regulagens ergon\u00f4micas. V\u00e1rias cores.","og_url":"https:\/\/lojadocentro.com.br\/moveis\/escritorio\/cadeira-presidente-2\/","og_site_name":"M\u00f3veis para Escrit\u00f3rio - Loja do Centro","article_published_time":"2026-08-10T15:00:36+00:00","article_modified_time":"2026-08-12T22:13:13+00:00","og_image":[{"width":775,"height":809,"url":"https:\/\/lojadocentro.com.br\/moveis\/wp-content\/uploads\/2023\/03\/cadeira-presidente-bix.jpg","type":"image\/jpeg"}],"author":"Ana","twitter_card":"summary_large_image","twitter_misc":{"Escrito por":"Ana","Est. tempo de leitura":"5 minutos"},"schema":{"@context":"https:\/\/schema.org","@graph":[{"@type":"Article","@id":"https:\/\/lojadocentro.com.br\/moveis\/escritorio\/cadeira-presidente-2\/#article","isPartOf":{"@id":"https:\/\/lojadocentro.com.br\/moveis\/escritorio\/cadeira-presidente-2\/"},"author":{"name":"Ana","@id":"https:\/\/lojadocentro.com.br\/moveis\/#\/schema\/person\/d1d93a97964ef2dcfb9cb8d5db75d0f9"},"headline":"Cadeira Presidente","datePublished":"2026-08-10T15:00:36+00:00","dateModified":"2026-08-12T22:13:13+00:00","mainEntityOfPage":{"@id":"https:\/\/lojadocentro.com.br\/moveis\/escritorio\/cadeira-presidente-2\/"},"wordCount":608,"commentCount":0,"publisher":{"@id":"https:\/\/lojadocentro.com.br\/moveis\/#organization"},"image":{"@id":"https:\/\/lojadocentro.com.br\/moveis\/escritorio\/cadeira-presidente-2\/#primaryimage"},"thumbnailUrl":"https:\/\/lojadocentro.com.br\/moveis\/wp-content\/uploads\/2023\/03\/cadeira-presidente-bix.jpg","keywords":["Plaxmetal"],"articleSection":["Cadeira Presidente","Escrit\u00f3rio"],"inLanguage":"pt-BR","potentialAction":[{"@type":"CommentAction","name":"Comment","target":["https:\/\/lojadocentro.com.br\/moveis\/escritorio\/cadeira-presidente-2\/#respond"]}]},{"@type":"WebPage","@id":"https:\/\/lojadocentro.com.br\/moveis\/escritorio\/cadeira-presidente-2\/","url":"https:\/\/lojadocentro.com.br\/moveis\/escritorio\/cadeira-presidente-2\/","name":"Cadeira Presidente - M\u00f3veis para Escrit\u00f3rio - Loja do Centro","isPartOf":{"@id":"https:\/\/lojadocentro.com.br\/moveis\/#website"},"primaryImageOfPage":{"@id":"https:\/\/lojadocentro.com.br\/moveis\/escritorio\/cadeira-presidente-2\/#primaryimage"},"image":{"@id":"https:\/\/lojadocentro.com.br\/moveis\/escritorio\/cadeira-presidente-2\/#primaryimage"},"thumbnailUrl":"https:\/\/lojadocentro.com.br\/moveis\/wp-content\/uploads\/2023\/03\/cadeira-presidente-bix.jpg","datePublished":"2026-08-10T15:00:36+00:00","dateModified":"2026-08-12T22:13:13+00:00","description":"Cadeira Presidente BIX, com encosto em tela e assento estofado, com design universal e v\u00e1rias regulagens ergon\u00f4micas. V\u00e1rias cores.","breadcrumb":{"@id":"https:\/\/lojadocentro.com.br\/moveis\/escritorio\/cadeira-presidente-2\/#breadcrumb"},"inLanguage":"pt-BR","potentialAction":[{"@type":"ReadAction","target":["https:\/\/lojadocentro.com.br\/moveis\/escritorio\/cadeira-presidente-2\/"]}]},{"@type":"ImageObject","inLanguage":"pt-BR","@id":"https:\/\/lojadocentro.com.br\/moveis\/escritorio\/cadeira-presidente-2\/#primaryimage","url":"https:\/\/lojadocentro.com.br\/moveis\/wp-content\/uploads\/2023\/03\/cadeira-presidente-bix.jpg","contentUrl":"https:\/\/lojadocentro.com.br\/moveis\/wp-content\/uploads\/2023\/03\/cadeira-presidente-bix.jpg","width":775,"height":809,"caption":"Cadeira Presidente Hermann Miller"},{"@type":"BreadcrumbList","@id":"https:\/\/lojadocentro.com.br\/moveis\/escritorio\/cadeira-presidente-2\/#breadcrumb","itemListElement":[{"@type":"ListItem","position":1,"name":"In\u00edcio","item":"https:\/\/lojadocentro.com.br\/moveis\/"},{"@type":"ListItem","position":2,"name":"Cadeira Presidente"}]},{"@type":"WebSite","@id":"https:\/\/lojadocentro.com.br\/moveis\/#website","url":"https:\/\/lojadocentro.com.br\/moveis\/","name":"M\u00f3veis para Escrit\u00f3rio - Loja do Centro","description":"Loja de M\u00f3veis para Escrit\u00f3rio","publisher":{"@id":"https:\/\/lojadocentro.com.br\/moveis\/#organization"},"potentialAction":[{"@type":"SearchAction","target":{"@type":"EntryPoint","urlTemplate":"https:\/\/lojadocentro.com.br\/moveis\/?s={search_term_string}"},"query-input":{"@type":"PropertyValueSpecification","valueRequired":true,"valueName":"search_term_string"}}],"inLanguage":"pt-BR"},{"@type":"Organization","@id":"https:\/\/lojadocentro.com.br\/moveis\/#organization","name":"M\u00f3veis para Escrit\u00f3rio Loja do Centro","url":"https:\/\/lojadocentro.com.br\/moveis\/","logo":{"@type":"ImageObject","inLanguage":"pt-BR","@id":"https:\/\/lojadocentro.com.br\/moveis\/#\/schema\/logo\/image\/","url":"https:\/\/www.lojadocentro.com.br\/moveis\/wp-content\/uploads\/2015\/12\/moveis-para-escritorio-loja-do-centro-logo.jpg","contentUrl":"https:\/\/www.lojadocentro.com.br\/moveis\/wp-content\/uploads\/2015\/12\/moveis-para-escritorio-loja-do-centro-logo.jpg","width":275,"height":120,"caption":"M\u00f3veis para Escrit\u00f3rio Loja do Centro"},"image":{"@id":"https:\/\/lojadocentro.com.br\/moveis\/#\/schema\/logo\/image\/"}},{"@type":"Person","@id":"https:\/\/lojadocentro.com.br\/moveis\/#\/schema\/person\/d1d93a97964ef2dcfb9cb8d5db75d0f9","name":"Ana","sameAs":["http:\/\/www.lojadocentro.com.br"]}]}},"_links":{"self":[{"href":"https:\/\/lojadocentro.com.br\/moveis\/wp-json\/wp\/v2\/posts\/59518","targetHints":{"allow":["GET"]}}],"collection":[{"href":"https:\/\/lojadocentro.com.br\/moveis\/wp-json\/wp\/v2\/posts"}],"about":[{"href":"https:\/\/lojadocentro.com.br\/moveis\/wp-json\/wp\/v2\/types\/post"}],"author":[{"embeddable":true,"href":"https:\/\/lojadocentro.com.br\/moveis\/wp-json\/wp\/v2\/users\/2"}],"replies":[{"embeddable":true,"href":"https:\/\/lojadocentro.com.br\/moveis\/wp-json\/wp\/v2\/comments?post=59518"}],"version-history":[{"count":4,"href":"https:\/\/lojadocentro.com.br\/moveis\/wp-json\/wp\/v2\/posts\/59518\/revisions"}],"predecessor-version":[{"id":62201,"href":"https:\/\/lojadocentro.com.br\/moveis\/wp-json\/wp\/v2\/posts\/59518\/revisions\/62201"}],"wp:featuredmedia":[{"embeddable":true,"href":"https:\/\/lojadocentro.com.br\/moveis\/wp-json\/wp\/v2\/media\/59519"}],"wp:attachment":[{"href":"https:\/\/lojadocentro.com.br\/moveis\/wp-json\/wp\/v2\/media?parent=59518"}],"wp:term":[{"taxonomy":"category","embeddable":true,"href":"https:\/\/lojadocentro.com.br\/moveis\/wp-json\/wp\/v2\/categories?post=59518"},{"taxonomy":"post_tag","embeddable":true,"href":"https:\/\/lojadocentro.com.br\/moveis\/wp-json\/wp\/v2\/tags?post=59518"},{"taxonomy":"segmentos","embeddable":true,"href":"https:\/\/lojadocentro.com.br\/moveis\/wp-json\/wp\/v2\/segmentos?post=59518"}],"curies":[{"name":"wp","href":"https:\/\/api.w.org\/{rel}","templated":true}]}}