{"id":61506,"date":"2025-08-18T18:34:21","date_gmt":"2025-08-18T21:34:21","guid":{"rendered":"https:\/\/lojadocentro.com.br\/moveis\/?p=61506"},"modified":"2026-07-24T14:06:00","modified_gmt":"2026-07-24T17:06:00","slug":"moveis-corp-planejados","status":"publish","type":"post","link":"https:\/\/lojadocentro.com.br\/moveis\/escritorio\/moveis-corp-planejados\/","title":{"rendered":"M\u00f3veis Corp Planejados"},"content":{"rendered":"<h2>M\u00f3veis Corporativos Planejados<\/h2>\n<p>M\u00f3veis Corporativos Planejados<\/p>\n<p><!--more--><\/p>\n<p>&nbsp;<\/p>\n<p><img fetchpriority=\"high\" decoding=\"async\" class=\"alignnone  wp-image-61508\" src=\"https:\/\/lojadocentro.com.br\/moveis\/wp-content\/uploads\/2025\/08\/mesa-plataforma-projeto-especial-1024x773.jpg\" alt=\"Mesa Plataforma Especial\" width=\"855\" height=\"646\" srcset=\"https:\/\/lojadocentro.com.br\/moveis\/wp-content\/uploads\/2025\/08\/mesa-plataforma-projeto-especial-1024x773.jpg 1024w, https:\/\/lojadocentro.com.br\/moveis\/wp-content\/uploads\/2025\/08\/mesa-plataforma-projeto-especial-300x226.jpg 300w, https:\/\/lojadocentro.com.br\/moveis\/wp-content\/uploads\/2025\/08\/mesa-plataforma-projeto-especial-200x151.jpg 200w, https:\/\/lojadocentro.com.br\/moveis\/wp-content\/uploads\/2025\/08\/mesa-plataforma-projeto-especial-768x580.jpg 768w, https:\/\/lojadocentro.com.br\/moveis\/wp-content\/uploads\/2025\/08\/mesa-plataforma-projeto-especial.jpg 1264w\" sizes=\"(max-width: 855px) 100vw, 855px\" \/><\/p>\n<p>Esse fornecimento n\u00f3s fizemos em parceria com um escrit\u00f3rio de arquitetura que forneceu as medidas especiais para essas mesas plataforma, qu precisavam ser de 1,30 m de profundidade. Essas mesas duplas, essas mesas plataforma duplas tem estrutura de a\u00e7o, subidas centrais de cabos, calhas horizontais sob os tampos para acomoda\u00e7\u00e3o dos fios e caixas de conectividade individuais para tomadas el\u00e9tricas e para rede e dados. Acima, imagem feita logo ap\u00f3s a montagem.<\/p>\n<p>&nbsp;<\/p>\n<p><img decoding=\"async\" class=\"alignnone  wp-image-62175\" src=\"https:\/\/lojadocentro.com.br\/moveis\/wp-content\/uploads\/2025\/08\/moveis-corporativos-planejados-1024x768.jpeg\" alt=\"Mobili\u00e1rio Corporativo; em S\u00e3o Paulo\" width=\"881\" height=\"661\" srcset=\"https:\/\/lojadocentro.com.br\/moveis\/wp-content\/uploads\/2025\/08\/moveis-corporativos-planejados-1024x768.jpeg 1024w, https:\/\/lojadocentro.com.br\/moveis\/wp-content\/uploads\/2025\/08\/moveis-corporativos-planejados-300x225.jpeg 300w, https:\/\/lojadocentro.com.br\/moveis\/wp-content\/uploads\/2025\/08\/moveis-corporativos-planejados-200x150.jpeg 200w, https:\/\/lojadocentro.com.br\/moveis\/wp-content\/uploads\/2025\/08\/moveis-corporativos-planejados-768x576.jpeg 768w, https:\/\/lojadocentro.com.br\/moveis\/wp-content\/uploads\/2025\/08\/moveis-corporativos-planejados.jpeg 1280w\" sizes=\"(max-width: 881px) 100vw, 881px\" \/><\/p>\n<p>Fornecimento que fizemos diretamente para nosso cliente, uma imobili\u00e1ria virtual na regi\u00e3o do bairro da Consola\u00e7\u00e3o em S\u00e3o Paulo.<br \/>\nS\u00e3o mesas plataforma para v\u00e1rios andares. Algumas com painel divisor suspenso, outras sem. Com caixas de conectividade met\u00e1licas. Acompanhamos o crescimento deste cliente desde o in\u00edcio de suas opera\u00e7\u00f5es, mudando de sede com eles tr\u00eas vezes! Sempre com\u00a0 aproveitamento do mobili\u00e1rio anterior. S\u00f3 ampliando.<\/p>\n<p><img decoding=\"async\" class=\"alignnone  wp-image-62176\" src=\"https:\/\/lojadocentro.com.br\/moveis\/wp-content\/uploads\/2025\/08\/locker-de-fechadura-com-segredo.jpg\" alt=\"M\u00f3veis Corporativos Lockers; em S\u00e3o Paulo\" width=\"440\" height=\"456\" srcset=\"https:\/\/lojadocentro.com.br\/moveis\/wp-content\/uploads\/2025\/08\/locker-de-fechadura-com-segredo.jpg 674w, https:\/\/lojadocentro.com.br\/moveis\/wp-content\/uploads\/2025\/08\/locker-de-fechadura-com-segredo-290x300.jpg 290w, https:\/\/lojadocentro.com.br\/moveis\/wp-content\/uploads\/2025\/08\/locker-de-fechadura-com-segredo-193x200.jpg 193w\" sizes=\"(max-width: 440px) 100vw, 440px\" \/><img loading=\"lazy\" decoding=\"async\" class=\"alignnone  wp-image-62178\" src=\"https:\/\/lojadocentro.com.br\/moveis\/wp-content\/uploads\/2025\/08\/moveis-corporativos-planejados-2.jpg\" alt=\"M\u00f3veis Corporativos Locker; em S\u00e3o Paulo\" width=\"441\" height=\"457\" srcset=\"https:\/\/lojadocentro.com.br\/moveis\/wp-content\/uploads\/2025\/08\/moveis-corporativos-planejados-2.jpg 674w, https:\/\/lojadocentro.com.br\/moveis\/wp-content\/uploads\/2025\/08\/moveis-corporativos-planejados-2-290x300.jpg 290w, https:\/\/lojadocentro.com.br\/moveis\/wp-content\/uploads\/2025\/08\/moveis-corporativos-planejados-2-193x200.jpg 193w\" sizes=\"(max-width: 441px) 100vw, 441px\" \/><\/p>\n<p>Lockers com fechadura digital fornecidos de acordo com planejamento do espa\u00e7o para um de nossos clientes.<\/p>\n<p>&nbsp;<\/p>\n<p><img loading=\"lazy\" decoding=\"async\" class=\"alignnone  wp-image-62174\" src=\"https:\/\/lojadocentro.com.br\/moveis\/wp-content\/uploads\/2025\/08\/moveis-corporativos-planejados-1-1024x539.jpg\" alt=\"Mobili\u00e1rio Corporativo; em S\u00e3o Paulo\" width=\"872\" height=\"459\" srcset=\"https:\/\/lojadocentro.com.br\/moveis\/wp-content\/uploads\/2025\/08\/moveis-corporativos-planejados-1-1024x539.jpg 1024w, https:\/\/lojadocentro.com.br\/moveis\/wp-content\/uploads\/2025\/08\/moveis-corporativos-planejados-1-300x158.jpg 300w, https:\/\/lojadocentro.com.br\/moveis\/wp-content\/uploads\/2025\/08\/moveis-corporativos-planejados-1-200x105.jpg 200w, https:\/\/lojadocentro.com.br\/moveis\/wp-content\/uploads\/2025\/08\/moveis-corporativos-planejados-1-768x405.jpg 768w, https:\/\/lojadocentro.com.br\/moveis\/wp-content\/uploads\/2025\/08\/moveis-corporativos-planejados-1.jpg 1363w\" sizes=\"(max-width: 872px) 100vw, 872px\" \/><\/p>\n<p>&nbsp;<\/p>\n<p>J\u00e1 nesse escrit\u00f3rio de contabilidade acima, fiz o lay-out com mesas do tamanho que o cliente precisava com suporte para 2 monitores de cada lado. A profundidade da mesa dupla precisava ser maior, assim como essas prateleiras ou suportes para monitores. Ajeitamos cada detalhe para adequar o mobili\u00e1rio \u00e0s necessidades de cada cliente e tamb\u00e9m ao espa\u00e7o dispon\u00edvel.<\/p>\n<p>&nbsp;<\/p>\n<p><img loading=\"lazy\" decoding=\"async\" class=\"alignnone  wp-image-62172\" src=\"https:\/\/lojadocentro.com.br\/moveis\/wp-content\/uploads\/2025\/08\/mesas-de-treinamento-colgate-1-1024x768.jpeg\" alt=\"Mesas Trap\u00e9zio para Treinamento; em S\u00e3o Paulo\" width=\"786\" height=\"590\" srcset=\"https:\/\/lojadocentro.com.br\/moveis\/wp-content\/uploads\/2025\/08\/mesas-de-treinamento-colgate-1-1024x768.jpeg 1024w, https:\/\/lojadocentro.com.br\/moveis\/wp-content\/uploads\/2025\/08\/mesas-de-treinamento-colgate-1-300x225.jpeg 300w, https:\/\/lojadocentro.com.br\/moveis\/wp-content\/uploads\/2025\/08\/mesas-de-treinamento-colgate-1-200x150.jpeg 200w, https:\/\/lojadocentro.com.br\/moveis\/wp-content\/uploads\/2025\/08\/mesas-de-treinamento-colgate-1-768x576.jpeg 768w, https:\/\/lojadocentro.com.br\/moveis\/wp-content\/uploads\/2025\/08\/mesas-de-treinamento-colgate-1.jpeg 1280w\" sizes=\"(max-width: 786px) 100vw, 786px\" \/><\/p>\n<p><img loading=\"lazy\" decoding=\"async\" class=\"alignnone  wp-image-62171\" src=\"https:\/\/lojadocentro.com.br\/moveis\/wp-content\/uploads\/2025\/08\/mesas-de-treinamento-colgate-2-1-1024x768.jpeg\" alt=\"Mesas trapezoidais ou mesas trap\u00e9zio para Treinamento e Reuni\u00e3o; em S\u00e3o Paulo\" width=\"787\" height=\"590\" srcset=\"https:\/\/lojadocentro.com.br\/moveis\/wp-content\/uploads\/2025\/08\/mesas-de-treinamento-colgate-2-1-1024x768.jpeg 1024w, https:\/\/lojadocentro.com.br\/moveis\/wp-content\/uploads\/2025\/08\/mesas-de-treinamento-colgate-2-1-300x225.jpeg 300w, https:\/\/lojadocentro.com.br\/moveis\/wp-content\/uploads\/2025\/08\/mesas-de-treinamento-colgate-2-1-200x150.jpeg 200w, https:\/\/lojadocentro.com.br\/moveis\/wp-content\/uploads\/2025\/08\/mesas-de-treinamento-colgate-2-1-768x576.jpeg 768w, https:\/\/lojadocentro.com.br\/moveis\/wp-content\/uploads\/2025\/08\/mesas-de-treinamento-colgate-2-1.jpeg 1280w\" sizes=\"(max-width: 787px) 100vw, 787px\" \/><\/p>\n<p>Uma das salas de Treinamento da Colgate para 10 pesoas que fizemos atrav\u00e9s de outro escrit\u00f3rio de arquitetura, utilizando mesas trapezoidais ou mesas trap\u00e9zio para conseguir exatamente essa composi\u00e7\u00e3o.<\/p>\n<p>&nbsp;<\/p>\n","protected":false},"excerpt":{"rendered":"<p>M\u00f3veis Corporativos Planejados M\u00f3veis Corporativos Planejados<\/p>\n","protected":false},"author":2,"featured_media":61507,"comment_status":"open","ping_status":"open","sticky":false,"template":"","format":"standard","meta":{"_exactmetrics_skip_tracking":false,"site-sidebar-layout":"default","site-content-layout":"","ast-site-content-layout":"default","site-content-style":"default","site-sidebar-style":"default","ast-global-header-display":"","ast-banner-title-visibility":"","ast-main-header-display":"","ast-hfb-above-header-display":"","ast-hfb-below-header-display":"","ast-hfb-mobile-header-display":"","site-post-title":"","ast-breadcrumbs-content":"","ast-featured-img":"","footer-sml-layout":"","theme-transparent-header-meta":"default","adv-header-id-meta":"","stick-header-meta":"default","header-above-stick-meta":"","header-main-stick-meta":"","header-below-stick-meta":"","astra-migrate-meta-layouts":"set","ast-page-background-enabled":"default","ast-page-background-meta":{"desktop":{"background-color":"var(--ast-global-color-4)","background-image":"","background-repeat":"repeat","background-position":"center center","background-size":"auto","background-attachment":"scroll","background-type":"","background-media":"","overlay-type":"","overlay-color":"","overlay-opacity":"","overlay-gradient":""},"tablet":{"background-color":"","background-image":"","background-repeat":"repeat","background-position":"center center","background-size":"auto","background-attachment":"scroll","background-type":"","background-media":"","overlay-type":"","overlay-color":"","overlay-opacity":"","overlay-gradient":""},"mobile":{"background-color":"","background-image":"","background-repeat":"repeat","background-position":"center center","background-size":"auto","background-attachment":"scroll","background-type":"","background-media":"","overlay-type":"","overlay-color":"","overlay-opacity":"","overlay-gradient":""}},"ast-content-background-meta":{"desktop":{"background-color":"var(--ast-global-color-5)","background-image":"","background-repeat":"repeat","background-position":"center center","background-size":"auto","background-attachment":"scroll","background-type":"","background-media":"","overlay-type":"","overlay-color":"","overlay-opacity":"","overlay-gradient":""},"tablet":{"background-color":"var(--ast-global-color-5)","background-image":"","background-repeat":"repeat","background-position":"center center","background-size":"auto","background-attachment":"scroll","background-type":"","background-media":"","overlay-type":"","overlay-color":"","overlay-opacity":"","overlay-gradient":""},"mobile":{"background-color":"var(--ast-global-color-5)","background-image":"","background-repeat":"repeat","background-position":"center center","background-size":"auto","background-attachment":"scroll","background-type":"","background-media":"","overlay-type":"","overlay-color":"","overlay-opacity":"","overlay-gradient":""}},"footnotes":""},"categories":[1],"tags":[],"segmentos":[270],"class_list":["post-61506","post","type-post","status-publish","format-standard","has-post-thumbnail","hentry","category-escritorio","segmentos-moveis-planejados-para-escritorio"],"yoast_head":"<!-- This site is optimized with the Yoast SEO plugin v28.2 - https:\/\/yoast.com\/product\/yoast-seo-wordpress\/ -->\n<title>M\u00f3veis Corp Planejados - M\u00f3veis para Escrit\u00f3rio - Loja do Centro<\/title>\n<meta name=\"description\" content=\"M\u00f3veis Corporativos Planejados com mesas plataforma, de treinamento, mesas de refeit\u00f3rio, tudo sob medida, projetado para cada espa\u00e7o.\" \/>\n<meta name=\"robots\" content=\"index, follow, max-snippet:-1, max-image-preview:large, max-video-preview:-1\" \/>\n<link rel=\"canonical\" href=\"https:\/\/lojadocentro.com.br\/moveis\/escritorio\/moveis-corp-planejados\/\" \/>\n<meta property=\"og:locale\" content=\"pt_BR\" \/>\n<meta property=\"og:type\" content=\"article\" \/>\n<meta property=\"og:title\" content=\"M\u00f3veis Corp Planejados - M\u00f3veis para Escrit\u00f3rio - Loja do Centro\" \/>\n<meta property=\"og:description\" content=\"M\u00f3veis Corporativos Planejados com mesas plataforma, de treinamento, mesas de refeit\u00f3rio, tudo sob medida, projetado para cada espa\u00e7o.\" \/>\n<meta property=\"og:url\" content=\"https:\/\/lojadocentro.com.br\/moveis\/escritorio\/moveis-corp-planejados\/\" \/>\n<meta property=\"og:site_name\" content=\"M\u00f3veis para Escrit\u00f3rio - Loja do Centro\" \/>\n<meta property=\"article:published_time\" content=\"2025-08-18T21:34:21+00:00\" \/>\n<meta property=\"article:modified_time\" content=\"2026-07-24T17:06:00+00:00\" \/>\n<meta property=\"og:image\" content=\"https:\/\/lojadocentro.com.br\/moveis\/wp-content\/uploads\/2025\/08\/moveis-corp-planejados.jpg\" \/>\n\t<meta property=\"og:image:width\" content=\"1273\" \/>\n\t<meta property=\"og:image:height\" content=\"951\" \/>\n\t<meta property=\"og:image:type\" content=\"image\/jpeg\" \/>\n<meta name=\"author\" content=\"Ana\" \/>\n<meta name=\"twitter:card\" content=\"summary_large_image\" \/>\n<meta name=\"twitter:label1\" content=\"Escrito por\" \/>\n\t<meta name=\"twitter:data1\" content=\"Ana\" \/>\n\t<meta name=\"twitter:label2\" content=\"Est. tempo de leitura\" \/>\n\t<meta name=\"twitter:data2\" content=\"3 minutos\" \/>\n<script type=\"application\/ld+json\" class=\"yoast-schema-graph\">{\"@context\":\"https:\\\/\\\/schema.org\",\"@graph\":[{\"@type\":\"Article\",\"@id\":\"https:\\\/\\\/lojadocentro.com.br\\\/moveis\\\/escritorio\\\/moveis-corp-planejados\\\/#article\",\"isPartOf\":{\"@id\":\"https:\\\/\\\/lojadocentro.com.br\\\/moveis\\\/escritorio\\\/moveis-corp-planejados\\\/\"},\"author\":{\"name\":\"Ana\",\"@id\":\"https:\\\/\\\/lojadocentro.com.br\\\/moveis\\\/#\\\/schema\\\/person\\\/d1d93a97964ef2dcfb9cb8d5db75d0f9\"},\"headline\":\"M\u00f3veis Corp Planejados\",\"datePublished\":\"2025-08-18T21:34:21+00:00\",\"dateModified\":\"2026-07-24T17:06:00+00:00\",\"mainEntityOfPage\":{\"@id\":\"https:\\\/\\\/lojadocentro.com.br\\\/moveis\\\/escritorio\\\/moveis-corp-planejados\\\/\"},\"wordCount\":280,\"commentCount\":0,\"publisher\":{\"@id\":\"https:\\\/\\\/lojadocentro.com.br\\\/moveis\\\/#organization\"},\"image\":{\"@id\":\"https:\\\/\\\/lojadocentro.com.br\\\/moveis\\\/escritorio\\\/moveis-corp-planejados\\\/#primaryimage\"},\"thumbnailUrl\":\"https:\\\/\\\/lojadocentro.com.br\\\/moveis\\\/wp-content\\\/uploads\\\/2025\\\/08\\\/moveis-corp-planejados.jpg\",\"articleSection\":[\"Escrit\u00f3rio\"],\"inLanguage\":\"pt-BR\",\"potentialAction\":[{\"@type\":\"CommentAction\",\"name\":\"Comment\",\"target\":[\"https:\\\/\\\/lojadocentro.com.br\\\/moveis\\\/escritorio\\\/moveis-corp-planejados\\\/#respond\"]}]},{\"@type\":\"WebPage\",\"@id\":\"https:\\\/\\\/lojadocentro.com.br\\\/moveis\\\/escritorio\\\/moveis-corp-planejados\\\/\",\"url\":\"https:\\\/\\\/lojadocentro.com.br\\\/moveis\\\/escritorio\\\/moveis-corp-planejados\\\/\",\"name\":\"M\u00f3veis Corp Planejados - M\u00f3veis para Escrit\u00f3rio - Loja do Centro\",\"isPartOf\":{\"@id\":\"https:\\\/\\\/lojadocentro.com.br\\\/moveis\\\/#website\"},\"primaryImageOfPage\":{\"@id\":\"https:\\\/\\\/lojadocentro.com.br\\\/moveis\\\/escritorio\\\/moveis-corp-planejados\\\/#primaryimage\"},\"image\":{\"@id\":\"https:\\\/\\\/lojadocentro.com.br\\\/moveis\\\/escritorio\\\/moveis-corp-planejados\\\/#primaryimage\"},\"thumbnailUrl\":\"https:\\\/\\\/lojadocentro.com.br\\\/moveis\\\/wp-content\\\/uploads\\\/2025\\\/08\\\/moveis-corp-planejados.jpg\",\"datePublished\":\"2025-08-18T21:34:21+00:00\",\"dateModified\":\"2026-07-24T17:06:00+00:00\",\"description\":\"M\u00f3veis Corporativos Planejados com mesas plataforma, de treinamento, mesas de refeit\u00f3rio, tudo sob medida, projetado para cada espa\u00e7o.\",\"breadcrumb\":{\"@id\":\"https:\\\/\\\/lojadocentro.com.br\\\/moveis\\\/escritorio\\\/moveis-corp-planejados\\\/#breadcrumb\"},\"inLanguage\":\"pt-BR\",\"potentialAction\":[{\"@type\":\"ReadAction\",\"target\":[\"https:\\\/\\\/lojadocentro.com.br\\\/moveis\\\/escritorio\\\/moveis-corp-planejados\\\/\"]}]},{\"@type\":\"ImageObject\",\"inLanguage\":\"pt-BR\",\"@id\":\"https:\\\/\\\/lojadocentro.com.br\\\/moveis\\\/escritorio\\\/moveis-corp-planejados\\\/#primaryimage\",\"url\":\"https:\\\/\\\/lojadocentro.com.br\\\/moveis\\\/wp-content\\\/uploads\\\/2025\\\/08\\\/moveis-corp-planejados.jpg\",\"contentUrl\":\"https:\\\/\\\/lojadocentro.com.br\\\/moveis\\\/wp-content\\\/uploads\\\/2025\\\/08\\\/moveis-corp-planejados.jpg\",\"width\":1273,\"height\":951,\"caption\":\"M\u00f3veis Corporativos Planejados\"},{\"@type\":\"BreadcrumbList\",\"@id\":\"https:\\\/\\\/lojadocentro.com.br\\\/moveis\\\/escritorio\\\/moveis-corp-planejados\\\/#breadcrumb\",\"itemListElement\":[{\"@type\":\"ListItem\",\"position\":1,\"name\":\"In\u00edcio\",\"item\":\"https:\\\/\\\/lojadocentro.com.br\\\/moveis\\\/\"},{\"@type\":\"ListItem\",\"position\":2,\"name\":\"M\u00f3veis Corp Planejados\"}]},{\"@type\":\"WebSite\",\"@id\":\"https:\\\/\\\/lojadocentro.com.br\\\/moveis\\\/#website\",\"url\":\"https:\\\/\\\/lojadocentro.com.br\\\/moveis\\\/\",\"name\":\"M\u00f3veis para Escrit\u00f3rio - Loja do Centro\",\"description\":\"Loja de M\u00f3veis para Escrit\u00f3rio\",\"publisher\":{\"@id\":\"https:\\\/\\\/lojadocentro.com.br\\\/moveis\\\/#organization\"},\"potentialAction\":[{\"@type\":\"SearchAction\",\"target\":{\"@type\":\"EntryPoint\",\"urlTemplate\":\"https:\\\/\\\/lojadocentro.com.br\\\/moveis\\\/?s={search_term_string}\"},\"query-input\":{\"@type\":\"PropertyValueSpecification\",\"valueRequired\":true,\"valueName\":\"search_term_string\"}}],\"inLanguage\":\"pt-BR\"},{\"@type\":\"Organization\",\"@id\":\"https:\\\/\\\/lojadocentro.com.br\\\/moveis\\\/#organization\",\"name\":\"M\u00f3veis para Escrit\u00f3rio Loja do Centro\",\"url\":\"https:\\\/\\\/lojadocentro.com.br\\\/moveis\\\/\",\"logo\":{\"@type\":\"ImageObject\",\"inLanguage\":\"pt-BR\",\"@id\":\"https:\\\/\\\/lojadocentro.com.br\\\/moveis\\\/#\\\/schema\\\/logo\\\/image\\\/\",\"url\":\"https:\\\/\\\/www.lojadocentro.com.br\\\/moveis\\\/wp-content\\\/uploads\\\/2015\\\/12\\\/moveis-para-escritorio-loja-do-centro-logo.jpg\",\"contentUrl\":\"https:\\\/\\\/www.lojadocentro.com.br\\\/moveis\\\/wp-content\\\/uploads\\\/2015\\\/12\\\/moveis-para-escritorio-loja-do-centro-logo.jpg\",\"width\":275,\"height\":120,\"caption\":\"M\u00f3veis para Escrit\u00f3rio Loja do Centro\"},\"image\":{\"@id\":\"https:\\\/\\\/lojadocentro.com.br\\\/moveis\\\/#\\\/schema\\\/logo\\\/image\\\/\"}},{\"@type\":\"Person\",\"@id\":\"https:\\\/\\\/lojadocentro.com.br\\\/moveis\\\/#\\\/schema\\\/person\\\/d1d93a97964ef2dcfb9cb8d5db75d0f9\",\"name\":\"Ana\",\"sameAs\":[\"http:\\\/\\\/www.lojadocentro.com.br\"]}]}<\/script>\n<!-- \/ Yoast SEO plugin. -->","yoast_head_json":{"title":"M\u00f3veis Corp Planejados - M\u00f3veis para Escrit\u00f3rio - Loja do Centro","description":"M\u00f3veis Corporativos Planejados com mesas plataforma, de treinamento, mesas de refeit\u00f3rio, tudo sob medida, projetado para cada espa\u00e7o.","robots":{"index":"index","follow":"follow","max-snippet":"max-snippet:-1","max-image-preview":"max-image-preview:large","max-video-preview":"max-video-preview:-1"},"canonical":"https:\/\/lojadocentro.com.br\/moveis\/escritorio\/moveis-corp-planejados\/","og_locale":"pt_BR","og_type":"article","og_title":"M\u00f3veis Corp Planejados - M\u00f3veis para Escrit\u00f3rio - Loja do Centro","og_description":"M\u00f3veis Corporativos Planejados com mesas plataforma, de treinamento, mesas de refeit\u00f3rio, tudo sob medida, projetado para cada espa\u00e7o.","og_url":"https:\/\/lojadocentro.com.br\/moveis\/escritorio\/moveis-corp-planejados\/","og_site_name":"M\u00f3veis para Escrit\u00f3rio - Loja do Centro","article_published_time":"2025-08-18T21:34:21+00:00","article_modified_time":"2026-07-24T17:06:00+00:00","og_image":[{"width":1273,"height":951,"url":"https:\/\/lojadocentro.com.br\/moveis\/wp-content\/uploads\/2025\/08\/moveis-corp-planejados.jpg","type":"image\/jpeg"}],"author":"Ana","twitter_card":"summary_large_image","twitter_misc":{"Escrito por":"Ana","Est. tempo de leitura":"3 minutos"},"schema":{"@context":"https:\/\/schema.org","@graph":[{"@type":"Article","@id":"https:\/\/lojadocentro.com.br\/moveis\/escritorio\/moveis-corp-planejados\/#article","isPartOf":{"@id":"https:\/\/lojadocentro.com.br\/moveis\/escritorio\/moveis-corp-planejados\/"},"author":{"name":"Ana","@id":"https:\/\/lojadocentro.com.br\/moveis\/#\/schema\/person\/d1d93a97964ef2dcfb9cb8d5db75d0f9"},"headline":"M\u00f3veis Corp Planejados","datePublished":"2025-08-18T21:34:21+00:00","dateModified":"2026-07-24T17:06:00+00:00","mainEntityOfPage":{"@id":"https:\/\/lojadocentro.com.br\/moveis\/escritorio\/moveis-corp-planejados\/"},"wordCount":280,"commentCount":0,"publisher":{"@id":"https:\/\/lojadocentro.com.br\/moveis\/#organization"},"image":{"@id":"https:\/\/lojadocentro.com.br\/moveis\/escritorio\/moveis-corp-planejados\/#primaryimage"},"thumbnailUrl":"https:\/\/lojadocentro.com.br\/moveis\/wp-content\/uploads\/2025\/08\/moveis-corp-planejados.jpg","articleSection":["Escrit\u00f3rio"],"inLanguage":"pt-BR","potentialAction":[{"@type":"CommentAction","name":"Comment","target":["https:\/\/lojadocentro.com.br\/moveis\/escritorio\/moveis-corp-planejados\/#respond"]}]},{"@type":"WebPage","@id":"https:\/\/lojadocentro.com.br\/moveis\/escritorio\/moveis-corp-planejados\/","url":"https:\/\/lojadocentro.com.br\/moveis\/escritorio\/moveis-corp-planejados\/","name":"M\u00f3veis Corp Planejados - M\u00f3veis para Escrit\u00f3rio - Loja do Centro","isPartOf":{"@id":"https:\/\/lojadocentro.com.br\/moveis\/#website"},"primaryImageOfPage":{"@id":"https:\/\/lojadocentro.com.br\/moveis\/escritorio\/moveis-corp-planejados\/#primaryimage"},"image":{"@id":"https:\/\/lojadocentro.com.br\/moveis\/escritorio\/moveis-corp-planejados\/#primaryimage"},"thumbnailUrl":"https:\/\/lojadocentro.com.br\/moveis\/wp-content\/uploads\/2025\/08\/moveis-corp-planejados.jpg","datePublished":"2025-08-18T21:34:21+00:00","dateModified":"2026-07-24T17:06:00+00:00","description":"M\u00f3veis Corporativos Planejados com mesas plataforma, de treinamento, mesas de refeit\u00f3rio, tudo sob medida, projetado para cada espa\u00e7o.","breadcrumb":{"@id":"https:\/\/lojadocentro.com.br\/moveis\/escritorio\/moveis-corp-planejados\/#breadcrumb"},"inLanguage":"pt-BR","potentialAction":[{"@type":"ReadAction","target":["https:\/\/lojadocentro.com.br\/moveis\/escritorio\/moveis-corp-planejados\/"]}]},{"@type":"ImageObject","inLanguage":"pt-BR","@id":"https:\/\/lojadocentro.com.br\/moveis\/escritorio\/moveis-corp-planejados\/#primaryimage","url":"https:\/\/lojadocentro.com.br\/moveis\/wp-content\/uploads\/2025\/08\/moveis-corp-planejados.jpg","contentUrl":"https:\/\/lojadocentro.com.br\/moveis\/wp-content\/uploads\/2025\/08\/moveis-corp-planejados.jpg","width":1273,"height":951,"caption":"M\u00f3veis Corporativos Planejados"},{"@type":"BreadcrumbList","@id":"https:\/\/lojadocentro.com.br\/moveis\/escritorio\/moveis-corp-planejados\/#breadcrumb","itemListElement":[{"@type":"ListItem","position":1,"name":"In\u00edcio","item":"https:\/\/lojadocentro.com.br\/moveis\/"},{"@type":"ListItem","position":2,"name":"M\u00f3veis Corp Planejados"}]},{"@type":"WebSite","@id":"https:\/\/lojadocentro.com.br\/moveis\/#website","url":"https:\/\/lojadocentro.com.br\/moveis\/","name":"M\u00f3veis para Escrit\u00f3rio - Loja do Centro","description":"Loja de M\u00f3veis para Escrit\u00f3rio","publisher":{"@id":"https:\/\/lojadocentro.com.br\/moveis\/#organization"},"potentialAction":[{"@type":"SearchAction","target":{"@type":"EntryPoint","urlTemplate":"https:\/\/lojadocentro.com.br\/moveis\/?s={search_term_string}"},"query-input":{"@type":"PropertyValueSpecification","valueRequired":true,"valueName":"search_term_string"}}],"inLanguage":"pt-BR"},{"@type":"Organization","@id":"https:\/\/lojadocentro.com.br\/moveis\/#organization","name":"M\u00f3veis para Escrit\u00f3rio Loja do Centro","url":"https:\/\/lojadocentro.com.br\/moveis\/","logo":{"@type":"ImageObject","inLanguage":"pt-BR","@id":"https:\/\/lojadocentro.com.br\/moveis\/#\/schema\/logo\/image\/","url":"https:\/\/www.lojadocentro.com.br\/moveis\/wp-content\/uploads\/2015\/12\/moveis-para-escritorio-loja-do-centro-logo.jpg","contentUrl":"https:\/\/www.lojadocentro.com.br\/moveis\/wp-content\/uploads\/2015\/12\/moveis-para-escritorio-loja-do-centro-logo.jpg","width":275,"height":120,"caption":"M\u00f3veis para Escrit\u00f3rio Loja do Centro"},"image":{"@id":"https:\/\/lojadocentro.com.br\/moveis\/#\/schema\/logo\/image\/"}},{"@type":"Person","@id":"https:\/\/lojadocentro.com.br\/moveis\/#\/schema\/person\/d1d93a97964ef2dcfb9cb8d5db75d0f9","name":"Ana","sameAs":["http:\/\/www.lojadocentro.com.br"]}]}},"_links":{"self":[{"href":"https:\/\/lojadocentro.com.br\/moveis\/wp-json\/wp\/v2\/posts\/61506","targetHints":{"allow":["GET"]}}],"collection":[{"href":"https:\/\/lojadocentro.com.br\/moveis\/wp-json\/wp\/v2\/posts"}],"about":[{"href":"https:\/\/lojadocentro.com.br\/moveis\/wp-json\/wp\/v2\/types\/post"}],"author":[{"embeddable":true,"href":"https:\/\/lojadocentro.com.br\/moveis\/wp-json\/wp\/v2\/users\/2"}],"replies":[{"embeddable":true,"href":"https:\/\/lojadocentro.com.br\/moveis\/wp-json\/wp\/v2\/comments?post=61506"}],"version-history":[{"count":5,"href":"https:\/\/lojadocentro.com.br\/moveis\/wp-json\/wp\/v2\/posts\/61506\/revisions"}],"predecessor-version":[{"id":62180,"href":"https:\/\/lojadocentro.com.br\/moveis\/wp-json\/wp\/v2\/posts\/61506\/revisions\/62180"}],"wp:featuredmedia":[{"embeddable":true,"href":"https:\/\/lojadocentro.com.br\/moveis\/wp-json\/wp\/v2\/media\/61507"}],"wp:attachment":[{"href":"https:\/\/lojadocentro.com.br\/moveis\/wp-json\/wp\/v2\/media?parent=61506"}],"wp:term":[{"taxonomy":"category","embeddable":true,"href":"https:\/\/lojadocentro.com.br\/moveis\/wp-json\/wp\/v2\/categories?post=61506"},{"taxonomy":"post_tag","embeddable":true,"href":"https:\/\/lojadocentro.com.br\/moveis\/wp-json\/wp\/v2\/tags?post=61506"},{"taxonomy":"segmentos","embeddable":true,"href":"https:\/\/lojadocentro.com.br\/moveis\/wp-json\/wp\/v2\/segmentos?post=61506"}],"curies":[{"name":"wp","href":"https:\/\/api.w.org\/{rel}","templated":true}]}}