{"id":62354,"date":"2026-09-02T15:07:39","date_gmt":"2026-09-02T18:07:39","guid":{"rendered":"https:\/\/lojadocentro.com.br\/moveis\/?p=62354"},"modified":"2026-09-02T15:23:06","modified_gmt":"2026-09-02T18:23:06","slug":"mesa-de-reuniao-com-base-caixa","status":"publish","type":"post","link":"https:\/\/lojadocentro.com.br\/moveis\/mesas-para-escritorio\/mesas-para-reuniao\/mesa-de-reuniao-com-base-caixa\/","title":{"rendered":"Mesa de Reuni\u00e3o com Base Caixa"},"content":{"rendered":"<h1 class=\"PDq2pG_selectionAnchorContainer\" data-section-id=\"1fq5nf\" data-start=\"811\" data-end=\"873\">Mesa de Reuni\u00e3o com Base Caixa para Escrit\u00f3rios Corporativos<\/h1>\n<p data-start=\"875\" data-end=\"982\"><strong data-start=\"875\" data-end=\"982\">Design arquitet\u00f4nico, presen\u00e7a marcante e diferentes configura\u00e7\u00f5es para salas de reuni\u00e3o de alto padr\u00e3o<\/strong><\/p>\n<p data-start=\"984\" data-end=\"1329\">A <strong data-start=\"986\" data-end=\"1020\">Mesa de Reuni\u00e3o com Base Caixa<\/strong> \u00e9 uma solu\u00e7\u00e3o desenvolvida para projetos corporativos que exigem mais do que funcionalidade. Com desenho contempor\u00e2neo, propor\u00e7\u00f5es equilibradas e uma base de presen\u00e7a marcante, o modelo valoriza salas de reuni\u00e3o, diretorias e ambientes destinados a encontros estrat\u00e9gicos, apresenta\u00e7\u00f5es e tomadas de decis\u00e3o.<\/p>\n<p data-start=\"984\" data-end=\"1329\"><!--more--><\/p>\n<p data-start=\"1331\" data-end=\"1624\">\u00c9 especialmente indicada para <strong data-start=\"1361\" data-end=\"1551\">escrit\u00f3rios corporativos de m\u00e9dio e grande porte, escrit\u00f3rios de advocacia, empresas de engenharia e tecnologia, consultorias, sedes administrativas e projetos de arquitetura corporativa<\/strong> nos quais o mobili\u00e1rio precisa acompanhar o padr\u00e3o est\u00e9tico do ambiente.<\/p>\n<h2 data-section-id=\"142sdjr\" data-start=\"1626\" data-end=\"1684\">Base caixa: uma solu\u00e7\u00e3o de forte presen\u00e7a arquitet\u00f4nica<\/h2>\n<p data-start=\"1686\" data-end=\"1884\">A principal caracter\u00edstica deste modelo \u00e9 sua <strong data-start=\"1732\" data-end=\"1759\">base central tipo caixa<\/strong>, que substitui estruturas convencionais com p\u00e9s aparentes e proporciona uma composi\u00e7\u00e3o visual mais s\u00f3lida, elegante e limpa.<\/p>\n<p data-start=\"1886\" data-end=\"2110\">O desenho cria um volume arquitet\u00f4nico cont\u00ednuo e confere \u00e0 mesa uma apar\u00eancia mais integrada ao projeto de interiores, com <strong data-start=\"2010\" data-end=\"2109\">aspecto de pe\u00e7a desenvolvida especialmente para o ambiente, pr\u00f3ximo ao mobili\u00e1rio de marcenaria<\/strong>.<\/p>\n<p data-start=\"2112\" data-end=\"2258\">\u00c9 uma solu\u00e7\u00e3o especialmente interessante para salas executivas e projetos nos quais o mobili\u00e1rio tamb\u00e9m contribui para a identidade do escrit\u00f3rio.<\/p>\n<h2 data-section-id=\"1ufo6tg\" data-start=\"2260\" data-end=\"2318\">Mesa de reuni\u00e3o retangular, semi-oval, oval ou quadrada<\/h2>\n<p data-start=\"2320\" data-end=\"2488\">A Mesa de Reuni\u00e3o com Base Caixa pode ser solicitada em diferentes formatos e medidas, de acordo com as dimens\u00f5es da sala, o n\u00famero de usu\u00e1rios e a proposta do projeto:<\/p>\n<ul data-start=\"2490\" data-end=\"2558\">\n<li data-section-id=\"ndxg95\" data-start=\"2490\" data-end=\"2506\"><strong data-start=\"2492\" data-end=\"2506\">Retangular<\/strong><\/li>\n<li data-section-id=\"dnnfp9\" data-start=\"2507\" data-end=\"2532\"><strong data-start=\"2509\" data-end=\"2532\">Semi-oval tipo bote<\/strong><\/li>\n<li data-section-id=\"7mh4rg\" data-start=\"2533\" data-end=\"2543\"><strong data-start=\"2535\" data-end=\"2543\">Oval<\/strong><\/li>\n<li data-section-id=\"tut2qn\" data-start=\"2544\" data-end=\"2558\"><strong data-start=\"2546\" data-end=\"2558\">Quadrada<\/strong><\/li>\n<\/ul>\n<p data-start=\"2560\" data-end=\"2636\">As dimens\u00f5es e configura\u00e7\u00f5es podem ser definidas de acordo com cada projeto.<\/p>\n<h2 data-section-id=\"1ic4osh\" data-start=\"2638\" data-end=\"2695\">Acabamentos e conectividade para projetos corporativos<\/h2>\n<p data-start=\"2697\" data-end=\"2927\">Diferentes composi\u00e7\u00f5es de acabamentos permitem adequar a mesa \u00e0 identidade visual e ao padr\u00e3o definido para o escrit\u00f3rio, desde ambientes mais s\u00f3brios e institucionais at\u00e9 salas executivas de linguagem contempor\u00e2nea e sofisticada.<\/p>\n<p data-start=\"2929\" data-end=\"3137\">Quando necess\u00e1rio, a mesa tamb\u00e9m pode incorporar <strong data-start=\"2978\" data-end=\"3039\">recursos de conectividade e pontos de acesso para tomadas<\/strong>, atendendo salas utilizadas para reuni\u00f5es h\u00edbridas, notebooks, apresenta\u00e7\u00f5es e videoconfer\u00eancias.<\/p>\n<p data-start=\"3139\" data-end=\"3438\">A Mesa de Reuni\u00e3o com Base Caixa tamb\u00e9m pode dialogar com os demais elementos do projeto, como <strong data-start=\"3234\" data-end=\"3363\">mesas plataforma, esta\u00e7\u00f5es de trabalho, mesas de treinamento, mesas para gerentes e diretores, arm\u00e1rios, credenzas e cadeiras<\/strong>, criando uma composi\u00e7\u00e3o coerente entre os diferentes ambientes da empresa.<\/p>\n<h2 data-section-id=\"lxa3hl\" data-start=\"3440\" data-end=\"3483\">Para projetos de arquitetura corporativa<\/h2>\n<p data-start=\"3485\" data-end=\"3704\">A Loja do Centro trabalha com <strong data-start=\"3515\" data-end=\"3579\">projetos de arquitetura apresentados pelos pr\u00f3prios clientes<\/strong> e tamb\u00e9m atende <strong data-start=\"3596\" data-end=\"3703\">arquitetos e escrit\u00f3rios de arquitetura para o fornecimento do mobili\u00e1rio especificado em seus projetos<\/strong>.<\/p>\n<p data-start=\"3706\" data-end=\"3913\">A partir do layout e das especifica\u00e7\u00f5es, podemos elaborar uma proposta para a mesa de reuni\u00e3o e tamb\u00e9m para os demais ambientes do escrit\u00f3rio, respeitando a proposta est\u00e9tica e funcional definida no projeto.<\/p>\n<h3 data-section-id=\"biuxjp\" data-start=\"3915\" data-end=\"3964\">Consulte as possibilidades para o seu projeto<\/h3>\n<p data-start=\"3966\" data-end=\"4240\"><strong data-start=\"3966\" data-end=\"4011\">\u00c9 arquiteto ou escrit\u00f3rio de arquitetura?<\/strong> J\u00e1 mantemos parcerias com profissionais e escrit\u00f3rios para o fornecimento de mobili\u00e1rio corporativo e estamos sempre abertos a <strong data-start=\"4139\" data-end=\"4158\">novas parcerias<\/strong>. Envie-nos o layout e as especifica\u00e7\u00f5es do projeto para elaborarmos uma proposta.<\/p>\n<p data-start=\"4242\" data-end=\"4480\"><strong data-start=\"4242\" data-end=\"4279\">Sua empresa j\u00e1 possui um projeto?<\/strong> Agende uma <strong data-start=\"4291\" data-end=\"4315\">consultoria gratuita<\/strong> conosco. Ajudamos sua equipe a escolher, entre as solu\u00e7\u00f5es que comercializamos, o mobili\u00e1rio mais adequado ao layout, \u00e0s necessidades de uso e ao padr\u00e3o do projeto.<\/p>\n<p>Conhe\u00e7a algumas de nossas <a href=\"https:\/\/lojadocentro.com.br\/moveis\/cadeira-presidente\/\">cadeiras e poltronas<\/a> para compor com sua mesa de reuni\u00e3o.<\/p>\n<p data-start=\"4242\" data-end=\"4480\"><img fetchpriority=\"high\" decoding=\"async\" class=\"alignnone  wp-image-62355\" src=\"https:\/\/lojadocentro.com.br\/moveis\/wp-content\/uploads\/2026\/09\/mesa-de-reuniao-com-base-caixa-1024x633.jpg\" alt=\"Mesa de Reuni\u00e3o com P\u00e9 Caixa, em SP\" width=\"751\" height=\"464\" srcset=\"https:\/\/lojadocentro.com.br\/moveis\/wp-content\/uploads\/2026\/09\/mesa-de-reuniao-com-base-caixa-1024x633.jpg 1024w, https:\/\/lojadocentro.com.br\/moveis\/wp-content\/uploads\/2026\/09\/mesa-de-reuniao-com-base-caixa-300x185.jpg 300w, https:\/\/lojadocentro.com.br\/moveis\/wp-content\/uploads\/2026\/09\/mesa-de-reuniao-com-base-caixa-200x124.jpg 200w, https:\/\/lojadocentro.com.br\/moveis\/wp-content\/uploads\/2026\/09\/mesa-de-reuniao-com-base-caixa-768x474.jpg 768w, https:\/\/lojadocentro.com.br\/moveis\/wp-content\/uploads\/2026\/09\/mesa-de-reuniao-com-base-caixa.jpg 1083w\" sizes=\"(max-width: 751px) 100vw, 751px\" \/><\/p>\n<p data-start=\"4242\" data-end=\"4480\"><img decoding=\"async\" class=\"alignnone wp-image-62356\" src=\"https:\/\/lojadocentro.com.br\/moveis\/wp-content\/uploads\/2026\/09\/mesas-de-reuniao-retangulares-1024x771.jpg\" alt=\"Mesa de Reuni\u00e3o Retangular com base caixa\" width=\"753\" height=\"567\" srcset=\"https:\/\/lojadocentro.com.br\/moveis\/wp-content\/uploads\/2026\/09\/mesas-de-reuniao-retangulares-1024x771.jpg 1024w, https:\/\/lojadocentro.com.br\/moveis\/wp-content\/uploads\/2026\/09\/mesas-de-reuniao-retangulares-300x226.jpg 300w, https:\/\/lojadocentro.com.br\/moveis\/wp-content\/uploads\/2026\/09\/mesas-de-reuniao-retangulares-200x151.jpg 200w, https:\/\/lojadocentro.com.br\/moveis\/wp-content\/uploads\/2026\/09\/mesas-de-reuniao-retangulares-768x579.jpg 768w, https:\/\/lojadocentro.com.br\/moveis\/wp-content\/uploads\/2026\/09\/mesas-de-reuniao-retangulares.jpg 1107w\" sizes=\"(max-width: 753px) 100vw, 753px\" \/><\/p>\n<p data-start=\"4242\" data-end=\"4480\"><img decoding=\"async\" class=\"alignnone size-full wp-image-62359\" src=\"https:\/\/lojadocentro.com.br\/moveis\/wp-content\/uploads\/2026\/09\/mesa-de-reuniao-quadrada.jpg\" alt=\"Mesas de reuni\u00e3o com base caixa\" width=\"542\" height=\"582\" srcset=\"https:\/\/lojadocentro.com.br\/moveis\/wp-content\/uploads\/2026\/09\/mesa-de-reuniao-quadrada.jpg 542w, https:\/\/lojadocentro.com.br\/moveis\/wp-content\/uploads\/2026\/09\/mesa-de-reuniao-quadrada-279x300.jpg 279w, https:\/\/lojadocentro.com.br\/moveis\/wp-content\/uploads\/2026\/09\/mesa-de-reuniao-quadrada-186x200.jpg 186w\" sizes=\"(max-width: 542px) 100vw, 542px\" \/><\/p>\n<p data-start=\"4242\" data-end=\"4480\"><img loading=\"lazy\" decoding=\"async\" class=\"alignnone wp-image-62358\" src=\"https:\/\/lojadocentro.com.br\/moveis\/wp-content\/uploads\/2026\/09\/mesa-de-reuniao-semi-oval.jpg\" alt=\"Mesa de Reuni\u00e3o com base tipo caixa\" width=\"752\" height=\"855\" srcset=\"https:\/\/lojadocentro.com.br\/moveis\/wp-content\/uploads\/2026\/09\/mesa-de-reuniao-semi-oval.jpg 742w, https:\/\/lojadocentro.com.br\/moveis\/wp-content\/uploads\/2026\/09\/mesa-de-reuniao-semi-oval-264x300.jpg 264w, https:\/\/lojadocentro.com.br\/moveis\/wp-content\/uploads\/2026\/09\/mesa-de-reuniao-semi-oval-176x200.jpg 176w\" sizes=\"(max-width: 752px) 100vw, 752px\" \/><\/p>\n<p data-start=\"4242\" data-end=\"4480\"><img loading=\"lazy\" decoding=\"async\" class=\"alignnone wp-image-62357\" src=\"https:\/\/lojadocentro.com.br\/moveis\/wp-content\/uploads\/2026\/09\/mesas-de-reuniao-oval-com-pe-caixa.jpg\" alt=\"Mesa de reuni\u00e3o com p\u00e9 caixa\" width=\"752\" height=\"807\" srcset=\"https:\/\/lojadocentro.com.br\/moveis\/wp-content\/uploads\/2026\/09\/mesas-de-reuniao-oval-com-pe-caixa.jpg 786w, https:\/\/lojadocentro.com.br\/moveis\/wp-content\/uploads\/2026\/09\/mesas-de-reuniao-oval-com-pe-caixa-280x300.jpg 280w, https:\/\/lojadocentro.com.br\/moveis\/wp-content\/uploads\/2026\/09\/mesas-de-reuniao-oval-com-pe-caixa-186x200.jpg 186w, https:\/\/lojadocentro.com.br\/moveis\/wp-content\/uploads\/2026\/09\/mesas-de-reuniao-oval-com-pe-caixa-768x824.jpg 768w\" sizes=\"(max-width: 752px) 100vw, 752px\" \/><\/p>\n<p data-start=\"4242\" data-end=\"4480\"><img loading=\"lazy\" decoding=\"async\" class=\"alignnone wp-image-62360\" src=\"https:\/\/lojadocentro.com.br\/moveis\/wp-content\/uploads\/2026\/09\/mdp-melaminas-1024x769.jpg\" alt=\"Cores\" width=\"750\" height=\"563\" srcset=\"https:\/\/lojadocentro.com.br\/moveis\/wp-content\/uploads\/2026\/09\/mdp-melaminas-1024x769.jpg 1024w, https:\/\/lojadocentro.com.br\/moveis\/wp-content\/uploads\/2026\/09\/mdp-melaminas-300x225.jpg 300w, https:\/\/lojadocentro.com.br\/moveis\/wp-content\/uploads\/2026\/09\/mdp-melaminas-200x150.jpg 200w, https:\/\/lojadocentro.com.br\/moveis\/wp-content\/uploads\/2026\/09\/mdp-melaminas-768x577.jpg 768w, https:\/\/lojadocentro.com.br\/moveis\/wp-content\/uploads\/2026\/09\/mdp-melaminas.jpg 1087w\" sizes=\"(max-width: 750px) 100vw, 750px\" \/><\/p>\n<p data-start=\"4242\" data-end=\"4480\"><img loading=\"lazy\" decoding=\"async\" class=\"alignnone wp-image-62361\" src=\"https:\/\/lojadocentro.com.br\/moveis\/wp-content\/uploads\/2026\/09\/acabamentos-metalicos-1024x422.jpg\" alt=\"\" width=\"748\" height=\"308\" srcset=\"https:\/\/lojadocentro.com.br\/moveis\/wp-content\/uploads\/2026\/09\/acabamentos-metalicos-1024x422.jpg 1024w, https:\/\/lojadocentro.com.br\/moveis\/wp-content\/uploads\/2026\/09\/acabamentos-metalicos-300x124.jpg 300w, https:\/\/lojadocentro.com.br\/moveis\/wp-content\/uploads\/2026\/09\/acabamentos-metalicos-200x83.jpg 200w, https:\/\/lojadocentro.com.br\/moveis\/wp-content\/uploads\/2026\/09\/acabamentos-metalicos-768x317.jpg 768w, https:\/\/lojadocentro.com.br\/moveis\/wp-content\/uploads\/2026\/09\/acabamentos-metalicos.jpg 1120w\" sizes=\"(max-width: 748px) 100vw, 748px\" \/><\/p>\n<blockquote data-start=\"3368\" data-end=\"3814\">\n<p data-start=\"3370\" data-end=\"3814\">\n<\/blockquote>\n","protected":false},"excerpt":{"rendered":"<p>Mesa de Reuni\u00e3o com Base Caixa para Escrit\u00f3rios Corporativos Design arquitet\u00f4nico, presen\u00e7a marcante e diferentes configura\u00e7\u00f5es para salas de reuni\u00e3o de alto padr\u00e3o A Mesa de Reuni\u00e3o com Base Caixa \u00e9 uma solu\u00e7\u00e3o desenvolvida para projetos corporativos que exigem mais do que funcionalidade. Com desenho contempor\u00e2neo, propor\u00e7\u00f5es equilibradas e uma base de presen\u00e7a marcante, o [&hellip;]<\/p>\n","protected":false},"author":2,"featured_media":62363,"comment_status":"open","ping_status":"open","sticky":false,"template":"","format":"standard","meta":{"_exactmetrics_skip_tracking":false,"site-sidebar-layout":"default","site-content-layout":"","ast-site-content-layout":"default","site-content-style":"default","site-sidebar-style":"default","ast-global-header-display":"","ast-banner-title-visibility":"","ast-main-header-display":"","ast-hfb-above-header-display":"","ast-hfb-below-header-display":"","ast-hfb-mobile-header-display":"","site-post-title":"","ast-breadcrumbs-content":"","ast-featured-img":"","footer-sml-layout":"","theme-transparent-header-meta":"default","adv-header-id-meta":"","stick-header-meta":"default","header-above-stick-meta":"","header-main-stick-meta":"","header-below-stick-meta":"","astra-migrate-meta-layouts":"set","ast-page-background-enabled":"default","ast-page-background-meta":{"desktop":{"background-color":"var(--ast-global-color-4)","background-image":"","background-repeat":"repeat","background-position":"center center","background-size":"auto","background-attachment":"scroll","background-type":"","background-media":"","overlay-type":"","overlay-color":"","overlay-opacity":"","overlay-gradient":""},"tablet":{"background-color":"","background-image":"","background-repeat":"repeat","background-position":"center center","background-size":"auto","background-attachment":"scroll","background-type":"","background-media":"","overlay-type":"","overlay-color":"","overlay-opacity":"","overlay-gradient":""},"mobile":{"background-color":"","background-image":"","background-repeat":"repeat","background-position":"center center","background-size":"auto","background-attachment":"scroll","background-type":"","background-media":"","overlay-type":"","overlay-color":"","overlay-opacity":"","overlay-gradient":""}},"ast-content-background-meta":{"desktop":{"background-color":"var(--ast-global-color-5)","background-image":"","background-repeat":"repeat","background-position":"center center","background-size":"auto","background-attachment":"scroll","background-type":"","background-media":"","overlay-type":"","overlay-color":"","overlay-opacity":"","overlay-gradient":""},"tablet":{"background-color":"var(--ast-global-color-5)","background-image":"","background-repeat":"repeat","background-position":"center center","background-size":"auto","background-attachment":"scroll","background-type":"","background-media":"","overlay-type":"","overlay-color":"","overlay-opacity":"","overlay-gradient":""},"mobile":{"background-color":"var(--ast-global-color-5)","background-image":"","background-repeat":"repeat","background-position":"center center","background-size":"auto","background-attachment":"scroll","background-type":"","background-media":"","overlay-type":"","overlay-color":"","overlay-opacity":"","overlay-gradient":""}},"footnotes":""},"categories":[81],"tags":[528],"segmentos":[265,267],"class_list":["post-62354","post","type-post","status-publish","format-standard","has-post-thumbnail","hentry","category-mesas-para-reuniao","tag-fortline","segmentos-moveis-para-advogados","segmentos-moveis-para-coworking"],"yoast_head":"<!-- This site is optimized with the Yoast SEO plugin v28.2 - https:\/\/yoast.com\/product\/yoast-seo-wordpress\/ -->\n<title>Mesa de Reuni\u00e3o com Base Caixa | Escrit\u00f3rios Corporativos<\/title>\n<meta name=\"description\" content=\"Mesa de Reuni\u00e3o com base caixa para projetos corporativos. Modelos retangulares, ovais, semi-ovais e quadrados. V\u00e1rias medidas e acabamentos.\" \/>\n<meta name=\"robots\" content=\"index, follow, max-snippet:-1, max-image-preview:large, max-video-preview:-1\" \/>\n<link rel=\"canonical\" href=\"https:\/\/lojadocentro.com.br\/moveis\/mesas-para-escritorio\/mesas-para-reuniao\/mesa-de-reuniao-com-base-caixa\/\" \/>\n<meta property=\"og:locale\" content=\"pt_BR\" \/>\n<meta property=\"og:type\" content=\"article\" \/>\n<meta property=\"og:title\" content=\"Mesa de Reuni\u00e3o com Base Caixa | Escrit\u00f3rios Corporativos\" \/>\n<meta property=\"og:description\" content=\"Mesa de Reuni\u00e3o com base caixa para projetos corporativos. Modelos retangulares, ovais, semi-ovais e quadrados. V\u00e1rias medidas e acabamentos.\" \/>\n<meta property=\"og:url\" content=\"https:\/\/lojadocentro.com.br\/moveis\/mesas-para-escritorio\/mesas-para-reuniao\/mesa-de-reuniao-com-base-caixa\/\" \/>\n<meta property=\"og:site_name\" content=\"M\u00f3veis para Escrit\u00f3rio - Loja do Centro\" \/>\n<meta property=\"article:published_time\" content=\"2026-09-02T18:07:39+00:00\" \/>\n<meta property=\"article:modified_time\" content=\"2026-09-02T18:23:06+00:00\" \/>\n<meta property=\"og:image\" content=\"https:\/\/lojadocentro.com.br\/moveis\/wp-content\/uploads\/2026\/09\/mesa-de-reuniao-base-caixa-e-cadeiras.jpg\" \/>\n\t<meta property=\"og:image:width\" content=\"944\" \/>\n\t<meta property=\"og:image:height\" content=\"1118\" \/>\n\t<meta property=\"og:image:type\" content=\"image\/jpeg\" \/>\n<meta name=\"author\" content=\"Ana\" \/>\n<meta name=\"twitter:card\" content=\"summary_large_image\" \/>\n<meta name=\"twitter:label1\" content=\"Escrito por\" \/>\n\t<meta name=\"twitter:data1\" content=\"Ana\" \/>\n\t<meta name=\"twitter:label2\" content=\"Est. tempo de leitura\" \/>\n\t<meta name=\"twitter:data2\" content=\"5 minutos\" \/>\n<script type=\"application\/ld+json\" class=\"yoast-schema-graph\">{\"@context\":\"https:\\\/\\\/schema.org\",\"@graph\":[{\"@type\":\"Article\",\"@id\":\"https:\\\/\\\/lojadocentro.com.br\\\/moveis\\\/mesas-para-escritorio\\\/mesas-para-reuniao\\\/mesa-de-reuniao-com-base-caixa\\\/#article\",\"isPartOf\":{\"@id\":\"https:\\\/\\\/lojadocentro.com.br\\\/moveis\\\/mesas-para-escritorio\\\/mesas-para-reuniao\\\/mesa-de-reuniao-com-base-caixa\\\/\"},\"author\":{\"name\":\"Ana\",\"@id\":\"https:\\\/\\\/lojadocentro.com.br\\\/moveis\\\/#\\\/schema\\\/person\\\/d1d93a97964ef2dcfb9cb8d5db75d0f9\"},\"headline\":\"Mesa de Reuni\u00e3o com Base Caixa\",\"datePublished\":\"2026-09-02T18:07:39+00:00\",\"dateModified\":\"2026-09-02T18:23:06+00:00\",\"mainEntityOfPage\":{\"@id\":\"https:\\\/\\\/lojadocentro.com.br\\\/moveis\\\/mesas-para-escritorio\\\/mesas-para-reuniao\\\/mesa-de-reuniao-com-base-caixa\\\/\"},\"wordCount\":608,\"commentCount\":0,\"publisher\":{\"@id\":\"https:\\\/\\\/lojadocentro.com.br\\\/moveis\\\/#organization\"},\"image\":{\"@id\":\"https:\\\/\\\/lojadocentro.com.br\\\/moveis\\\/mesas-para-escritorio\\\/mesas-para-reuniao\\\/mesa-de-reuniao-com-base-caixa\\\/#primaryimage\"},\"thumbnailUrl\":\"https:\\\/\\\/lojadocentro.com.br\\\/moveis\\\/wp-content\\\/uploads\\\/2026\\\/09\\\/mesa-de-reuniao-base-caixa-e-cadeiras.jpg\",\"keywords\":[\"Fortline\"],\"articleSection\":[\"Mesas Para Reuni\u00e3o\"],\"inLanguage\":\"pt-BR\",\"potentialAction\":[{\"@type\":\"CommentAction\",\"name\":\"Comment\",\"target\":[\"https:\\\/\\\/lojadocentro.com.br\\\/moveis\\\/mesas-para-escritorio\\\/mesas-para-reuniao\\\/mesa-de-reuniao-com-base-caixa\\\/#respond\"]}]},{\"@type\":\"WebPage\",\"@id\":\"https:\\\/\\\/lojadocentro.com.br\\\/moveis\\\/mesas-para-escritorio\\\/mesas-para-reuniao\\\/mesa-de-reuniao-com-base-caixa\\\/\",\"url\":\"https:\\\/\\\/lojadocentro.com.br\\\/moveis\\\/mesas-para-escritorio\\\/mesas-para-reuniao\\\/mesa-de-reuniao-com-base-caixa\\\/\",\"name\":\"Mesa de Reuni\u00e3o com Base Caixa | Escrit\u00f3rios Corporativos\",\"isPartOf\":{\"@id\":\"https:\\\/\\\/lojadocentro.com.br\\\/moveis\\\/#website\"},\"primaryImageOfPage\":{\"@id\":\"https:\\\/\\\/lojadocentro.com.br\\\/moveis\\\/mesas-para-escritorio\\\/mesas-para-reuniao\\\/mesa-de-reuniao-com-base-caixa\\\/#primaryimage\"},\"image\":{\"@id\":\"https:\\\/\\\/lojadocentro.com.br\\\/moveis\\\/mesas-para-escritorio\\\/mesas-para-reuniao\\\/mesa-de-reuniao-com-base-caixa\\\/#primaryimage\"},\"thumbnailUrl\":\"https:\\\/\\\/lojadocentro.com.br\\\/moveis\\\/wp-content\\\/uploads\\\/2026\\\/09\\\/mesa-de-reuniao-base-caixa-e-cadeiras.jpg\",\"datePublished\":\"2026-09-02T18:07:39+00:00\",\"dateModified\":\"2026-09-02T18:23:06+00:00\",\"description\":\"Mesa de Reuni\u00e3o com base caixa para projetos corporativos. Modelos retangulares, ovais, semi-ovais e quadrados. V\u00e1rias medidas e acabamentos.\",\"breadcrumb\":{\"@id\":\"https:\\\/\\\/lojadocentro.com.br\\\/moveis\\\/mesas-para-escritorio\\\/mesas-para-reuniao\\\/mesa-de-reuniao-com-base-caixa\\\/#breadcrumb\"},\"inLanguage\":\"pt-BR\",\"potentialAction\":[{\"@type\":\"ReadAction\",\"target\":[\"https:\\\/\\\/lojadocentro.com.br\\\/moveis\\\/mesas-para-escritorio\\\/mesas-para-reuniao\\\/mesa-de-reuniao-com-base-caixa\\\/\"]}]},{\"@type\":\"ImageObject\",\"inLanguage\":\"pt-BR\",\"@id\":\"https:\\\/\\\/lojadocentro.com.br\\\/moveis\\\/mesas-para-escritorio\\\/mesas-para-reuniao\\\/mesa-de-reuniao-com-base-caixa\\\/#primaryimage\",\"url\":\"https:\\\/\\\/lojadocentro.com.br\\\/moveis\\\/wp-content\\\/uploads\\\/2026\\\/09\\\/mesa-de-reuniao-base-caixa-e-cadeiras.jpg\",\"contentUrl\":\"https:\\\/\\\/lojadocentro.com.br\\\/moveis\\\/wp-content\\\/uploads\\\/2026\\\/09\\\/mesa-de-reuniao-base-caixa-e-cadeiras.jpg\",\"width\":944,\"height\":1118,\"caption\":\"Mesa de Reuni\u00e3o com Base Caixa e Cadeiras\"},{\"@type\":\"BreadcrumbList\",\"@id\":\"https:\\\/\\\/lojadocentro.com.br\\\/moveis\\\/mesas-para-escritorio\\\/mesas-para-reuniao\\\/mesa-de-reuniao-com-base-caixa\\\/#breadcrumb\",\"itemListElement\":[{\"@type\":\"ListItem\",\"position\":1,\"name\":\"In\u00edcio\",\"item\":\"https:\\\/\\\/lojadocentro.com.br\\\/moveis\\\/\"},{\"@type\":\"ListItem\",\"position\":2,\"name\":\"Mesa de Reuni\u00e3o com Base Caixa\"}]},{\"@type\":\"WebSite\",\"@id\":\"https:\\\/\\\/lojadocentro.com.br\\\/moveis\\\/#website\",\"url\":\"https:\\\/\\\/lojadocentro.com.br\\\/moveis\\\/\",\"name\":\"M\u00f3veis para Escrit\u00f3rio - Loja do Centro\",\"description\":\"Loja de M\u00f3veis para Escrit\u00f3rio\",\"publisher\":{\"@id\":\"https:\\\/\\\/lojadocentro.com.br\\\/moveis\\\/#organization\"},\"potentialAction\":[{\"@type\":\"SearchAction\",\"target\":{\"@type\":\"EntryPoint\",\"urlTemplate\":\"https:\\\/\\\/lojadocentro.com.br\\\/moveis\\\/?s={search_term_string}\"},\"query-input\":{\"@type\":\"PropertyValueSpecification\",\"valueRequired\":true,\"valueName\":\"search_term_string\"}}],\"inLanguage\":\"pt-BR\"},{\"@type\":\"Organization\",\"@id\":\"https:\\\/\\\/lojadocentro.com.br\\\/moveis\\\/#organization\",\"name\":\"M\u00f3veis para Escrit\u00f3rio Loja do Centro\",\"url\":\"https:\\\/\\\/lojadocentro.com.br\\\/moveis\\\/\",\"logo\":{\"@type\":\"ImageObject\",\"inLanguage\":\"pt-BR\",\"@id\":\"https:\\\/\\\/lojadocentro.com.br\\\/moveis\\\/#\\\/schema\\\/logo\\\/image\\\/\",\"url\":\"https:\\\/\\\/www.lojadocentro.com.br\\\/moveis\\\/wp-content\\\/uploads\\\/2015\\\/12\\\/moveis-para-escritorio-loja-do-centro-logo.jpg\",\"contentUrl\":\"https:\\\/\\\/www.lojadocentro.com.br\\\/moveis\\\/wp-content\\\/uploads\\\/2015\\\/12\\\/moveis-para-escritorio-loja-do-centro-logo.jpg\",\"width\":275,\"height\":120,\"caption\":\"M\u00f3veis para Escrit\u00f3rio Loja do Centro\"},\"image\":{\"@id\":\"https:\\\/\\\/lojadocentro.com.br\\\/moveis\\\/#\\\/schema\\\/logo\\\/image\\\/\"}},{\"@type\":\"Person\",\"@id\":\"https:\\\/\\\/lojadocentro.com.br\\\/moveis\\\/#\\\/schema\\\/person\\\/d1d93a97964ef2dcfb9cb8d5db75d0f9\",\"name\":\"Ana\",\"sameAs\":[\"http:\\\/\\\/www.lojadocentro.com.br\"]}]}<\/script>\n<!-- \/ Yoast SEO plugin. -->","yoast_head_json":{"title":"Mesa de Reuni\u00e3o com Base Caixa | Escrit\u00f3rios Corporativos","description":"Mesa de Reuni\u00e3o com base caixa para projetos corporativos. Modelos retangulares, ovais, semi-ovais e quadrados. V\u00e1rias medidas e acabamentos.","robots":{"index":"index","follow":"follow","max-snippet":"max-snippet:-1","max-image-preview":"max-image-preview:large","max-video-preview":"max-video-preview:-1"},"canonical":"https:\/\/lojadocentro.com.br\/moveis\/mesas-para-escritorio\/mesas-para-reuniao\/mesa-de-reuniao-com-base-caixa\/","og_locale":"pt_BR","og_type":"article","og_title":"Mesa de Reuni\u00e3o com Base Caixa | Escrit\u00f3rios Corporativos","og_description":"Mesa de Reuni\u00e3o com base caixa para projetos corporativos. Modelos retangulares, ovais, semi-ovais e quadrados. V\u00e1rias medidas e acabamentos.","og_url":"https:\/\/lojadocentro.com.br\/moveis\/mesas-para-escritorio\/mesas-para-reuniao\/mesa-de-reuniao-com-base-caixa\/","og_site_name":"M\u00f3veis para Escrit\u00f3rio - Loja do Centro","article_published_time":"2026-09-02T18:07:39+00:00","article_modified_time":"2026-09-02T18:23:06+00:00","og_image":[{"width":944,"height":1118,"url":"https:\/\/lojadocentro.com.br\/moveis\/wp-content\/uploads\/2026\/09\/mesa-de-reuniao-base-caixa-e-cadeiras.jpg","type":"image\/jpeg"}],"author":"Ana","twitter_card":"summary_large_image","twitter_misc":{"Escrito por":"Ana","Est. tempo de leitura":"5 minutos"},"schema":{"@context":"https:\/\/schema.org","@graph":[{"@type":"Article","@id":"https:\/\/lojadocentro.com.br\/moveis\/mesas-para-escritorio\/mesas-para-reuniao\/mesa-de-reuniao-com-base-caixa\/#article","isPartOf":{"@id":"https:\/\/lojadocentro.com.br\/moveis\/mesas-para-escritorio\/mesas-para-reuniao\/mesa-de-reuniao-com-base-caixa\/"},"author":{"name":"Ana","@id":"https:\/\/lojadocentro.com.br\/moveis\/#\/schema\/person\/d1d93a97964ef2dcfb9cb8d5db75d0f9"},"headline":"Mesa de Reuni\u00e3o com Base Caixa","datePublished":"2026-09-02T18:07:39+00:00","dateModified":"2026-09-02T18:23:06+00:00","mainEntityOfPage":{"@id":"https:\/\/lojadocentro.com.br\/moveis\/mesas-para-escritorio\/mesas-para-reuniao\/mesa-de-reuniao-com-base-caixa\/"},"wordCount":608,"commentCount":0,"publisher":{"@id":"https:\/\/lojadocentro.com.br\/moveis\/#organization"},"image":{"@id":"https:\/\/lojadocentro.com.br\/moveis\/mesas-para-escritorio\/mesas-para-reuniao\/mesa-de-reuniao-com-base-caixa\/#primaryimage"},"thumbnailUrl":"https:\/\/lojadocentro.com.br\/moveis\/wp-content\/uploads\/2026\/09\/mesa-de-reuniao-base-caixa-e-cadeiras.jpg","keywords":["Fortline"],"articleSection":["Mesas Para Reuni\u00e3o"],"inLanguage":"pt-BR","potentialAction":[{"@type":"CommentAction","name":"Comment","target":["https:\/\/lojadocentro.com.br\/moveis\/mesas-para-escritorio\/mesas-para-reuniao\/mesa-de-reuniao-com-base-caixa\/#respond"]}]},{"@type":"WebPage","@id":"https:\/\/lojadocentro.com.br\/moveis\/mesas-para-escritorio\/mesas-para-reuniao\/mesa-de-reuniao-com-base-caixa\/","url":"https:\/\/lojadocentro.com.br\/moveis\/mesas-para-escritorio\/mesas-para-reuniao\/mesa-de-reuniao-com-base-caixa\/","name":"Mesa de Reuni\u00e3o com Base Caixa | Escrit\u00f3rios Corporativos","isPartOf":{"@id":"https:\/\/lojadocentro.com.br\/moveis\/#website"},"primaryImageOfPage":{"@id":"https:\/\/lojadocentro.com.br\/moveis\/mesas-para-escritorio\/mesas-para-reuniao\/mesa-de-reuniao-com-base-caixa\/#primaryimage"},"image":{"@id":"https:\/\/lojadocentro.com.br\/moveis\/mesas-para-escritorio\/mesas-para-reuniao\/mesa-de-reuniao-com-base-caixa\/#primaryimage"},"thumbnailUrl":"https:\/\/lojadocentro.com.br\/moveis\/wp-content\/uploads\/2026\/09\/mesa-de-reuniao-base-caixa-e-cadeiras.jpg","datePublished":"2026-09-02T18:07:39+00:00","dateModified":"2026-09-02T18:23:06+00:00","description":"Mesa de Reuni\u00e3o com base caixa para projetos corporativos. Modelos retangulares, ovais, semi-ovais e quadrados. V\u00e1rias medidas e acabamentos.","breadcrumb":{"@id":"https:\/\/lojadocentro.com.br\/moveis\/mesas-para-escritorio\/mesas-para-reuniao\/mesa-de-reuniao-com-base-caixa\/#breadcrumb"},"inLanguage":"pt-BR","potentialAction":[{"@type":"ReadAction","target":["https:\/\/lojadocentro.com.br\/moveis\/mesas-para-escritorio\/mesas-para-reuniao\/mesa-de-reuniao-com-base-caixa\/"]}]},{"@type":"ImageObject","inLanguage":"pt-BR","@id":"https:\/\/lojadocentro.com.br\/moveis\/mesas-para-escritorio\/mesas-para-reuniao\/mesa-de-reuniao-com-base-caixa\/#primaryimage","url":"https:\/\/lojadocentro.com.br\/moveis\/wp-content\/uploads\/2026\/09\/mesa-de-reuniao-base-caixa-e-cadeiras.jpg","contentUrl":"https:\/\/lojadocentro.com.br\/moveis\/wp-content\/uploads\/2026\/09\/mesa-de-reuniao-base-caixa-e-cadeiras.jpg","width":944,"height":1118,"caption":"Mesa de Reuni\u00e3o com Base Caixa e Cadeiras"},{"@type":"BreadcrumbList","@id":"https:\/\/lojadocentro.com.br\/moveis\/mesas-para-escritorio\/mesas-para-reuniao\/mesa-de-reuniao-com-base-caixa\/#breadcrumb","itemListElement":[{"@type":"ListItem","position":1,"name":"In\u00edcio","item":"https:\/\/lojadocentro.com.br\/moveis\/"},{"@type":"ListItem","position":2,"name":"Mesa de Reuni\u00e3o com Base Caixa"}]},{"@type":"WebSite","@id":"https:\/\/lojadocentro.com.br\/moveis\/#website","url":"https:\/\/lojadocentro.com.br\/moveis\/","name":"M\u00f3veis para Escrit\u00f3rio - Loja do Centro","description":"Loja de M\u00f3veis para Escrit\u00f3rio","publisher":{"@id":"https:\/\/lojadocentro.com.br\/moveis\/#organization"},"potentialAction":[{"@type":"SearchAction","target":{"@type":"EntryPoint","urlTemplate":"https:\/\/lojadocentro.com.br\/moveis\/?s={search_term_string}"},"query-input":{"@type":"PropertyValueSpecification","valueRequired":true,"valueName":"search_term_string"}}],"inLanguage":"pt-BR"},{"@type":"Organization","@id":"https:\/\/lojadocentro.com.br\/moveis\/#organization","name":"M\u00f3veis para Escrit\u00f3rio Loja do Centro","url":"https:\/\/lojadocentro.com.br\/moveis\/","logo":{"@type":"ImageObject","inLanguage":"pt-BR","@id":"https:\/\/lojadocentro.com.br\/moveis\/#\/schema\/logo\/image\/","url":"https:\/\/www.lojadocentro.com.br\/moveis\/wp-content\/uploads\/2015\/12\/moveis-para-escritorio-loja-do-centro-logo.jpg","contentUrl":"https:\/\/www.lojadocentro.com.br\/moveis\/wp-content\/uploads\/2015\/12\/moveis-para-escritorio-loja-do-centro-logo.jpg","width":275,"height":120,"caption":"M\u00f3veis para Escrit\u00f3rio Loja do Centro"},"image":{"@id":"https:\/\/lojadocentro.com.br\/moveis\/#\/schema\/logo\/image\/"}},{"@type":"Person","@id":"https:\/\/lojadocentro.com.br\/moveis\/#\/schema\/person\/d1d93a97964ef2dcfb9cb8d5db75d0f9","name":"Ana","sameAs":["http:\/\/www.lojadocentro.com.br"]}]}},"_links":{"self":[{"href":"https:\/\/lojadocentro.com.br\/moveis\/wp-json\/wp\/v2\/posts\/62354","targetHints":{"allow":["GET"]}}],"collection":[{"href":"https:\/\/lojadocentro.com.br\/moveis\/wp-json\/wp\/v2\/posts"}],"about":[{"href":"https:\/\/lojadocentro.com.br\/moveis\/wp-json\/wp\/v2\/types\/post"}],"author":[{"embeddable":true,"href":"https:\/\/lojadocentro.com.br\/moveis\/wp-json\/wp\/v2\/users\/2"}],"replies":[{"embeddable":true,"href":"https:\/\/lojadocentro.com.br\/moveis\/wp-json\/wp\/v2\/comments?post=62354"}],"version-history":[{"count":4,"href":"https:\/\/lojadocentro.com.br\/moveis\/wp-json\/wp\/v2\/posts\/62354\/revisions"}],"predecessor-version":[{"id":62366,"href":"https:\/\/lojadocentro.com.br\/moveis\/wp-json\/wp\/v2\/posts\/62354\/revisions\/62366"}],"wp:featuredmedia":[{"embeddable":true,"href":"https:\/\/lojadocentro.com.br\/moveis\/wp-json\/wp\/v2\/media\/62363"}],"wp:attachment":[{"href":"https:\/\/lojadocentro.com.br\/moveis\/wp-json\/wp\/v2\/media?parent=62354"}],"wp:term":[{"taxonomy":"category","embeddable":true,"href":"https:\/\/lojadocentro.com.br\/moveis\/wp-json\/wp\/v2\/categories?post=62354"},{"taxonomy":"post_tag","embeddable":true,"href":"https:\/\/lojadocentro.com.br\/moveis\/wp-json\/wp\/v2\/tags?post=62354"},{"taxonomy":"segmentos","embeddable":true,"href":"https:\/\/lojadocentro.com.br\/moveis\/wp-json\/wp\/v2\/segmentos?post=62354"}],"curies":[{"name":"wp","href":"https:\/\/api.w.org\/{rel}","templated":true}]}}